{"id":2950,"date":"2025-07-11T21:53:55","date_gmt":"2025-07-11T19:53:55","guid":{"rendered":"https:\/\/hirekegyhelyen.live\/24infok\/?p=2950"},"modified":"2025-07-11T21:53:55","modified_gmt":"2025-07-11T19:53:55","slug":"gyaszhir-lukacs-miki-elvesztette","status":"publish","type":"post","link":"https:\/\/hirekegyhelyen.live\/24infok\/?p=2950","title":{"rendered":"Gy\u00e1szh\u00edr! Luk\u00e1cs Miki elvesztette"},"content":{"rendered":"<h3>Miki mindig is m\u00e9ly szeretettel viseltetett az \u00e1llatok ir\u00e1nt. Gyerekkor\u00e1t\u00f3l kezdve elk\u00e9pzelhetetlen volt sz\u00e1m\u00e1ra az \u00e9let n\u00e9gyl\u00e1b\u00fa bar\u00e1tok n\u00e9lk\u00fcl \u2013 ahogy \u0151 mondja, \u0151k azok, akik minden sz\u00f3 n\u00e9lk\u00fcl is tudj\u00e1k, mikor van sz\u00fcks\u00e9g egy \u00f6lel\u00e9sre. B\u00e1r most az egyik legnehezebb id\u0151szak\u00e1t \u00e9li, egyvalami biztos: az \u00e1llatokhoz f\u0171z\u0151d\u0151 k\u00f6t\u0151d\u00e9se, h\u0171s\u00e9ge \u00e9s szeretete tov\u00e1bbra is meghat\u00e1rozza, ki is \u0151 val\u00f3j\u00e1ban.<\/h3>\n<p>VIA IG<\/p>\n<p>&#8211;<\/p>\n<p>A Renault Clio Sport Tourer a Clio szupermini praktikus kombi v\u00e1ltozata. 217 mm-rel hosszabb, mint az alapmodell, \u00e9s ez a plusz hossz mind a h\u00e1ts\u00f3 ker\u00e9k\u00edvek m\u00f6g\u00e9 ker\u00fclt, \u00edgy j\u00f6tt l\u00e9tre a 439 literes csomagtart\u00f3 \u2013 ez 151 literrel nagyobb, mint az \u00f6tajt\u00f3s v\u00e1ltozat\u00e9. Ha lehajtjuk a h\u00e1ts\u00f3 \u00fcl\u00e9seket, a csomagt\u00e9r 1 277 literre n\u0151, ami nagyobb, mint a SEAT Ibiza ST-\u00e9, de t\u00f6bb mint 200 literrel elmarad a Skoda Fabia Combi m\u00f6g\u00f6tt. A Skod\u00e1val ellent\u00e9tben a Renault a Sport Tourert csak korl\u00e1tozott felszerelts\u00e9gi szintekkel \u00e9s motorv\u00e1laszt\u00e9kkal k\u00edn\u00e1lja. M\u00e9g az alapmodellek is kiel\u00e9g\u00edt\u0151 felszerelts\u00e9ggel rendelkeznek, m\u00edg a cs\u00facsfelszerelts\u00e9g\u0171 GT Line TomTom v\u00e1ltozatok kifejezetten luxus\u00e9rzetet ny\u00fajtanak. Az \u00e1rak 13 000 \u00e9s 17 000 font k\u00f6z\u00f6tt mozognak, \u00edgy a Clio Sport Tourer m\u00e1r a kis csal\u00e1di ferdeh\u00e1t\u00fa kateg\u00f3ria ter\u00fclet\u00e9re mer\u00e9szkedik.<br \/>\nA Renault Clio Sport Tourer \u00e9ppolyan \u00e9lvezetes vezetni, mint az \u00f6tajt\u00f3s v\u00e1ltozatot. A korm\u00e1ny k\u00f6nny\u0171 \u00e9s pontos, a fut\u00f3m\u0171 pedig elnyeli az \u00fathib\u00e1k nagy r\u00e9sz\u00e9t. N\u00e9gyf\u00e9le motor k\u00f6z\u00fcl lehet v\u00e1lasztani: egy 1,2-es benzinest, egy 1,2 TCe turb\u00f3s benzinest, egy csak automata v\u00e1lt\u00f3val el\u00e9rhet\u0151 1,6-os benzinest \u00e9s egy 1,5 dCi 88 l\u00f3er\u0151s d\u00edzelt. A turb\u00f3s benzinmotor \u00e9s a d\u00edzel elegend\u0151 von\u00f3er\u0151t biztos\u00edtanak, ha gyakran tervezed telepakolni a csomagtart\u00f3t.<\/p>\n<p>Fogyaszt\u00e1s, CO\u2082-kibocs\u00e1t\u00e1s \u00e9s fenntart\u00e1si k\u00f6lts\u00e9gek<br \/>\nA Clio Sport Tourer k\u00edn\u00e1lat\u00e1ban a legjobb v\u00e1laszt\u00e1s az 1,2 TCe turb\u00f3s benzinmotor. Megfelel\u0151 teljes\u00edtm\u00e9nyt ny\u00fajt, alacsonyabb a kibocs\u00e1t\u00e1sa \u00e9s jobb a fogyaszt\u00e1sa, mint a gyeng\u00e9bb 1,2-esnek, gazdas\u00e1goss\u00e1gban pedig alig marad el az 1,5-\u00f6s dCi d\u00edzelt\u0151l. R\u00e1ad\u00e1sul t\u00f6bb mint 1 000 fonttal olcs\u00f3bb, mint egy azonos felszerelts\u00e9g\u0171 d\u00edzelmodell. Az Expression+ modellek is megfelel\u0151en felszereltek, de mi ink\u00e1bb a Dynamique TomTom v\u00e1ltozatot aj\u00e1nljuk, mivel az m\u00e1r komolyabb alaptartoz\u00e9kokat k\u00edn\u00e1l. Ugyanakkor, mivel az \u00e1rak m\u00e1r a kis ferdeh\u00e1t\u00faak szegmens\u00e9t k\u00f6zel\u00edtik, \u00e9rdemes elgondolkodni azon, hogy val\u00f3ban jobban megfelel-e az ig\u00e9nyeidnek egy kombi szupermini.<\/p>\n","protected":false},"excerpt":{"rendered":"<p>Miki mindig is m\u00e9ly szeretettel viseltetett az \u00e1llatok ir\u00e1nt. Gyerekkor\u00e1t\u00f3l kezdve elk\u00e9pzelhetetlen volt sz\u00e1m\u00e1ra az \u00e9let n\u00e9gyl\u00e1b\u00fa bar\u00e1tok n\u00e9lk\u00fcl \u2013&#8230; <span class=\"gridview-grid-post-read-more\"><a href=\"https:\/\/hirekegyhelyen.live\/24infok\/?p=2950\">read more<span class=\"gridview-sr-only\"> Gy\u00e1szh\u00edr! Luk\u00e1cs Miki elvesztette<\/span><\/a><\/span><\/p>\n","protected":false},"author":1,"featured_media":2952,"comment_status":"open","ping_status":"open","sticky":false,"template":"","format":"standard","meta":{"footnotes":""},"categories":[1],"tags":[],"class_list":["post-2950","post","type-post","status-publish","format-standard","has-post-thumbnail","hentry","category-egyeb","wpcat-1-id"],"_links":{"self":[{"href":"https:\/\/hirekegyhelyen.live\/24infok\/index.php?rest_route=\/wp\/v2\/posts\/2950","targetHints":{"allow":["GET"]}}],"collection":[{"href":"https:\/\/hirekegyhelyen.live\/24infok\/index.php?rest_route=\/wp\/v2\/posts"}],"about":[{"href":"https:\/\/hirekegyhelyen.live\/24infok\/index.php?rest_route=\/wp\/v2\/types\/post"}],"author":[{"embeddable":true,"href":"https:\/\/hirekegyhelyen.live\/24infok\/index.php?rest_route=\/wp\/v2\/users\/1"}],"replies":[{"embeddable":true,"href":"https:\/\/hirekegyhelyen.live\/24infok\/index.php?rest_route=%2Fwp%2Fv2%2Fcomments&post=2950"}],"version-history":[{"count":1,"href":"https:\/\/hirekegyhelyen.live\/24infok\/index.php?rest_route=\/wp\/v2\/posts\/2950\/revisions"}],"predecessor-version":[{"id":2953,"href":"https:\/\/hirekegyhelyen.live\/24infok\/index.php?rest_route=\/wp\/v2\/posts\/2950\/revisions\/2953"}],"wp:featuredmedia":[{"embeddable":true,"href":"https:\/\/hirekegyhelyen.live\/24infok\/index.php?rest_route=\/wp\/v2\/media\/2952"}],"wp:attachment":[{"href":"https:\/\/hirekegyhelyen.live\/24infok\/index.php?rest_route=%2Fwp%2Fv2%2Fmedia&parent=2950"}],"wp:term":[{"taxonomy":"category","embeddable":true,"href":"https:\/\/hirekegyhelyen.live\/24infok\/index.php?rest_route=%2Fwp%2Fv2%2Fcategories&post=2950"},{"taxonomy":"post_tag","embeddable":true,"href":"https:\/\/hirekegyhelyen.live\/24infok\/index.php?rest_route=%2Fwp%2Fv2%2Ftags&post=2950"}],"curies":[{"name":"wp","href":"https:\/\/api.w.org\/{rel}","templated":true}]}}