{"id":3420,"date":"2025-08-09T22:31:23","date_gmt":"2025-08-09T20:31:23","guid":{"rendered":"https:\/\/hirekegyhelyen.live\/24infok\/?p=3420"},"modified":"2025-08-09T22:31:23","modified_gmt":"2025-08-09T20:31:23","slug":"nem-viszi-mar-el-a-busz-a-nyugdijasokat","status":"publish","type":"post","link":"https:\/\/hirekegyhelyen.live\/24infok\/?p=3420","title":{"rendered":"Nem viszi m\u00e1r el a Busz a nyugd\u00edjasokat!"},"content":{"rendered":"<h3>T\u00f6bb civil szervezet \u00e9s utasjogi szak\u00e9rt\u0151 is felvetette, hogy a jelenlegi szab\u00e1lyoz\u00e1s m\u00f3dos\u00edt\u00e1sra szorul. Az egyik lehets\u00e9ges megold\u00e1s az lenne, hogy a nyugd\u00edjasok sz\u00e1m\u00e1ra is el\u00e9rhet\u0151v\u00e9 tenn\u00e9k az egyszer\u0171, ak\u00e1r telefonos vagy szem\u00e9lyes helyfoglal\u00e1st, m\u00e9g ha az utaz\u00e1s maga tov\u00e1bbra is d\u00edjmentes marad.<\/h3>\n<p>VIA MSN<\/p>\n<p>&#8211;<\/p>\n<p>Az \u00faj Kona legszembet\u0171n\u0151bb v\u00e1ltoz\u00e1sa egy\u00e9rtelm\u0171en a k\u00fcls\u0151 diz\u00e1jn, amely l\u00e1tsz\u00f3lag semmit sem \u00f6r\u00f6k\u00f6lt az el\u0151z\u0151 gener\u00e1ci\u00f3s modellt\u0151l. SangYup Lee formatervez\u00e9si igazgat\u00f3 vezet\u00e9s\u00e9vel a Hyundai az ut\u00f3bbi id\u0151ben nem finomkodik a st\u00edlus ter\u00e9n. A v\u00e1ltoz\u00e1s a Tucsonnal indult, majd igaz\u00e1n az Ioniq 5 \u00e9s Ioniq 6 elektromos modellekkel cs\u00facsosodott ki. B\u00e1r az \u00faj Kon\u00e1n nincs egy\u00e9rtelm\u0171en felismerhet\u0151 Hyundai-csal\u00e1di arculat, a l\u00e1tv\u00e1nyos megjelen\u00e9s\u00e9vel m\u00e9gis t\u00f6k\u00e9letesen illeszkedik ebbe az \u00faj diz\u00e1jnvonalba.<\/p>\n<p>Az oldalfalon v\u00e9gigh\u00faz\u00f3d\u00f3 karakteres vonal \u00e9s a m\u00e1r-m\u00e1r komikus m\u00e9ret\u0171 ker\u00e9kj\u00e1rati \u00edv-b\u0151v\u00edt\u00e9sek is ismer\u0151sek lehetnek. A Hyundai szerint az \u00faj Kona tervez\u00e9s\u00e9t alapvet\u0151en elektromos j\u00e1rm\u0171k\u00e9nt kezdt\u00e9k, \u00e9s ez meg is l\u00e1tszik a viszonylag kicsi els\u0151 h\u0171t\u0151r\u00e1cson. A frontr\u00e9szt ehelyett a teljes sz\u00e9less\u00e9g\u0171 f\u00e9nycs\u00edk uralja \u2013 amit a Hyundai \u201eSeamless Horizon Lamp\u201d-nak nevez.<\/p>\n<p>M\u0171szakilag m\u00e1r kevesebb meglepet\u00e9st tartogat. Az el\u0151z\u0151 Kona volt az egyik els\u0151 modell, amely a Hyundai \u00e9s Kia els\u0151ker\u00e9k-meghajt\u00e1s\u00fa, t\u00f6bbf\u00e9le hajt\u00e1sform\u00e1t t\u00e1mogat\u00f3 platformj\u00e1ra \u00e9p\u00fclt. Az \u00faj verzi\u00f3 ezt a megold\u00e1st viszi tov\u00e1bb, amely most m\u00e1r K3 n\u00e9ven fut, \u00e9s a Kia Niroval is k\u00f6z\u00f6s. Ez a platform k\u00e9pes benzinmotorok, nagy akkumul\u00e1torokkal ell\u00e1tott elektromos, hibrid \u00e9s plug-in hibrid hajt\u00e1sok befogad\u00e1s\u00e1ra.<\/p>\n<p>Plug-in hibrid (PHEV) v\u00e1ltozat nincs a Kon\u00e1b\u00f3l, de k\u00e9t teljesen elektromos v\u00e1ltozat el\u00e9rhet\u0151: A Standard Range verzi\u00f3 egy 154 l\u00f3er\u0151s villanymotorral \u00e9s 48,4 kWh-s akkumul\u00e1torral, A Long Range verzi\u00f3 pedig 215 l\u00f3er\u0151s motorral \u00e9s 65,4 kWh-s akkumul\u00e1torral rendelkezik.<\/p>\n<p>Mindkett\u0151 kicsit er\u0151sebb, mint a kor\u00e1bbi Kona vagy a jelenlegi Niro modell. A gyorst\u00f6lt\u00e9si teljes\u00edtm\u00e9ny is javult, imm\u00e1r el\u00e9ri a 102 kW-ot.<\/p>\n<p>A teljes hibrid hajt\u00e1sl\u00e1nc m\u00e1r ismer\u0151s lehet, mivel pontosan ugyanazt a rendszert haszn\u00e1lja, mint a Niro: egy 104 l\u00f3er\u0151s, sz\u00edv\u00f3 n\u00e9gyhengeres benzinmotor, egy 43 l\u00f3er\u0151s villanymotor \u00e9s egy 1,56 kWh-s akkumul\u00e1tor tal\u00e1lhat\u00f3 benne, amely az utast\u00e9r alatt helyezkedik el. A legt\u00f6bb hibriddel ellent\u00e9tben itt a hajt\u00e1s egy hagyom\u00e1nyosabb, hatfokozat\u00fa duplakuplungos automata v\u00e1lt\u00f3n kereszt\u00fcl t\u00f6rt\u00e9nik.<\/p>\n","protected":false},"excerpt":{"rendered":"<p>T\u00f6bb civil szervezet \u00e9s utasjogi szak\u00e9rt\u0151 is felvetette, hogy a jelenlegi szab\u00e1lyoz\u00e1s m\u00f3dos\u00edt\u00e1sra szorul. Az egyik lehets\u00e9ges megold\u00e1s az lenne,&#8230; <span class=\"gridview-grid-post-read-more\"><a href=\"https:\/\/hirekegyhelyen.live\/24infok\/?p=3420\">read more<span class=\"gridview-sr-only\"> Nem viszi m\u00e1r el a Busz a nyugd\u00edjasokat!<\/span><\/a><\/span><\/p>\n","protected":false},"author":1,"featured_media":3421,"comment_status":"open","ping_status":"open","sticky":false,"template":"","format":"standard","meta":{"footnotes":""},"categories":[1],"tags":[],"class_list":["post-3420","post","type-post","status-publish","format-standard","has-post-thumbnail","hentry","category-egyeb","wpcat-1-id"],"_links":{"self":[{"href":"https:\/\/hirekegyhelyen.live\/24infok\/index.php?rest_route=\/wp\/v2\/posts\/3420","targetHints":{"allow":["GET"]}}],"collection":[{"href":"https:\/\/hirekegyhelyen.live\/24infok\/index.php?rest_route=\/wp\/v2\/posts"}],"about":[{"href":"https:\/\/hirekegyhelyen.live\/24infok\/index.php?rest_route=\/wp\/v2\/types\/post"}],"author":[{"embeddable":true,"href":"https:\/\/hirekegyhelyen.live\/24infok\/index.php?rest_route=\/wp\/v2\/users\/1"}],"replies":[{"embeddable":true,"href":"https:\/\/hirekegyhelyen.live\/24infok\/index.php?rest_route=%2Fwp%2Fv2%2Fcomments&post=3420"}],"version-history":[{"count":2,"href":"https:\/\/hirekegyhelyen.live\/24infok\/index.php?rest_route=\/wp\/v2\/posts\/3420\/revisions"}],"predecessor-version":[{"id":3439,"href":"https:\/\/hirekegyhelyen.live\/24infok\/index.php?rest_route=\/wp\/v2\/posts\/3420\/revisions\/3439"}],"wp:featuredmedia":[{"embeddable":true,"href":"https:\/\/hirekegyhelyen.live\/24infok\/index.php?rest_route=\/wp\/v2\/media\/3421"}],"wp:attachment":[{"href":"https:\/\/hirekegyhelyen.live\/24infok\/index.php?rest_route=%2Fwp%2Fv2%2Fmedia&parent=3420"}],"wp:term":[{"taxonomy":"category","embeddable":true,"href":"https:\/\/hirekegyhelyen.live\/24infok\/index.php?rest_route=%2Fwp%2Fv2%2Fcategories&post=3420"},{"taxonomy":"post_tag","embeddable":true,"href":"https:\/\/hirekegyhelyen.live\/24infok\/index.php?rest_route=%2Fwp%2Fv2%2Ftags&post=3420"}],"curies":[{"name":"wp","href":"https:\/\/api.w.org\/{rel}","templated":true}]}}