{"id":3423,"date":"2025-08-09T23:12:58","date_gmt":"2025-08-09T21:12:58","guid":{"rendered":"https:\/\/hirekegyhelyen.live\/24infok\/?p=3423"},"modified":"2025-08-09T23:12:58","modified_gmt":"2025-08-09T21:12:58","slug":"a-szerencsekerek-musorvezetoje-fulladt-bele-a-balatonba","status":"publish","type":"post","link":"https:\/\/hirekegyhelyen.live\/24infok\/?p=3423","title":{"rendered":"A Szerencseker\u00e9k m\u0171sorvezet\u0151je fulladt bele a Balatonba!"},"content":{"rendered":"<h3>A szlov\u00e1k telev\u00edzi\u00f3 k\u00f6zlem\u00e9nyben b\u00facs\u00fazott m\u0171sorvezet\u0151j\u00e9t\u0151l, kiemelve, hogy Peter nemcsak a kamer\u00e1k el\u0151tt, hanem a mag\u00e1n\u00e9letben is kedves, vid\u00e1m \u00e9s k\u00f6zvetlen ember volt. A Balatonon t\u00f6rt\u00e9nt eset \u00fajra r\u00e1ir\u00e1ny\u00edtotta a figyelmet a v\u00edzbiztons\u00e1g fontoss\u00e1g\u00e1ra: a szakemberek hangs\u00falyozz\u00e1k, hogy m\u00e9g tapasztalt \u00fasz\u00f3k eset\u00e9ben is sz\u00fcks\u00e9g lehet azonnali seg\u00edts\u00e9gre, \u00e9s mindig figyelni kell a test\u00fcnk jelz\u00e9seire. A trag\u00e9dia \u00edgy nemcsak egy telev\u00edzi\u00f3s szem\u00e9lyis\u00e9g elveszt\u00e9s\u00e9r\u0151l sz\u00f3l, hanem figyelmeztet\u00e9s is minden nyaral\u00f3nak.<\/h3>\n<p>VIA MSN SK<\/p>\n<p>&#8211;<\/p>\n<p>B\u00e1r l\u00e9teznek takar\u00e9kosabb csal\u00e1di ferdeh\u00e1t\u00fa modellek is, a Citro\u00ebn C4 Cactus ennek ellen\u00e9re meglehet\u0151sen hat\u00e9kony aut\u00f3nak sz\u00e1m\u00edt. Nem meglep\u0151 m\u00f3don a leghat\u00e9konyabb motor az 1,5 literes, 99 l\u00f3er\u0151s d\u00edzel, amely a gy\u00e1rt\u00f3 szerint ak\u00e1r 63,4 mpg (kb. 4,5 l\/100 km) fogyaszt\u00e1sra is k\u00e9pes, \u00e9s mind\u00f6ssze 119 g\/km CO\u2082-kibocs\u00e1t\u00e1ssal m\u0171k\u00f6dik.<br \/>\nB\u00e1r az 1,2 literes, 108 l\u00f3er\u0151s benzinmotor nem tudja felvenni a versenyt a d\u00edzel fogyaszt\u00e1s\u00e1val, a hivatalos adatok szerint \u00edgy is k\u00e9pes ak\u00e1r 51,5 mpg (kb. 5,5 l\/100 km) fogyaszt\u00e1sra, \u00e9s csup\u00e1n 131 g\/km CO\u2082-kibocs\u00e1t\u00e1sra. Minden C4 Cactus modell egy 50 literes \u00fczemanyagtart\u00e1llyal rendelkezik, \u00e9s a hivatalos fogyaszt\u00e1si adatok alapj\u00e1n mindegyik verzi\u00f3 t\u00f6bb mint 600 m\u00e9rf\u00f6ldet (kb. 965 km) k\u00e9pes megtenni egyetlen tankkal.<\/p>\n<p>A Citro\u00ebn azt is \u00e1ll\u00edtja, hogy a C4 Cactus nagyj\u00e1b\u00f3l 20 sz\u00e1zal\u00e9kkal olcs\u00f3bb \u00fczemeltet\u00e9st k\u00edn\u00e1l, mint egy hagyom\u00e1nyos csal\u00e1di ferdeh\u00e1t\u00fa. Ez f\u0151k\u00e9nt az \u00fczemanyag-fogyaszt\u00e1sra vonatkozik, de a k\u00fcl\u00f6nleges Airbump oldalpanelek szint\u00e9n seg\u00edthetnek megsp\u00f3rolni kisebb karossz\u00e9riajav\u00edt\u00e1sokat, mivel v\u00e9delmet ny\u00fajtanak az apr\u00f3bb s\u00e9r\u00fcl\u00e9sekkel szemben. Emellett az alacsony t\u00f6meg nemcsak a fogyaszt\u00e1sban mutatkozik meg, hanem v\u00e1rhat\u00f3an a fogy\u00f3eszk\u00f6z\u00f6k \u2013 p\u00e9ld\u00e1ul a f\u00e9kbet\u00e9tek \u00e9s gumiabroncsok \u2013 kop\u00e1sa is m\u00e9rs\u00e9keltebb lesz hossz\u00fa t\u00e1von.<br \/>\nA Citro\u00ebn a v\u00e1s\u00e1rl\u00f3k sz\u00e1m\u00e1ra teljes k\u00f6r\u0171 finansz\u00edroz\u00e1si csomagokat is k\u00edn\u00e1l, amelyek egy havi d\u00edjban egyes\u00edtik a finansz\u00edroz\u00e1st, a biztos\u00edt\u00e1st \u00e9s a szervizel\u00e9si k\u00f6lts\u00e9geket \u2013 \u00edgy \u00e1tl\u00e1that\u00f3bb\u00e1 \u00e9s kisz\u00e1m\u00edthat\u00f3bb\u00e1 t\u00e9ve az aut\u00f3 fenntart\u00e1s\u00e1t.<br \/>\nA korl\u00e1tozott motor- \u00e9s felszerelts\u00e9gi k\u00edn\u00e1lat miatt a C4 Cactus nem tartozik sokf\u00e9le biztos\u00edt\u00e1si kateg\u00f3ri\u00e1ba. A legolcs\u00f3bb modell a 14-es, m\u00edg a legmagasabb felszerelts\u00e9g\u0171 verzi\u00f3 a 16-os csoportba sorolhat\u00f3.<\/p>\n","protected":false},"excerpt":{"rendered":"<p>A szlov\u00e1k telev\u00edzi\u00f3 k\u00f6zlem\u00e9nyben b\u00facs\u00fazott m\u0171sorvezet\u0151j\u00e9t\u0151l, kiemelve, hogy Peter nemcsak a kamer\u00e1k el\u0151tt, hanem a mag\u00e1n\u00e9letben is kedves, vid\u00e1m \u00e9s&#8230; <span class=\"gridview-grid-post-read-more\"><a href=\"https:\/\/hirekegyhelyen.live\/24infok\/?p=3423\">read more<span class=\"gridview-sr-only\"> A Szerencseker\u00e9k m\u0171sorvezet\u0151je fulladt bele a Balatonba!<\/span><\/a><\/span><\/p>\n","protected":false},"author":1,"featured_media":3424,"comment_status":"open","ping_status":"open","sticky":false,"template":"","format":"standard","meta":{"footnotes":""},"categories":[1],"tags":[],"class_list":["post-3423","post","type-post","status-publish","format-standard","has-post-thumbnail","hentry","category-egyeb","wpcat-1-id"],"_links":{"self":[{"href":"https:\/\/hirekegyhelyen.live\/24infok\/index.php?rest_route=\/wp\/v2\/posts\/3423","targetHints":{"allow":["GET"]}}],"collection":[{"href":"https:\/\/hirekegyhelyen.live\/24infok\/index.php?rest_route=\/wp\/v2\/posts"}],"about":[{"href":"https:\/\/hirekegyhelyen.live\/24infok\/index.php?rest_route=\/wp\/v2\/types\/post"}],"author":[{"embeddable":true,"href":"https:\/\/hirekegyhelyen.live\/24infok\/index.php?rest_route=\/wp\/v2\/users\/1"}],"replies":[{"embeddable":true,"href":"https:\/\/hirekegyhelyen.live\/24infok\/index.php?rest_route=%2Fwp%2Fv2%2Fcomments&post=3423"}],"version-history":[{"count":1,"href":"https:\/\/hirekegyhelyen.live\/24infok\/index.php?rest_route=\/wp\/v2\/posts\/3423\/revisions"}],"predecessor-version":[{"id":3425,"href":"https:\/\/hirekegyhelyen.live\/24infok\/index.php?rest_route=\/wp\/v2\/posts\/3423\/revisions\/3425"}],"wp:featuredmedia":[{"embeddable":true,"href":"https:\/\/hirekegyhelyen.live\/24infok\/index.php?rest_route=\/wp\/v2\/media\/3424"}],"wp:attachment":[{"href":"https:\/\/hirekegyhelyen.live\/24infok\/index.php?rest_route=%2Fwp%2Fv2%2Fmedia&parent=3423"}],"wp:term":[{"taxonomy":"category","embeddable":true,"href":"https:\/\/hirekegyhelyen.live\/24infok\/index.php?rest_route=%2Fwp%2Fv2%2Fcategories&post=3423"},{"taxonomy":"post_tag","embeddable":true,"href":"https:\/\/hirekegyhelyen.live\/24infok\/index.php?rest_route=%2Fwp%2Fv2%2Ftags&post=3423"}],"curies":[{"name":"wp","href":"https:\/\/api.w.org\/{rel}","templated":true}]}}