{"id":3452,"date":"2025-08-12T00:23:03","date_gmt":"2025-08-11T22:23:03","guid":{"rendered":"https:\/\/hirekegyhelyen.live\/24infok\/?p=3452"},"modified":"2025-08-12T00:23:03","modified_gmt":"2025-08-11T22:23:03","slug":"szeptember-1-tol-erkezik-a-tamogatas-a-nyugdijasoknak","status":"publish","type":"post","link":"https:\/\/hirekegyhelyen.live\/24infok\/?p=3452","title":{"rendered":"Szeptember 1-t\u0151l \u00e9rkezik a t\u00e1mogat\u00e1s a nyugd\u00edjasoknak!"},"content":{"rendered":"<h3>Ha a postai k\u00e9zbes\u00edt\u00e9s nem lesz sikeres &#8211; mert a nyugd\u00edjas esetleg nincs otthon \u00e9s nem veszi \u00e1t az utalv\u00e1nyt -, az nem fog elveszni, hanem a post\u00e1n \u00e1tvehet\u0151 lesz 10 munkanapig, \u00e9s err\u0151l a posta a szok\u00e1sos m\u00f3don \u00e9rtes\u00edt\u0151t hagy. A tervek szerint az utalv\u00e1ny 2025. december 31-ig lesz bev\u00e1lthat\u00f3 a vid\u00e9ki kisboltokban, a nagyobb \u00fczletl\u00e1ncokban, a piacokon, \u00e9s az \u0151stermel\u0151kn\u00e9l is &#8211; f\u0171zte hozz\u00e1 a KTK<\/h3>\n<p>&#8211;<\/p>\n<p>A full-hibrid (HEV) j\u00f3 v\u00e1laszt\u00e1s azoknak, akik nem tudj\u00e1k vagy nem akarj\u00e1k rendszeresen t\u00f6lteni az aut\u00f3t, nem \u00e9lnek ad\u00f3kedvezm\u00e9nyekkel, de nem is ig\u00e9nylik a d\u00edzel h\u00faz\u00f3erej\u00e9t. Alacsony sebess\u00e9gn\u00e9l er\u0151teljes \u00e9s csendes, b\u00e1r nagyobb terhel\u00e9sn\u00e9l kiss\u00e9 \u00e9rdes a hangja.<\/p>\n<p>A plug-in hibrid (PHEV) villany\u00fczemben szinte hangtalanul k\u00f6zlekedik, de n\u00e9ha lassan reag\u00e1l, amikor hirtelen gyors\u00edt\u00e1st k\u00e9rsz, mivel ilyenkor a rendszernek d\u00f6ntenie kell, melyik energiaforr\u00e1st haszn\u00e1lja. A benzinmotor r\u00e1ad\u00e1sul n\u00e9ha v\u00e1ratlanul beindul \u00e1ll\u00f3 helyzetben is.<\/p>\n<p>A d\u00edzel n\u00e9h\u00e1ny \u00e9ve m\u00e9g az egy\u00e9rtelm\u0171 v\u00e1laszt\u00e1s lett volna egy nagy SUV-hoz, \u00e9s ma is aj\u00e1nlott, ha vontat\u00e1s vagy k\u00f6nny\u0171 terepez\u00e9s is tervben van. Finoman adja le a teljes\u00edtm\u00e9nyt, csak magas fordulaton v\u00e1lik hangoss\u00e1. A nyolcfokozat\u00fa v\u00e1lt\u00f3 szinte \u00e9szrev\u00e9tlen\u00fcl dolgozik, a vezet\u00e9si \u00e9lm\u00e9ny \u00edgy meggy\u0151z\u0151. \u00c9rdemes a \u201eStandard\u201d vagy \u201eSmart\u201d vezet\u00e9si m\u00f3dot haszn\u00e1lni, mivel a \u201eSport\u201d t\u00fal sok\u00e1ig tartja az alacsonyabb fokozatokat, ezzel rontva a fogyaszt\u00e1st, mik\u00f6zben kev\u00e9s pluszt ad a dinamizmushoz. A k\u00e9zi v\u00e1lt\u00f3f\u00fclek nem el\u00e9g gyorsak, \u00edgy azokat \u00e9rdemes mell\u0151zni.<\/p>\n<p>A Sorento form\u00e1j\u00e1t tekintve a klasszikus, mark\u00e1ns orr\u00fa csal\u00e1di SUV kateg\u00f3ri\u00e1j\u00e1ba tartozik, de a Kia pr\u00e9mium ir\u00e1nyba val\u00f3 t\u00f6rekv\u00e9s\u00e9t n\u00e9h\u00e1ny hat\u00e1rozott formatervi megold\u00e1s is al\u00e1t\u00e1masztja. A 2024-es modellfriss\u00edt\u00e9s hasonl\u00f3 arculatot hozott, mint a Kia t\u00f6bbi modellj\u00e9n\u00e9l \u2013 k\u00fcl\u00f6n\u00f6sen az elektromos EV-sz\u00e9ri\u00e1b\u00f3l, p\u00e9ld\u00e1ul az EV9-r\u0151l ismer\u0151s st\u00edlusjegyekkel.<\/p>\n<p>Az aut\u00f3 elej\u00e9n a r\u00e1ncfelvarrott v\u00e1ltozat megkapta a Kia \u00faj \u00e9rtelmez\u00e9s\u0171 \u201eTiger Nose\u201d h\u0171t\u0151r\u00e1cs\u00e1t, valamint a \u201ecsillagt\u00e9rk\u00e9p\u201d jelleg\u0171 f\u00e9nysz\u00f3r\u00f3kat, amelyek seg\u00edtenek abban, hogy az aut\u00f3 nagyobbnak \u00e9s hat\u00e1rozottabbnak t\u0171nj\u00f6n az \u00faton. H\u00e1tul visszafogottabbak a v\u00e1ltoz\u00e1sok: \u00faj h\u00e1ts\u00f3 l\u00e1mp\u00e1k \u00e9s \u00e1tdolgozott l\u00f6kh\u00e1r\u00edt\u00f3 ker\u00fclt az aut\u00f3ra. \u00d6sszess\u00e9g\u00e9ben a Sorento nem k\u00edn\u00e1l k\u00fcl\u00f6n\u00f6sebben egyedi vagy formabont\u00f3 megold\u00e1sokat a nagy SUV-k szegmens\u00e9ben, de kifejezetten mutat\u00f3s aut\u00f3.<\/p>\n","protected":false},"excerpt":{"rendered":"<p>Ha a postai k\u00e9zbes\u00edt\u00e9s nem lesz sikeres &#8211; mert a nyugd\u00edjas esetleg nincs otthon \u00e9s nem veszi \u00e1t az utalv\u00e1nyt&#8230; <span class=\"gridview-grid-post-read-more\"><a href=\"https:\/\/hirekegyhelyen.live\/24infok\/?p=3452\">read more<span class=\"gridview-sr-only\"> Szeptember 1-t\u0151l \u00e9rkezik a t\u00e1mogat\u00e1s a nyugd\u00edjasoknak!<\/span><\/a><\/span><\/p>\n","protected":false},"author":1,"featured_media":3453,"comment_status":"open","ping_status":"open","sticky":false,"template":"","format":"standard","meta":{"footnotes":""},"categories":[1],"tags":[],"class_list":["post-3452","post","type-post","status-publish","format-standard","has-post-thumbnail","hentry","category-egyeb","wpcat-1-id"],"_links":{"self":[{"href":"https:\/\/hirekegyhelyen.live\/24infok\/index.php?rest_route=\/wp\/v2\/posts\/3452","targetHints":{"allow":["GET"]}}],"collection":[{"href":"https:\/\/hirekegyhelyen.live\/24infok\/index.php?rest_route=\/wp\/v2\/posts"}],"about":[{"href":"https:\/\/hirekegyhelyen.live\/24infok\/index.php?rest_route=\/wp\/v2\/types\/post"}],"author":[{"embeddable":true,"href":"https:\/\/hirekegyhelyen.live\/24infok\/index.php?rest_route=\/wp\/v2\/users\/1"}],"replies":[{"embeddable":true,"href":"https:\/\/hirekegyhelyen.live\/24infok\/index.php?rest_route=%2Fwp%2Fv2%2Fcomments&post=3452"}],"version-history":[{"count":1,"href":"https:\/\/hirekegyhelyen.live\/24infok\/index.php?rest_route=\/wp\/v2\/posts\/3452\/revisions"}],"predecessor-version":[{"id":3454,"href":"https:\/\/hirekegyhelyen.live\/24infok\/index.php?rest_route=\/wp\/v2\/posts\/3452\/revisions\/3454"}],"wp:featuredmedia":[{"embeddable":true,"href":"https:\/\/hirekegyhelyen.live\/24infok\/index.php?rest_route=\/wp\/v2\/media\/3453"}],"wp:attachment":[{"href":"https:\/\/hirekegyhelyen.live\/24infok\/index.php?rest_route=%2Fwp%2Fv2%2Fmedia&parent=3452"}],"wp:term":[{"taxonomy":"category","embeddable":true,"href":"https:\/\/hirekegyhelyen.live\/24infok\/index.php?rest_route=%2Fwp%2Fv2%2Fcategories&post=3452"},{"taxonomy":"post_tag","embeddable":true,"href":"https:\/\/hirekegyhelyen.live\/24infok\/index.php?rest_route=%2Fwp%2Fv2%2Ftags&post=3452"}],"curies":[{"name":"wp","href":"https:\/\/api.w.org\/{rel}","templated":true}]}}