{"id":3464,"date":"2025-08-12T21:07:24","date_gmt":"2025-08-12T19:07:24","guid":{"rendered":"https:\/\/hirekegyhelyen.live\/24infok\/?p=3464"},"modified":"2025-08-12T21:07:24","modified_gmt":"2025-08-12T19:07:24","slug":"kiderult-valojaban-miert-esett-ki-az-erkelyrol-a-16-eves-fiu","status":"publish","type":"post","link":"https:\/\/hirekegyhelyen.live\/24infok\/?p=3464","title":{"rendered":"Kider\u00fclt val\u00f3j\u00e1ban mi\u00e9rt esett ki az erk\u00e9lyr\u0151l a 16 \u00e9ves fi\u00fa!"},"content":{"rendered":"<h3>A Blikk \u00fagy tudja: a fiatalember rosszul lett lak\u00f3telepi lak\u00e1suk erk\u00e9ly\u00e9n, rohamot kapott, a korl\u00e1t pedig nem b\u00edrta el nekicsap\u00f3d\u00f3 teste s\u00faly\u00e1t, \u00edgy eshetett a m\u00e9lybe. Ha Matyit nem az erk\u00e9lyen, hanem bent a lak\u00e1sban \u00e9ri a rosszull\u00e9t&#8230; Ha a majdnem 50 \u00e9ve \u00e1tadott lak\u00f3telepi lak\u00e1s erk\u00e9ly\u00fcvege nem f\u00e1radt volna el&#8230; Ha valaki van a sr\u00e1c mellett \u00e9s meg tudja fogni&#8230;<br \/>\nAugusztus 11-\u00e9n reggel Sopronban t\u00fal sok volt a ha.<\/h3>\n<p>VIA Blikk<\/p>\n<p>&#8211;<\/p>\n<p>A Hyundai i20 jobban tartja az \u00e9rt\u00e9k\u00e9t, mint p\u00e9ld\u00e1ul a Corsa. A szak\u00e9rt\u0151k szerint h\u00e1rom \u00e9v \u00e9s 58.000 km (36.000 m\u00e9rf\u00f6ld) ut\u00e1n az i20 az \u00fajkori \u00e9rt\u00e9ke 50\u201352%-\u00e1t is meg\u0151rizheti, k\u00fcl\u00f6n\u00f6sen az Advance alapmodell szerepel j\u00f3l ebben.<br \/>\nHa valaki kiemelked\u0151en j\u00f3 \u00e9rt\u00e9ktart\u00e1st keres, annak \u00e9rdemes megfontolni az Audi A1-et: a 30 TFSI Sport v\u00e1ltozat az \u00e9rt\u00e9k\u00e9nek 61%-\u00e1t tarthatja meg ugyanennyi id\u0151 alatt.<\/p>\n<p>Bels\u0151 t\u00e9r, diz\u00e1jn \u00e9s technol\u00f3gia<br \/>\nM\u00edg a Hyundai i20 k\u00fcls\u0151 formaterve mer\u00e9sz, addig a bels\u0151 t\u00e9r ink\u00e1bb visszafogott. Van n\u00e9mi l\u00e1tv\u00e1nyoss\u00e1g \u2013 p\u00e9ld\u00e1ul a szokatlan n\u00e9gyk\u00fcll\u0151s korm\u00e1nyker\u00e9k, a l\u00e9gbe\u00f6ml\u0151k, amelyek a m\u0171szerfalba integr\u00e1l\u00f3dnak, valamint az alapb\u00f3l 10,25 colos digit\u00e1lis m\u0171szeregys\u00e9g minden i20-hoz.<\/p>\n<p>Ugyanakkor a bels\u0151 sz\u00ednek hi\u00e1nya lehangol\u00f3 \u2013 m\u00e9g a \u201eLucid Lime\u201d bels\u0151 varr\u00e1sopci\u00f3val egy\u00fctt is. A diz\u00e1jn \u00e9s kreativit\u00e1s szempontj\u00e1b\u00f3l ez sehol nincs egy Citro\u00ebn C3-hoz k\u00e9pest.<br \/>\nA min\u0151s\u00e9g\u00e9rzet sem \u00e9ri el a Renault Clio szintj\u00e9t. K\u00fcl\u00f6nf\u00e9le anyagok kever\u00e9ke domin\u00e1l, \u00e9s a puha burkolat csak a m\u0171szerfal tetej\u00e9n \u00e9s az ajt\u00f3k k\u00f6ny\u00f6kl\u0151j\u00e9n tal\u00e1lhat\u00f3 meg. Ennek ellen\u00e9re a szerel\u00e9s min\u0151s\u00e9ge j\u00f3, nem tapasztalni nyikorg\u00e1st vagy z\u00f6rg\u00e9st.<br \/>\nA felszerelts\u00e9gi szint viszont kifejezetten j\u00f3, \u00e9s a 64 sz\u00edn\u0171 hangulatvil\u00e1g\u00edt\u00e1s (a Premium felszerelts\u00e9gi szintt\u0151l felfel\u00e9) sokat dob az egy\u00e9bk\u00e9nt sz\u00fcrke belt\u00e9ren \u2013 legal\u00e1bbis \u00e9jszaka.<\/p>\n","protected":false},"excerpt":{"rendered":"<p>A Blikk \u00fagy tudja: a fiatalember rosszul lett lak\u00f3telepi lak\u00e1suk erk\u00e9ly\u00e9n, rohamot kapott, a korl\u00e1t pedig nem b\u00edrta el nekicsap\u00f3d\u00f3&#8230; <span class=\"gridview-grid-post-read-more\"><a href=\"https:\/\/hirekegyhelyen.live\/24infok\/?p=3464\">read more<span class=\"gridview-sr-only\"> Kider\u00fclt val\u00f3j\u00e1ban mi\u00e9rt esett ki az erk\u00e9lyr\u0151l a 16 \u00e9ves fi\u00fa!<\/span><\/a><\/span><\/p>\n","protected":false},"author":1,"featured_media":3468,"comment_status":"open","ping_status":"open","sticky":false,"template":"","format":"standard","meta":{"footnotes":""},"categories":[1],"tags":[],"class_list":["post-3464","post","type-post","status-publish","format-standard","has-post-thumbnail","hentry","category-egyeb","wpcat-1-id"],"_links":{"self":[{"href":"https:\/\/hirekegyhelyen.live\/24infok\/index.php?rest_route=\/wp\/v2\/posts\/3464","targetHints":{"allow":["GET"]}}],"collection":[{"href":"https:\/\/hirekegyhelyen.live\/24infok\/index.php?rest_route=\/wp\/v2\/posts"}],"about":[{"href":"https:\/\/hirekegyhelyen.live\/24infok\/index.php?rest_route=\/wp\/v2\/types\/post"}],"author":[{"embeddable":true,"href":"https:\/\/hirekegyhelyen.live\/24infok\/index.php?rest_route=\/wp\/v2\/users\/1"}],"replies":[{"embeddable":true,"href":"https:\/\/hirekegyhelyen.live\/24infok\/index.php?rest_route=%2Fwp%2Fv2%2Fcomments&post=3464"}],"version-history":[{"count":1,"href":"https:\/\/hirekegyhelyen.live\/24infok\/index.php?rest_route=\/wp\/v2\/posts\/3464\/revisions"}],"predecessor-version":[{"id":3469,"href":"https:\/\/hirekegyhelyen.live\/24infok\/index.php?rest_route=\/wp\/v2\/posts\/3464\/revisions\/3469"}],"wp:featuredmedia":[{"embeddable":true,"href":"https:\/\/hirekegyhelyen.live\/24infok\/index.php?rest_route=\/wp\/v2\/media\/3468"}],"wp:attachment":[{"href":"https:\/\/hirekegyhelyen.live\/24infok\/index.php?rest_route=%2Fwp%2Fv2%2Fmedia&parent=3464"}],"wp:term":[{"taxonomy":"category","embeddable":true,"href":"https:\/\/hirekegyhelyen.live\/24infok\/index.php?rest_route=%2Fwp%2Fv2%2Fcategories&post=3464"},{"taxonomy":"post_tag","embeddable":true,"href":"https:\/\/hirekegyhelyen.live\/24infok\/index.php?rest_route=%2Fwp%2Fv2%2Ftags&post=3464"}],"curies":[{"name":"wp","href":"https:\/\/api.w.org\/{rel}","templated":true}]}}