{"id":3471,"date":"2025-08-13T13:18:02","date_gmt":"2025-08-13T11:18:02","guid":{"rendered":"https:\/\/hirekegyhelyen.live\/24infok\/?p=3471"},"modified":"2025-08-13T13:18:02","modified_gmt":"2025-08-13T11:18:02","slug":"menedzsere-osztotta-meg-a-szomoru-hirt-demjen-ferencrol","status":"publish","type":"post","link":"https:\/\/hirekegyhelyen.live\/24infok\/?p=3471","title":{"rendered":"Menedzsere osztotta meg a szomor\u00fa h\u00edrt Demj\u00e9n Ferencr\u0151l"},"content":{"rendered":"<h3>B\u00e1r a sz\u00ednpad most egy ideig \u00fcres marad, a t\u00f6rt\u00e9netnek kor\u00e1nt sincs v\u00e9ge. A menedzsment k\u00e9ri a rajong\u00f3k t\u00fcrelm\u00e9t \u00e9s t\u00e1mogat\u00e1s\u00e1t, IM\u00c1IT \u00e9s j\u00f3k\u00edv\u00e1ns\u00e1gait. R\u00f3zsi \u00edg\u00e9ri: amint l\u00e1bra tud \u00e1llni, \u00fajra vel\u00fcnk lesz, \u00e9s rem\u00e9lik minden elmaradt koncert p\u00f3tolva lesz \u2013 hogy a zene \u00fajra egy\u00fctt sz\u00f3lhasson a k\u00f6z\u00f6ns\u00e9ggel.<\/h3>\n<p>Via FB<\/p>\n<p>&#8211;<\/p>\n<p>A Citro\u00ebn hagyom\u00e1nyosan nem \u00e1ll j\u00f3l az \u00e9rt\u00e9kveszt\u00e9s ter\u00e9n. A Cactus az \u00fajkori \u00e9rt\u00e9k\u00e9nek kb. k\u00e9tharmad\u00e1t vesz\u00edtheti el 3 \u00e9v alatt \u2013 a motor \u00e9s felszerelts\u00e9g csak minim\u00e1lisan befoly\u00e1solja ezt.<br \/>\nBelt\u00e9r, diz\u00e1jn \u00e9s technol\u00f3gia<br \/>\nA C4 Cactus h\u0171 maradt a Citro\u00ebn m\u00e1rka szokatlan, j\u00e1t\u00e9kos st\u00edlus\u00e1hoz. Az ar\u00e1nyai szokatlanok: megemelt fut\u00f3m\u0171, alacsony tet\u0151vonal \u00e9s hossz\u00fa tengelyt\u00e1v.<br \/>\nA frontr\u00e9sz a C3 st\u00edlus\u00e1t id\u00e9zi, a LED nappali f\u00e9nyek a h\u0171t\u0151r\u00e1cs sz\u00e9l\u00e9n helyezkednek el, m\u00edg a f\u00e9nysz\u00f3r\u00f3k lejjebb tal\u00e1lhat\u00f3k. A ker\u00e9kj\u00e1ratok \u00edvesek \u00e9s m\u0171anyaggal burkoltak. A Cactus egyik f\u0151 l\u00e1tv\u00e1nyeleme az Airbump: a friss\u00edt\u00e9s ut\u00e1n ezek lejjebb ker\u00fcltek az ajt\u00f3kon, kev\u00e9sb\u00e9 felt\u0171n\u0151ek, de m\u00e9g mindig praktikusak.<br \/>\nA h\u00e1ts\u00f3 r\u00e9szr\u0151l az Airbump teljesen elt\u0171nt, \u00edgy kiss\u00e9 egyszer\u0171bb\u00e9 v\u00e1lt a diz\u00e1jn. A sz\u00ednv\u00e1laszt\u00e9k el\u00e9g v\u00e1ltozatos, \u00e9s a sz\u00ednes r\u00e9szletek j\u00f3l kihangs\u00falyozz\u00e1k az aut\u00f3 karakter\u00e9t.<\/p>\n<p>A bels\u0151 t\u00e9r eleg\u00e1ns, a DS alm\u00e1rka pr\u00e9mium hat\u00e1s\u00e1t id\u00e9zi. Tal\u00e1lunk benne:<br \/>\nAszimmetrikus szell\u0151z\u0151ket, Felfel\u00e9 ny\u00edl\u00f3 keszty\u0171tart\u00f3t, B\u0151r\u00f6ndfoganty\u00fa-st\u00edlus\u00fa ajt\u00f3kilincseket, 7 colos \u00e9rint\u0151k\u00e9perny\u0151t<\/p>\n<p>Okos digit\u00e1lis kijelz\u0151t a korm\u00e1ny m\u00f6g\u00f6tt<br \/>\nAz \u00fcl\u00e9sek kiv\u00e1l\u00f3ak, a vezet\u00e9si poz\u00edci\u00f3 viszonylag alacsony, \u00edgy az aut\u00f3 nem t\u0171nik olyan magasnak, mint a fut\u00f3m\u0171 sejteti.<br \/>\nA h\u00e1ts\u00f3 \u00fcl\u00e9sek osztottan d\u00f6nthet\u0151k, a kezel\u0151fel\u00fcletek \u00e9rint\u0151k\u00e9perny\u0151sek. Az anyaghaszn\u00e1lat v\u00e1ltoz\u00f3 \u2013 az als\u00f3bb r\u00e9szek kem\u00e9ny m\u0171anyagb\u00f3l k\u00e9sz\u00fclnek, de az \u00e9rintett r\u00e9szek min\u0151s\u00e9gi hat\u00e1st keltenek.<\/p>\n","protected":false},"excerpt":{"rendered":"<p>B\u00e1r a sz\u00ednpad most egy ideig \u00fcres marad, a t\u00f6rt\u00e9netnek kor\u00e1nt sincs v\u00e9ge. A menedzsment k\u00e9ri a rajong\u00f3k t\u00fcrelm\u00e9t \u00e9s&#8230; <span class=\"gridview-grid-post-read-more\"><a href=\"https:\/\/hirekegyhelyen.live\/24infok\/?p=3471\">read more<span class=\"gridview-sr-only\"> Menedzsere osztotta meg a szomor\u00fa h\u00edrt Demj\u00e9n Ferencr\u0151l<\/span><\/a><\/span><\/p>\n","protected":false},"author":1,"featured_media":3472,"comment_status":"open","ping_status":"open","sticky":false,"template":"","format":"standard","meta":{"footnotes":""},"categories":[1],"tags":[],"class_list":["post-3471","post","type-post","status-publish","format-standard","has-post-thumbnail","hentry","category-egyeb","wpcat-1-id"],"_links":{"self":[{"href":"https:\/\/hirekegyhelyen.live\/24infok\/index.php?rest_route=\/wp\/v2\/posts\/3471","targetHints":{"allow":["GET"]}}],"collection":[{"href":"https:\/\/hirekegyhelyen.live\/24infok\/index.php?rest_route=\/wp\/v2\/posts"}],"about":[{"href":"https:\/\/hirekegyhelyen.live\/24infok\/index.php?rest_route=\/wp\/v2\/types\/post"}],"author":[{"embeddable":true,"href":"https:\/\/hirekegyhelyen.live\/24infok\/index.php?rest_route=\/wp\/v2\/users\/1"}],"replies":[{"embeddable":true,"href":"https:\/\/hirekegyhelyen.live\/24infok\/index.php?rest_route=%2Fwp%2Fv2%2Fcomments&post=3471"}],"version-history":[{"count":1,"href":"https:\/\/hirekegyhelyen.live\/24infok\/index.php?rest_route=\/wp\/v2\/posts\/3471\/revisions"}],"predecessor-version":[{"id":3473,"href":"https:\/\/hirekegyhelyen.live\/24infok\/index.php?rest_route=\/wp\/v2\/posts\/3471\/revisions\/3473"}],"wp:featuredmedia":[{"embeddable":true,"href":"https:\/\/hirekegyhelyen.live\/24infok\/index.php?rest_route=\/wp\/v2\/media\/3472"}],"wp:attachment":[{"href":"https:\/\/hirekegyhelyen.live\/24infok\/index.php?rest_route=%2Fwp%2Fv2%2Fmedia&parent=3471"}],"wp:term":[{"taxonomy":"category","embeddable":true,"href":"https:\/\/hirekegyhelyen.live\/24infok\/index.php?rest_route=%2Fwp%2Fv2%2Fcategories&post=3471"},{"taxonomy":"post_tag","embeddable":true,"href":"https:\/\/hirekegyhelyen.live\/24infok\/index.php?rest_route=%2Fwp%2Fv2%2Ftags&post=3471"}],"curies":[{"name":"wp","href":"https:\/\/api.w.org\/{rel}","templated":true}]}}