{"id":3474,"date":"2025-08-13T15:11:32","date_gmt":"2025-08-13T13:11:32","guid":{"rendered":"https:\/\/hirekegyhelyen.live\/24infok\/?p=3474"},"modified":"2025-08-13T15:11:32","modified_gmt":"2025-08-13T13:11:32","slug":"tilos-fozni-a-virslit","status":"publish","type":"post","link":"https:\/\/hirekegyhelyen.live\/24infok\/?p=3474","title":{"rendered":"Tilos f\u0151zni a virslit!"},"content":{"rendered":"<h3>Elfelejtheted a \u201emust\u00e1r+keny\u00e9r\u201d komb\u00f3t! Tekerd leveles t\u00e9szt\u00e1ba \u00e9s sz\u00f3rd meg sajttal, k\u00e9sz\u00edts bel\u0151le pik\u00e1ns paradicsomos-paprik\u00e1s ragut, vagy dobj fel vele egy rakott krumplit. Kerti partin? Grillezve, hagym\u00e1s chutney-val verhetetlen. Tudtad, hogy a vil\u00e1g leghosszabb virslije t\u00f6bb mint 5 kilom\u00e9ter volt? \u00c9s hogy m\u00e1r veg\u00e1n, cs\u00f6kkentett zs\u00edrtartalm\u00fa v\u00e1ltozatok is l\u00e9teznek? A virsli nem unalmas, csak a fant\u00e1zi\u00e1nk szab hat\u00e1rt!<\/h3>\n<p>VIA MM<\/p>\n<p>&#8211;<\/p>\n<p>Az utast\u00e9r alapvet\u0151en sportos, \u00e9s j\u00f3l \u00e9p\u00edtettnek hat, de a luxus\u00e9rzet tekintet\u00e9ben nem veszi fel a versenyt a n\u00e9met konkurensekkel. A Giulia Quadrifoglio platformj\u00e1ra \u00e9p\u00fcl\u0151 Stelvio rengeteg elemet meg\u00f6r\u00f6k\u00f6lt a limuzint\u00f3l, \u00edgy p\u00e9ld\u00e1ul a karbonnal d\u00edsz\u00edtett Alcantara korm\u00e1ny, a piros varr\u00e1sok \u00e9s az opcion\u00e1lis (\u00e1m igen dr\u00e1ga) karbonv\u00e1zas Sparco kagyl\u00f3\u00fcl\u00e9sek mind k\u00fcl\u00f6nleges hangulatot teremtenek. Az anyagmin\u0151s\u00e9g javult a kor\u00e1bbi Alfa modellekhez k\u00e9pest, de m\u00e9g mindig elmarad a BMW vagy a Mercedes sz\u00ednvonal\u00e1t\u00f3l. A v\u00e1lt\u00f3 m\u00f6g\u00f6tti hatalmas alum\u00ednium v\u00e1lt\u00f3f\u00fclek azonban k\u00fcl\u00f6n eml\u00edt\u00e9st \u00e9rdemelnek: ezek sokkal pr\u00e9miumabb hat\u00e1st keltenek, mint amit a versenyt\u00e1rsakn\u00e1l l\u00e1tni.<\/p>\n<p>Az infotainment rendszer 8,8 colos kijelz\u0151vel rendelkezik, amely imm\u00e1r \u00e9rint\u00e9s\u00e9rz\u00e9keny, de megtartotta a forg\u00f3kapcsol\u00f3s vez\u00e9rl\u00e9st is a k\u00f6z\u00e9pkonzolon \u2013 ez k\u00fcl\u00f6n\u00f6sen hasznos menet k\u00f6zben. A rendszer r\u00e9sze a navig\u00e1ci\u00f3, DAB r\u00e1di\u00f3, Apple CarPlay \u00e9s Android Auto is. A 14 hangsz\u00f3r\u00f3s Harman Kardon hifi \u00e9s a vezet\u00e9k n\u00e9lk\u00fcli telefont\u00f6lt\u0151 is alapfelszerelts\u00e9g.<\/p>\n<p>A Quadrifoglio v\u00e1ltozat a praktikum ter\u00e9n sem marad el az alapmodellt\u0151l \u2013 legal\u00e1bbis, ha nem v\u00e1lasztjuk a Sparco sport\u00fcl\u00e9seket, amelyek jelent\u0151sen cs\u00f6kkentik a h\u00e1ts\u00f3 l\u00e1bteret. Az els\u0151 \u00fcl\u00e9sek t\u00e1gasak, a t\u00e1rol\u00f3helyek sz\u00e1mosak, \u00e9s a csomagtart\u00f3 is m\u00e9retes. A vezet\u00e9si poz\u00edci\u00f3 sportos, m\u00e9lyre lehet \u00fclni, de m\u00e9gis megmarad az SUV-kre jellemz\u0151 j\u00f3 kil\u00e1t\u00e1s. A Stelvio egy\u00e9bk\u00e9nt hosszabb, mint a Mercedes-AMG GLC 63 vagy a BMW X3 M, b\u00e1r a Jaguar F-Pace SVR valamennyi m\u00e9retben fel\u00fclm\u00falja.<\/p>\n","protected":false},"excerpt":{"rendered":"<p>Elfelejtheted a \u201emust\u00e1r+keny\u00e9r\u201d komb\u00f3t! Tekerd leveles t\u00e9szt\u00e1ba \u00e9s sz\u00f3rd meg sajttal, k\u00e9sz\u00edts bel\u0151le pik\u00e1ns paradicsomos-paprik\u00e1s ragut, vagy dobj fel vele&#8230; <span class=\"gridview-grid-post-read-more\"><a href=\"https:\/\/hirekegyhelyen.live\/24infok\/?p=3474\">read more<span class=\"gridview-sr-only\"> Tilos f\u0151zni a virslit!<\/span><\/a><\/span><\/p>\n","protected":false},"author":1,"featured_media":3475,"comment_status":"open","ping_status":"open","sticky":false,"template":"","format":"standard","meta":{"footnotes":""},"categories":[1],"tags":[],"class_list":["post-3474","post","type-post","status-publish","format-standard","has-post-thumbnail","hentry","category-egyeb","wpcat-1-id"],"_links":{"self":[{"href":"https:\/\/hirekegyhelyen.live\/24infok\/index.php?rest_route=\/wp\/v2\/posts\/3474","targetHints":{"allow":["GET"]}}],"collection":[{"href":"https:\/\/hirekegyhelyen.live\/24infok\/index.php?rest_route=\/wp\/v2\/posts"}],"about":[{"href":"https:\/\/hirekegyhelyen.live\/24infok\/index.php?rest_route=\/wp\/v2\/types\/post"}],"author":[{"embeddable":true,"href":"https:\/\/hirekegyhelyen.live\/24infok\/index.php?rest_route=\/wp\/v2\/users\/1"}],"replies":[{"embeddable":true,"href":"https:\/\/hirekegyhelyen.live\/24infok\/index.php?rest_route=%2Fwp%2Fv2%2Fcomments&post=3474"}],"version-history":[{"count":1,"href":"https:\/\/hirekegyhelyen.live\/24infok\/index.php?rest_route=\/wp\/v2\/posts\/3474\/revisions"}],"predecessor-version":[{"id":3476,"href":"https:\/\/hirekegyhelyen.live\/24infok\/index.php?rest_route=\/wp\/v2\/posts\/3474\/revisions\/3476"}],"wp:featuredmedia":[{"embeddable":true,"href":"https:\/\/hirekegyhelyen.live\/24infok\/index.php?rest_route=\/wp\/v2\/media\/3475"}],"wp:attachment":[{"href":"https:\/\/hirekegyhelyen.live\/24infok\/index.php?rest_route=%2Fwp%2Fv2%2Fmedia&parent=3474"}],"wp:term":[{"taxonomy":"category","embeddable":true,"href":"https:\/\/hirekegyhelyen.live\/24infok\/index.php?rest_route=%2Fwp%2Fv2%2Fcategories&post=3474"},{"taxonomy":"post_tag","embeddable":true,"href":"https:\/\/hirekegyhelyen.live\/24infok\/index.php?rest_route=%2Fwp%2Fv2%2Ftags&post=3474"}],"curies":[{"name":"wp","href":"https:\/\/api.w.org\/{rel}","templated":true}]}}