{"id":3477,"date":"2025-08-13T15:57:48","date_gmt":"2025-08-13T13:57:48","guid":{"rendered":"https:\/\/hirekegyhelyen.live\/24infok\/?p=3477"},"modified":"2025-08-13T15:57:48","modified_gmt":"2025-08-13T13:57:48","slug":"pachmann-peter-28-ev-utan-varatlanul","status":"publish","type":"post","link":"https:\/\/hirekegyhelyen.live\/24infok\/?p=3477","title":{"rendered":"Pachmann P\u00e9ter 28 \u00e9v ut\u00e1n v\u00e1ratlanul"},"content":{"rendered":"<h3>P\u00e9ter besz\u00e1mol\u00f3ja szerint a d\u00f6nt\u00e9s m\u00f6g\u00f6tt mag\u00e1n\u00e9leti okok \u00e1llnak \u0151szt\u0151l P\u00e9ter mindenekel\u0151tt \u00e9desapak\u00e9nt szeretne jelen lenni, ami \u00faj id\u0151beoszt\u00e1st \u00e9s m\u00e1s f\u00f3kuszt k\u00edv\u00e1n. A k\u00e9perny\u0151t\u0151l val\u00f3 b\u00facs\u00fa teh\u00e1t nem visszavonul\u00e1st, hanem tudatos v\u00e1lt\u00e1st jelent sz\u00e1m\u00e1ra.<\/h3>\n<p>Forr\u00e1s: MSN \/ FB \/ TTOK<\/p>\n<p>&#8211;<\/p>\n<p>A nagy csal\u00e1dok sz\u00e1m\u00e1ra k\u00fcl\u00f6n\u00f6sen vonz\u00f3 lehet a h\u00e9t\u00fcl\u00e9ses Sorento. Egy 180 cm magas utas a harmadik sorban szinte k\u00f6zvetlen\u00fcl \u00fclhet a m\u00e1sodik sorban l\u00e9v\u0151 m\u00e1sik utas m\u00f6g\u00f6tt, \u00edgy a gyerekek ak\u00e1r hosszabb utakon is k\u00e9nyelmesen utazhatnak. A harmadik sorhoz saj\u00e1t l\u00e9gbef\u00fav\u00f3k tartoznak, elektromos ventil\u00e1toros szab\u00e1lyoz\u00e1ssal, hogy mindenki friss leveg\u0151t kapjon. A Kia v\u00e1ltozatos \u00fcl\u00e9spoz\u00edci\u00f3kat k\u00edn\u00e1l, ha sz\u00fcks\u00e9g van r\u00e1: a m\u00e1sodik sor \u00fcl\u00e9sei el\u0151re \u00e9s h\u00e1tra cs\u00fasztathat\u00f3k, \u00e9s m\u00e9g d\u0151l\u00e9ssz\u00f6g\u00fck is \u00e1ll\u00edthat\u00f3, b\u00e1r a 60:40 ar\u00e1ny\u00fa oszt\u00e1s nem biztos\u00edt olyan m\u00e9rt\u00e9k\u0171 rugalmass\u00e1got, mint a 40:20:40 elrendez\u00e9s. Ennek ellen\u00e9re a Sorento praktikus \u201epr\u00e9mium\u201d elektromos kapcsol\u00f3kkal rendelkezik a csomagt\u00e9rben, amelyek megk\u00f6nny\u00edtik a m\u00e1sodik sor \u00fcl\u00e9seinek lehajt\u00e1s\u00e1t.<\/p>\n<p>Formavil\u00e1g szempontj\u00e1b\u00f3l, m\u00edg a r\u00e9gebbi Sorento kifejezetten hagyom\u00e1nyos volt, ez az \u00faj verzi\u00f3 sokkal modernebb hat\u00e1st kelt. B\u00e1r a diz\u00e1jn ink\u00e1bb a pr\u00e9mium m\u00e1rk\u00e1k k\u00fcls\u0151s\u00e9geit igyekszik ut\u00e1nozni, mintsem val\u00f3ban visszaadni azokat a pr\u00e9mium \u00e9lm\u00e9nyeket, amit k\u00edn\u00e1lnak, de az \u00f6sszhat\u00e1s mindenk\u00e9ppen leny\u0171g\u00f6z\u0151. A sz\u00e9les digit\u00e1lis kijelz\u0151k \u00e9s a hangs\u00falyos l\u00e9gbe\u00f6ml\u0151k a Mercedes-Benz st\u00edlus\u00e1t id\u00e9zik, m\u00edg a textur\u00e1lt \u201ef\u00e9m\u201d fel\u00fcletek egy\u00e9rtelm\u0171en az Audi diz\u00e1jnj\u00e1ra eml\u00e9keztetnek.<\/p>\n<p>Tal\u00e1n a 2024-es friss\u00edt\u00e9s legnagyobb v\u00e1ltoz\u00e1sa az aut\u00f3 bels\u0151 ter\u00e9t \u00e9rinti. A r\u00e9gi modell massz\u00edv k\u00f6z\u00e9ps\u0151 konzolj\u00e1t elhagyt\u00e1k, \u00e9s helyette egy karcs\u00fabb, de kev\u00e9sb\u00e9 karakteres, \u00edvelt k\u00e9perny\u0151 ker\u00fclt, amely egyes\u00edti az infotainment rendszert \u00e9s a m\u0171szerfalat. Az alatta tal\u00e1lhat\u00f3 \u00e9rint\u0151s\u00e1v pedig lehet\u0151v\u00e9 teszi, hogy a kl\u00edmaberendez\u00e9s \u00e9s az infotainment rendszer vez\u00e9rl\u0151i k\u00f6z\u00f6tt v\u00e1ltsunk, ak\u00e1rcsak az EV6 \u00e9s a Sportage modellekben.<\/p>\n<p>Az alapmodellben a r\u00e9gi fekete \u00e9s sz\u00fcrke sz\u00f6vet\u00fcl\u00e9sek helyett egy vil\u00e1gosabb sz\u00f6vet-b\u0151rfotel kombin\u00e1ci\u00f3t tal\u00e1lunk, amely mindk\u00e9t anyag\u00e1t \u00fajrahasznos\u00edtott m\u0171anyagb\u00f3l k\u00e9sz\u00edtett\u00e9k. Ez friss \u00e9s t\u00e1gas \u00e9rzetet ad az utast\u00e9rnek, de sajnos egy kicsit azt az olcs\u00f3 vinil szagot is \u00e9rezhetj\u00fck, ami nem t\u00fal kellemes.<\/p>\n","protected":false},"excerpt":{"rendered":"<p>P\u00e9ter besz\u00e1mol\u00f3ja szerint a d\u00f6nt\u00e9s m\u00f6g\u00f6tt mag\u00e1n\u00e9leti okok \u00e1llnak \u0151szt\u0151l P\u00e9ter mindenekel\u0151tt \u00e9desapak\u00e9nt szeretne jelen lenni, ami \u00faj id\u0151beoszt\u00e1st \u00e9s&#8230; <span class=\"gridview-grid-post-read-more\"><a href=\"https:\/\/hirekegyhelyen.live\/24infok\/?p=3477\">read more<span class=\"gridview-sr-only\"> Pachmann P\u00e9ter 28 \u00e9v ut\u00e1n v\u00e1ratlanul<\/span><\/a><\/span><\/p>\n","protected":false},"author":1,"featured_media":3478,"comment_status":"open","ping_status":"open","sticky":false,"template":"","format":"standard","meta":{"footnotes":""},"categories":[1],"tags":[],"class_list":["post-3477","post","type-post","status-publish","format-standard","has-post-thumbnail","hentry","category-egyeb","wpcat-1-id"],"_links":{"self":[{"href":"https:\/\/hirekegyhelyen.live\/24infok\/index.php?rest_route=\/wp\/v2\/posts\/3477","targetHints":{"allow":["GET"]}}],"collection":[{"href":"https:\/\/hirekegyhelyen.live\/24infok\/index.php?rest_route=\/wp\/v2\/posts"}],"about":[{"href":"https:\/\/hirekegyhelyen.live\/24infok\/index.php?rest_route=\/wp\/v2\/types\/post"}],"author":[{"embeddable":true,"href":"https:\/\/hirekegyhelyen.live\/24infok\/index.php?rest_route=\/wp\/v2\/users\/1"}],"replies":[{"embeddable":true,"href":"https:\/\/hirekegyhelyen.live\/24infok\/index.php?rest_route=%2Fwp%2Fv2%2Fcomments&post=3477"}],"version-history":[{"count":1,"href":"https:\/\/hirekegyhelyen.live\/24infok\/index.php?rest_route=\/wp\/v2\/posts\/3477\/revisions"}],"predecessor-version":[{"id":3479,"href":"https:\/\/hirekegyhelyen.live\/24infok\/index.php?rest_route=\/wp\/v2\/posts\/3477\/revisions\/3479"}],"wp:featuredmedia":[{"embeddable":true,"href":"https:\/\/hirekegyhelyen.live\/24infok\/index.php?rest_route=\/wp\/v2\/media\/3478"}],"wp:attachment":[{"href":"https:\/\/hirekegyhelyen.live\/24infok\/index.php?rest_route=%2Fwp%2Fv2%2Fmedia&parent=3477"}],"wp:term":[{"taxonomy":"category","embeddable":true,"href":"https:\/\/hirekegyhelyen.live\/24infok\/index.php?rest_route=%2Fwp%2Fv2%2Fcategories&post=3477"},{"taxonomy":"post_tag","embeddable":true,"href":"https:\/\/hirekegyhelyen.live\/24infok\/index.php?rest_route=%2Fwp%2Fv2%2Ftags&post=3477"}],"curies":[{"name":"wp","href":"https:\/\/api.w.org\/{rel}","templated":true}]}}