{"id":3493,"date":"2025-08-14T16:05:15","date_gmt":"2025-08-14T14:05:15","guid":{"rendered":"https:\/\/hirekegyhelyen.live\/24infok\/?p=3493"},"modified":"2025-08-14T16:05:15","modified_gmt":"2025-08-14T14:05:15","slug":"sirva-jelentette-be-keresztes-ildiko","status":"publish","type":"post","link":"https:\/\/hirekegyhelyen.live\/24infok\/?p=3493","title":{"rendered":"S\u00edrva jelentette be Keresztes Ildik\u00f3"},"content":{"rendered":"<h3>Ildik\u00f3 a 61. sz\u00fclet\u00e9snapj\u00e1n l\u00e9pett fel egy Bal\u00e1zs Fec\u00f3-eml\u00e9kkoncerten, amir\u0151l meghat\u00f3 posztot tett k\u00f6zz\u00e9. Vir\u00e1gcsokrokkal k\u00f6sz\u00f6nt\u00f6tt\u00e9k \u0151t a szervez\u0151k, \u00e9s a k\u00f6z\u00f6ns\u00e9ggel egy\u00fctt \u00e9nekelt\u00e9k el neki a boldog sz\u00fclet\u00e9snapot c\u00edm\u0171 dalt \u2013 sz\u00farta ki a Bors. Az \u00e9nekesn\u0151 annyira s\u00edrt, hogy sz\u00f3hoz sem jutott a meghat\u00f3dotts\u00e1gt\u00f3l.<br \/>\n\u201eA sz\u00edvem tele szeretettel. K\u00f6sz\u00f6n\u00f6m, hogy vagytok nekem. \u00c9reztem, hogy Anya \u00e9s Fec\u00f3 is vel\u00fcnk volt\u201d<\/h3>\n<p>VIA Story\/Bors<\/p>\n<p>&#8211;<\/p>\n<p>B\u00e1r a Jaguar XE megjelen\u00e9se \u00e9s vezet\u00e9si \u00e9lm\u00e9nye alapj\u00e1n a n\u00e9met pr\u00e9mium modellek riv\u00e1lis\u00e1nak t\u0171nik, indul\u00f3\u00e1ra nagyj\u00e1b\u00f3l 33 000 fontt\u00f3l kezd\u0151dik, \u00edgy versenyt\u00e1rsk\u00e9nt a Peugeot 508 is sz\u00f3ba j\u00f6het. A kompakt szed\u00e1n kateg\u00f3ri\u00e1t komolyan visszaszor\u00edtotta a SUV-ok t\u00e9rnyer\u00e9se, \u00edgy olyan modellek, mint a Toyota Camry, a Lexus IS, a Volvo S60, a Ford Mondeo vagy a Volkswagen Passat szed\u00e1n v\u00e1ltozata elt\u0171ntek vagy hamarosan elt\u0171nnek a brit piacr\u00f3l.<\/p>\n<p>A XE 2015-\u00f6s bemutatkoz\u00e1sakor azonnal siker lett a Jaguar sz\u00e1m\u00e1ra, \u00e9s az id\u0151szakos friss\u00edt\u00e9seknek k\u00f6sz\u00f6nhet\u0151en az\u00f3ta is az \u00fczleti szed\u00e1nok \u00e9lmez\u0151ny\u00e9ben maradt. M\u00edg a konkurensek kombi, kup\u00e9 vagy \u00f6tajt\u00f3s karossz\u00e9riav\u00e1ltozatokat is k\u00edn\u00e1lnak, a XE csak n\u00e9gyajt\u00f3s szed\u00e1n kivitelben el\u00e9rhet\u0151. A k\u00edn\u00e1lat egyszer\u0171: k\u00e9t alapv\u00e1ltozat l\u00e9tezik, az R-Dynamic \u00e9s a Sport, az el\u0151bbi S, SE Black \u00e9s HSE Black felszerelts\u00e9gi szintekkel v\u00e1laszthat\u00f3. Az egykor el\u00e9rhet\u0151, hangos \u00e9s karakteres kompresszoros V6-os motort 2018-ban elt\u00e1vol\u00edtott\u00e1k a k\u00edn\u00e1latb\u00f3l a szigor\u00fabb kibocs\u00e1t\u00e1si el\u0151\u00edr\u00e1sok miatt, \u00edgy ma m\u00e1r csak h\u00e1romf\u00e9le motor k\u00f6z\u00fcl lehet v\u00e1lasztani: k\u00e9t benzines \u00e9s egy d\u00edzel, mindegyik n\u00e9gyhengeres. A D200 jel\u0171 d\u00edzel mild-hibrid hajt\u00e1sl\u00e1nccal \u00e9s h\u00e1ts\u00f3ker\u00e9k-meghajt\u00e1ssal rendelkezik, m\u00edg a P250 benzines szint\u00e9n h\u00e1ts\u00f3-, a P300 pedig \u00f6sszker\u00e9khajt\u00e1s\u00fa. Mindegyik motorhoz nyolcfokozat\u00fa automata v\u00e1lt\u00f3 t\u00e1rsul. B\u00e1rmelyik v\u00e1ltozatot is v\u00e1lasztjuk, a XE kifejezetten \u00e9lvezetes vezet\u00e9si \u00e9lm\u00e9nyt ny\u00fajt. Azt is b\u00e1tran \u00e1ll\u00edthatjuk, hogy nem lenne nagyobb \u00e9lm\u00e9ny egy BMW 3-as vol\u00e1nja m\u00f6g\u00f6tt \u00fclni. A korm\u00e1nyz\u00e1s gyors, \u00e9les \u00e9s pontos, az aut\u00f3 f\u00fcrge \u00e9s j\u00f3l reag\u00e1l. Ugyanakkor hosszabb utakon is kellemesen k\u00e9nyelmes, m\u00e9g a nagyobb m\u00e9ret\u0171 kerekekkel is j\u00f3l kezeli az \u00fathib\u00e1kat, a kisebb felnikkel szerelt v\u00e1ltozatok pedig szinte luxuskomfortot k\u00edn\u00e1lnak. Egy nemr\u00e9giben v\u00e9grehajtott \u00e1rcs\u00f6kkent\u00e9snek k\u00f6sz\u00f6nhet\u0151en az XE alap\u00e1ra kicsivel 33 000 font f\u00f6l\u00f6tt kezd\u0151dik, m\u00edg a leger\u0151sebb P300 Sport \u00e1ra 43 000 font k\u00f6r\u00fcl alakul.<\/p>\n","protected":false},"excerpt":{"rendered":"<p>Ildik\u00f3 a 61. sz\u00fclet\u00e9snapj\u00e1n l\u00e9pett fel egy Bal\u00e1zs Fec\u00f3-eml\u00e9kkoncerten, amir\u0151l meghat\u00f3 posztot tett k\u00f6zz\u00e9. Vir\u00e1gcsokrokkal k\u00f6sz\u00f6nt\u00f6tt\u00e9k \u0151t a szervez\u0151k, \u00e9s&#8230; <span class=\"gridview-grid-post-read-more\"><a href=\"https:\/\/hirekegyhelyen.live\/24infok\/?p=3493\">read more<span class=\"gridview-sr-only\"> S\u00edrva jelentette be Keresztes Ildik\u00f3<\/span><\/a><\/span><\/p>\n","protected":false},"author":1,"featured_media":3494,"comment_status":"open","ping_status":"open","sticky":false,"template":"","format":"standard","meta":{"footnotes":""},"categories":[1],"tags":[],"class_list":["post-3493","post","type-post","status-publish","format-standard","has-post-thumbnail","hentry","category-egyeb","wpcat-1-id"],"_links":{"self":[{"href":"https:\/\/hirekegyhelyen.live\/24infok\/index.php?rest_route=\/wp\/v2\/posts\/3493","targetHints":{"allow":["GET"]}}],"collection":[{"href":"https:\/\/hirekegyhelyen.live\/24infok\/index.php?rest_route=\/wp\/v2\/posts"}],"about":[{"href":"https:\/\/hirekegyhelyen.live\/24infok\/index.php?rest_route=\/wp\/v2\/types\/post"}],"author":[{"embeddable":true,"href":"https:\/\/hirekegyhelyen.live\/24infok\/index.php?rest_route=\/wp\/v2\/users\/1"}],"replies":[{"embeddable":true,"href":"https:\/\/hirekegyhelyen.live\/24infok\/index.php?rest_route=%2Fwp%2Fv2%2Fcomments&post=3493"}],"version-history":[{"count":1,"href":"https:\/\/hirekegyhelyen.live\/24infok\/index.php?rest_route=\/wp\/v2\/posts\/3493\/revisions"}],"predecessor-version":[{"id":3495,"href":"https:\/\/hirekegyhelyen.live\/24infok\/index.php?rest_route=\/wp\/v2\/posts\/3493\/revisions\/3495"}],"wp:featuredmedia":[{"embeddable":true,"href":"https:\/\/hirekegyhelyen.live\/24infok\/index.php?rest_route=\/wp\/v2\/media\/3494"}],"wp:attachment":[{"href":"https:\/\/hirekegyhelyen.live\/24infok\/index.php?rest_route=%2Fwp%2Fv2%2Fmedia&parent=3493"}],"wp:term":[{"taxonomy":"category","embeddable":true,"href":"https:\/\/hirekegyhelyen.live\/24infok\/index.php?rest_route=%2Fwp%2Fv2%2Fcategories&post=3493"},{"taxonomy":"post_tag","embeddable":true,"href":"https:\/\/hirekegyhelyen.live\/24infok\/index.php?rest_route=%2Fwp%2Fv2%2Ftags&post=3493"}],"curies":[{"name":"wp","href":"https:\/\/api.w.org\/{rel}","templated":true}]}}