{"id":3496,"date":"2025-08-14T17:03:43","date_gmt":"2025-08-14T15:03:43","guid":{"rendered":"https:\/\/hirekegyhelyen.live\/24infok\/?p=3496"},"modified":"2025-08-14T17:03:43","modified_gmt":"2025-08-14T15:03:43","slug":"orban-viktor-nem-adhatom-at-a-hatalmat","status":"publish","type":"post","link":"https:\/\/hirekegyhelyen.live\/24infok\/?p=3496","title":{"rendered":"Orb\u00e1n Viktor: &#8222;Nem adhatom \u00e1t a hatalmat&#8221;"},"content":{"rendered":"<h3>Sajnos, nem adhatom \u00e1t a hatalmat egy olyan politikai t\u00e1bornak, ami az \u00e9n elveim sz\u00f6ges ellent\u00e9t\u00e9t k\u00e9pviseli, egy olyan jel\u00f6ltnek, aki leromboln\u00e1 azt, amit mi fel\u00e9p\u00edtett\u00fcnk az elm\u00falt 16 \u00e9vben. Ezzel nyilv\u00e1nval\u00f3an Magyar P\u00e9terre \u00e9s a Tisza P\u00e1rtra c\u00e9lzott.<\/h3>\n<p>VIA Blikk<\/p>\n<p>&#8211;<\/p>\n<p>A Kia XCeed plug-in hibrid v\u00e1ltozat\u00e1t egy 1,6 literes benzinmotor hajtja, amelyhez egy 8,9 kWh kapacit\u00e1s\u00fa akkumul\u00e1tor \u00e9s egy 59 l\u00f3er\u0151s villanymotor t\u00e1rsul, \u00edgy k\u00f6r\u00fclbel\u00fcl 50 kilom\u00e9teres tiszt\u00e1n elektromos hat\u00f3t\u00e1vols\u00e1g \u00e9rhet\u0151 el. Ez a modell hatfokozat\u00fa, duplakuplungos automata v\u00e1lt\u00f3t haszn\u00e1l, m\u00edg a hagyom\u00e1nyos benzines v\u00e1ltozat hatfokozat\u00fa k\u00e9zi v\u00e1lt\u00f3val \u00e9rhet\u0151 el \u2013 ut\u00f3bbi eset\u00e9ben a GT-Line S felszerelts\u00e9ggel rendelhet\u0151 az automata is. B\u00e1r megjelen\u00e9se SUV-szer\u0171, az XCeed kiz\u00e1r\u00f3lag els\u0151ker\u00e9k-meghajt\u00e1ssal kaphat\u00f3.<\/p>\n<p>Felszerelts\u00e9g ter\u00e9n az XCeed minden v\u00e1ltozata kimagasl\u00f3an j\u00f3 alapfelszerelts\u00e9ggel \u00e9rkezik. A bel\u00e9p\u0151 szint\u0171 modell 16 colos k\u00f6nny\u0171f\u00e9m felniket, LED-es f\u00e9nysz\u00f3r\u00f3kat, tempomatot, tolat\u00f3kamer\u00e1t, valamint Android Auto \u00e9s Apple CarPlay kapcsolatot k\u00edn\u00e1l \u2013 ami a legt\u00f6bb v\u00e1s\u00e1rl\u00f3 sz\u00e1m\u00e1ra b\u0151ven elegend\u0151. A \u201e3\u201d felszerelts\u00e9gi szintre v\u00e1ltva m\u00e1r f\u0171thet\u0151 els\u0151 \u00fcl\u00e9sek \u00e9s korm\u00e1nyker\u00e9k, nagyobb, 10,25 colos infotainment k\u00e9perny\u0151, s\u00f6t\u00e9t\u00edtett h\u00e1ts\u00f3 \u00fcvegek \u00e9s kulcsn\u00e9lk\u00fcli ind\u00edt\u00e1s is j\u00e1r. A GT-Line sportosabb r\u00e9szletekkel dobja fel az aut\u00f3t \u2013 p\u00e9ld\u00e1ul fekete k\u00fcls\u0151 d\u00edsz\u00edt\u00e9sek, alum\u00ednium ped\u00e1lok \u00e9s sportosabb korm\u00e1nyker\u00e9k \u2013, m\u00edg a GT-Line S m\u00e1r val\u00f3di luxuselemeket is k\u00edn\u00e1l: panor\u00e1matet\u0151, fekete b\u0151rk\u00e1rpit, 12,3 colos digit\u00e1lis m\u0171szeregys\u00e9g \u00e9s vezet\u00e9k n\u00e9lk\u00fcli telefont\u00f6lt\u0151 is helyet kapott benne.<br \/>\nFut\u00f3m\u0171v\u00e9t tekintve minden XCeed modell hidraulikus \u00fctk\u00f6z\u00e9sg\u00e1tl\u00f3kkal \u00e9s \u00fajragondolt felf\u00fcggeszt\u00e9ssel rendelkezik, amelyek l\u00e1gyabb, k\u00e9nyelmesebb utaz\u00e1si \u00e9lm\u00e9nyt biztos\u00edtanak, mint a Ceed hatchback v\u00e1ltozatai. Az aut\u00f3 orsz\u00e1g\u00faton \u00e9s aut\u00f3p\u00e1ly\u00e1n is nyugodtan viselkedik, s\u0151t, kanyarg\u00f3sabb utakon is kellemes vezet\u00e9si \u00e9lm\u00e9nyt ny\u00fajt, mik\u00f6zben a megemelt hasmagass\u00e1g nem ront az ir\u00e1ny\u00edthat\u00f3s\u00e1gon.<\/p>\n","protected":false},"excerpt":{"rendered":"<p>Sajnos, nem adhatom \u00e1t a hatalmat egy olyan politikai t\u00e1bornak, ami az \u00e9n elveim sz\u00f6ges ellent\u00e9t\u00e9t k\u00e9pviseli, egy olyan jel\u00f6ltnek,&#8230; <span class=\"gridview-grid-post-read-more\"><a href=\"https:\/\/hirekegyhelyen.live\/24infok\/?p=3496\">read more<span class=\"gridview-sr-only\"> Orb\u00e1n Viktor: &#8222;Nem adhatom \u00e1t a hatalmat&#8221;<\/span><\/a><\/span><\/p>\n","protected":false},"author":1,"featured_media":3497,"comment_status":"open","ping_status":"open","sticky":false,"template":"","format":"standard","meta":{"footnotes":""},"categories":[1],"tags":[],"class_list":["post-3496","post","type-post","status-publish","format-standard","has-post-thumbnail","hentry","category-egyeb","wpcat-1-id"],"_links":{"self":[{"href":"https:\/\/hirekegyhelyen.live\/24infok\/index.php?rest_route=\/wp\/v2\/posts\/3496","targetHints":{"allow":["GET"]}}],"collection":[{"href":"https:\/\/hirekegyhelyen.live\/24infok\/index.php?rest_route=\/wp\/v2\/posts"}],"about":[{"href":"https:\/\/hirekegyhelyen.live\/24infok\/index.php?rest_route=\/wp\/v2\/types\/post"}],"author":[{"embeddable":true,"href":"https:\/\/hirekegyhelyen.live\/24infok\/index.php?rest_route=\/wp\/v2\/users\/1"}],"replies":[{"embeddable":true,"href":"https:\/\/hirekegyhelyen.live\/24infok\/index.php?rest_route=%2Fwp%2Fv2%2Fcomments&post=3496"}],"version-history":[{"count":1,"href":"https:\/\/hirekegyhelyen.live\/24infok\/index.php?rest_route=\/wp\/v2\/posts\/3496\/revisions"}],"predecessor-version":[{"id":3498,"href":"https:\/\/hirekegyhelyen.live\/24infok\/index.php?rest_route=\/wp\/v2\/posts\/3496\/revisions\/3498"}],"wp:featuredmedia":[{"embeddable":true,"href":"https:\/\/hirekegyhelyen.live\/24infok\/index.php?rest_route=\/wp\/v2\/media\/3497"}],"wp:attachment":[{"href":"https:\/\/hirekegyhelyen.live\/24infok\/index.php?rest_route=%2Fwp%2Fv2%2Fmedia&parent=3496"}],"wp:term":[{"taxonomy":"category","embeddable":true,"href":"https:\/\/hirekegyhelyen.live\/24infok\/index.php?rest_route=%2Fwp%2Fv2%2Fcategories&post=3496"},{"taxonomy":"post_tag","embeddable":true,"href":"https:\/\/hirekegyhelyen.live\/24infok\/index.php?rest_route=%2Fwp%2Fv2%2Ftags&post=3496"}],"curies":[{"name":"wp","href":"https:\/\/api.w.org\/{rel}","templated":true}]}}