{"id":3505,"date":"2025-08-15T13:56:08","date_gmt":"2025-08-15T11:56:08","guid":{"rendered":"https:\/\/hirekegyhelyen.live\/24infok\/?p=3505"},"modified":"2025-08-15T13:56:08","modified_gmt":"2025-08-15T11:56:08","slug":"magyar-kezbe-kerult-a-parajdi-sobanya","status":"publish","type":"post","link":"https:\/\/hirekegyhelyen.live\/24infok\/?p=3505","title":{"rendered":"Magyar k\u00e9zbe ker\u00fclt a Parajdi s\u00f3b\u00e1nya"},"content":{"rendered":"<h3>A tervek szerint \u00e9vente 800 ezer tonna s\u00f3 ker\u00fclne a felsz\u00ednre, ami fedezn\u00e9 Magyarorsz\u00e1g s\u00f3ig\u00e9ny\u00e9nek 80\u201390%-\u00e1t, vagy teljes eg\u00e9sz\u00e9ben ell\u00e1thatn\u00e1 Szlov\u00e1ki\u00e1t, Horv\u00e1torsz\u00e1got \u00e9s Szerbi\u00e1t is. A kitermel\u00e9sre sz\u00f3l\u00f3 20 \u00e9ves koncesszi\u00f3 meghosszabb\u00edthat\u00f3, a t\u00e9nyleges termel\u00e9s pedig 2026-ban indulhat.<\/h3>\n<p>Forr\u00e1s: MSN \/ FB<\/p>\n<p>&#8211;<\/p>\n<p>A k\u00f6zelm\u00faltban t\u00f6bb \u00faj kisaut\u00f3 is bemutatkozott, p\u00e9ld\u00e1ul az \u00faj Renault Clio, Suzuki Swift \u00e9s MG 3 modellek, amelyek mind arra t\u00f6rekednek, hogy \u00e1tvegy\u00e9k a Ford Fiesta hely\u00e9t a piacon. Most pedig a Citro\u00ebn is besz\u00e1ll a versenybe a leg\u00fajabb C3-mal, amely szint\u00e9n es\u00e9lyes arra, hogy megh\u00f3d\u00edtsa a kisaut\u00f3k szerelmeseit.<\/p>\n<p>Ez az \u00faj C3 modell l\u00e9nyeg\u00e9ben ugyanazt a k\u00fcls\u0151t viseli, mint a teljesen elektromos v\u00e1ltozata, az \u00eb-C3, amely szint\u00e9n most ker\u00fcl forgalomba. A k\u00e9t v\u00e1ltozat nemcsak a k\u00fcls\u0151 megjelen\u00e9sben egyezik meg, hanem a m\u0171szaki alapokban is: mindkett\u0151 ugyanarra az \u00faj fejleszt\u00e9s\u0171 platformra \u00e9p\u00fcl, amelyet \u201eSmart Car\u201d n\u00e9vre kereszteltek. Ennek a platformnak a legf\u0151bb c\u00e9lja, hogy egyszer\u0171s\u00edtse a gy\u00e1rt\u00e1si folyamatokat, ezzel cs\u00f6kkentve a k\u00f6lts\u00e9geket, ami v\u00e9gs\u0151 soron a fogyaszt\u00f3k sz\u00e1m\u00e1ra is kedvez\u0151bb \u00e1rc\u00e9dul\u00e1t jelent.<\/p>\n<p>\u00c9s val\u00f3ban, az \u00faj C3 nemcsak modern \u00e9s j\u00f3l felszerelt, hanem \u00e1rban is versenyk\u00e9pes \u2013 s\u0151t, m\u00e9g a bel\u00e9p\u0151szint\u0171 Renault Cli\u00f3n\u00e1l is olcs\u00f3bb tud lenni, mik\u00f6zben frissebb \u00e9s korszer\u0171bb modell. Az el\u0151dj\u00e9hez k\u00e9pest ez a C3 teljesen meg\u00fajult: a formaterv m\u00e1r nem a kor\u00e1bbi, lekerek\u00edtett form\u00e1kat k\u00f6veti, hanem sokkal sz\u00f6gletesebb \u00e9s hat\u00e1rozottabb vonalvezet\u00e9s\u0171. A tervez\u0151k c\u00e9lja az volt, hogy az aut\u00f3 egy kisebb SUV hat\u00e1s\u00e1t keltse, \u00e9s ez legink\u00e1bb a magasabb, dobozosabb megjelen\u00e9sben \u00e9rhet\u0151 tetten. M\u00e9g az embl\u00e9ma is \u00faj diz\u00e1jnt kapott, hogy jelezze a modellv\u00e1lt\u00e1st.<\/p>\n<p>\u00c9rdekes m\u00f3don azonban, minden l\u00e1tv\u00e1nyos formai \u00faj\u00edt\u00e1s ellen\u00e9re, az \u00faj C3 alapvet\u0151 m\u00e9retei nem sokat v\u00e1ltoztak az el\u0151z\u0151 gener\u00e1ci\u00f3hoz k\u00e9pest. A hossza tov\u00e1bbra is valamivel t\u00f6bb mint n\u00e9gy m\u00e9ter, a sz\u00e9less\u00e9ge pedig 1,75 m\u00e9ter, vagyis pontosan azt hozza, amit ebben a m\u00e9retoszt\u00e1lyban elv\u00e1rhatunk. Ami val\u00f3ban \u00fajdons\u00e1g, az a magass\u00e1g: t\u00edz centim\u00e9terrel lett magasabb, ami seg\u00edt el\u00e9rni az SUV-hat\u00e1s\u00fa megjelen\u00e9st. A tervez\u0151k n\u00e9h\u00e1ny \u00fcgyes st\u00edluselemmel \u2013 p\u00e9ld\u00e1ul a v\u00edzszintesen fut\u00f3 motorh\u00e1ztet\u0151vel, a tet\u0151s\u00ednekkel \u00e9s az als\u00f3 v\u00e9d\u0151lemezekkel \u2013 fokozz\u00e1k ezt az \u00e9rzetet. A v\u00e9geredm\u00e9ny egy meglehet\u0151sen egyszer\u0171, visszafogott kin\u00e9zet\u0171 aut\u00f3 lett, ami b\u00e1r nem cs\u00fanya, m\u00e9gis hi\u00e1nyzik bel\u0151le az a j\u00e1t\u00e9koss\u00e1g, amit kor\u00e1bban a Citro\u00ebnt\u0151l megszoktunk. Lehetne benne egy kicsit t\u00f6bb egy\u00e9nis\u00e9g, t\u00f6bb karakter.<\/p>\n","protected":false},"excerpt":{"rendered":"<p>A tervek szerint \u00e9vente 800 ezer tonna s\u00f3 ker\u00fclne a felsz\u00ednre, ami fedezn\u00e9 Magyarorsz\u00e1g s\u00f3ig\u00e9ny\u00e9nek 80\u201390%-\u00e1t, vagy teljes eg\u00e9sz\u00e9ben ell\u00e1thatn\u00e1&#8230; <span class=\"gridview-grid-post-read-more\"><a href=\"https:\/\/hirekegyhelyen.live\/24infok\/?p=3505\">read more<span class=\"gridview-sr-only\"> Magyar k\u00e9zbe ker\u00fclt a Parajdi s\u00f3b\u00e1nya<\/span><\/a><\/span><\/p>\n","protected":false},"author":1,"featured_media":3506,"comment_status":"open","ping_status":"open","sticky":false,"template":"","format":"standard","meta":{"footnotes":""},"categories":[1],"tags":[],"class_list":["post-3505","post","type-post","status-publish","format-standard","has-post-thumbnail","hentry","category-egyeb","wpcat-1-id"],"_links":{"self":[{"href":"https:\/\/hirekegyhelyen.live\/24infok\/index.php?rest_route=\/wp\/v2\/posts\/3505","targetHints":{"allow":["GET"]}}],"collection":[{"href":"https:\/\/hirekegyhelyen.live\/24infok\/index.php?rest_route=\/wp\/v2\/posts"}],"about":[{"href":"https:\/\/hirekegyhelyen.live\/24infok\/index.php?rest_route=\/wp\/v2\/types\/post"}],"author":[{"embeddable":true,"href":"https:\/\/hirekegyhelyen.live\/24infok\/index.php?rest_route=\/wp\/v2\/users\/1"}],"replies":[{"embeddable":true,"href":"https:\/\/hirekegyhelyen.live\/24infok\/index.php?rest_route=%2Fwp%2Fv2%2Fcomments&post=3505"}],"version-history":[{"count":1,"href":"https:\/\/hirekegyhelyen.live\/24infok\/index.php?rest_route=\/wp\/v2\/posts\/3505\/revisions"}],"predecessor-version":[{"id":3507,"href":"https:\/\/hirekegyhelyen.live\/24infok\/index.php?rest_route=\/wp\/v2\/posts\/3505\/revisions\/3507"}],"wp:featuredmedia":[{"embeddable":true,"href":"https:\/\/hirekegyhelyen.live\/24infok\/index.php?rest_route=\/wp\/v2\/media\/3506"}],"wp:attachment":[{"href":"https:\/\/hirekegyhelyen.live\/24infok\/index.php?rest_route=%2Fwp%2Fv2%2Fmedia&parent=3505"}],"wp:term":[{"taxonomy":"category","embeddable":true,"href":"https:\/\/hirekegyhelyen.live\/24infok\/index.php?rest_route=%2Fwp%2Fv2%2Fcategories&post=3505"},{"taxonomy":"post_tag","embeddable":true,"href":"https:\/\/hirekegyhelyen.live\/24infok\/index.php?rest_route=%2Fwp%2Fv2%2Ftags&post=3505"}],"curies":[{"name":"wp","href":"https:\/\/api.w.org\/{rel}","templated":true}]}}