{"id":3522,"date":"2025-08-16T19:56:37","date_gmt":"2025-08-16T17:56:37","guid":{"rendered":"https:\/\/hirekegyhelyen.live\/24infok\/?p=3522"},"modified":"2025-08-16T19:56:37","modified_gmt":"2025-08-16T17:56:37","slug":"49-evesen-hagyott-itt-hazank-legnepszerubb-szinesznoje","status":"publish","type":"post","link":"https:\/\/hirekegyhelyen.live\/24infok\/?p=3522","title":{"rendered":"49 \u00e9vesen hagyott itt haz\u00e1nk legn\u00e9pszer\u0171bb sz\u00edn\u00e9szn\u0151je"},"content":{"rendered":"<h3>A negyvenes \u00e9vei v\u00e9ge fel\u00e9 j\u00e1r\u00f3 M\u00e1nyai Zsuzsa hi\u00e1ba dolgozott szinte folyamatosan, mindez nem volt el\u00e9g ahhoz, hogy \u00f6nmaga sz\u00e1m\u00e1ra megfelel\u0151 szerepet tal\u00e1ljon az \u00e9let show-m\u0171sor\u00e1ban. Mind\u00f6ssze 49 esztend\u0151s volt, amikor \u00e9let\u00e9nek v\u00e9get vetett.<br \/>\nM\u00e1nyai Zsuzsa volt a j\u00f3kedv, a f\u00e9ktelen j\u00f3kedv megtestes\u00edt\u0151je. S M\u00e1nyai Zsuzsa lett a legf\u00e1jdalmasabb dr\u00e1ma f\u0151szerepl\u0151je is. &#8211; \u00edrja az \u00fajs\u00e1gm\u00fazeum.<\/h3>\n<p>&#8211;<\/p>\n<p>V\u00e1rosi k\u00f6rnyezetben a Sportage k\u00f6nnyen man\u0151verezhet\u0151, a kis fordul\u00f3k\u00f6r \u00e9s a j\u00f3 kil\u00e1t\u00e1s miatt ide\u00e1lis v\u00e1laszt\u00e1s lehet, k\u00fcl\u00f6n\u00f6sen hibridk\u00e9nt, ahol a finom m\u0171k\u00f6d\u00e9s\u0171 hajt\u00e1sl\u00e1nc alacsony sebess\u00e9gn\u00e9l is j\u00f3l dolgozik. Az alacsonyabb felszerelts\u00e9gi szinteken haszn\u00e1lt kisebb kerekek m\u00e9g tov\u00e1bb n\u00f6velik a k\u00e9nyelmet. Orsz\u00e1g\u00faton a puha fut\u00f3m\u0171 j\u00f3l csillap\u00edt, b\u00e1r a kanyarstabilit\u00e1s nem kiemelked\u0151. Aut\u00f3p\u00e1ly\u00e1n a hibrid ism\u00e9t el\u0151nyben van, mivel k\u00e9pes tart\u00f3san kikapcsolt bels\u0151 \u00e9g\u00e9s\u0171 motorral haladni, cs\u00f6kkentve ezzel a fogyaszt\u00e1st \u00e9s a zajt.<\/p>\n<p>A Sportage fogyaszt\u00e1si \u00e9s k\u00e1rosanyag-kibocs\u00e1t\u00e1si adatai m\u00e9g nem v\u00e9glegesek, de a benzines verzi\u00f3 v\u00e1rhat\u00f3an kevesebb mint 40 mpg-t, a hibrid v\u00e1ltozat pedig k\u00f6zel 50 mpg-t produk\u00e1l majd. A plug-in hibrid t\u00f6bb mint 40 m\u00e9rf\u00f6ldet k\u00e9pes megtenni tiszt\u00e1n elektromosan, noha ez a hat\u00f3t\u00e1v elmarad a VW Tiguan vagy bizonyos francia modellek \u00e9rt\u00e9keit\u0151l. A 13,8 kWh-s akkumul\u00e1tor teljes felt\u00f6lt\u00e9se egy 7,4 kW-os otthoni t\u00f6lt\u0151vel k\u00f6r\u00fclbel\u00fcl k\u00e9t \u00f3r\u00e1t vesz ig\u00e9nybe. Az akkura k\u00fcl\u00f6n garancia is \u00e9rv\u00e9nyes: legal\u00e1bb 70%-os kapacit\u00e1smeg\u0151rz\u00e9st garant\u00e1lnak h\u00e9t \u00e9vig vagy 100 000 m\u00e9rf\u00f6ldig.<\/p>\n<p>Bels\u0151 kialak\u00edt\u00e1s\u00e1ban a Sportage sokkal letisztultabb lett. Az \u00faj m\u0171szerfal egyszer\u0171bb, eleg\u00e1nsabb, megszabadult a t\u00falm\u00e9retezett szell\u0151z\u0151kt\u0151l, \u00e9s az \u00faj EV3-b\u00f3l \u00e1temelt korm\u00e1nyon fizikai gombokat is tal\u00e1lunk. A k\u00f6zponti \u00e9rint\u0151k\u00e9perny\u0151 imm\u00e1r Kia leg\u00fajabb infotainment rendszer\u00e9vel, a \u2018ccNC\u2019-vel m\u0171k\u00f6dik, ami gyorsabb men\u00fcrendszert, nagyobb ikonokat \u00e9s vezet\u00e9k n\u00e9lk\u00fcli Apple CarPlay\/Android Auto t\u00e1mogat\u00e1st biztos\u00edt. A cs\u00facsmodellek head-up display-j\u00e9ben is megjelen\u00edthet\u0151k a navig\u00e1ci\u00f3s appok. A rendszer r\u00e9sze egy \u00faj AI-alap\u00fa hangvez\u00e9rl\u00e9s is, amely term\u00e9szetesebb parancsokat \u00e9rt \u00e9s komplex navig\u00e1ci\u00f3s \u00fatvonalak be\u00e1ll\u00edt\u00e1s\u00e1t is lehet\u0151v\u00e9 teszi.<\/p>\n","protected":false},"excerpt":{"rendered":"<p>A negyvenes \u00e9vei v\u00e9ge fel\u00e9 j\u00e1r\u00f3 M\u00e1nyai Zsuzsa hi\u00e1ba dolgozott szinte folyamatosan, mindez nem volt el\u00e9g ahhoz, hogy \u00f6nmaga sz\u00e1m\u00e1ra&#8230; <span class=\"gridview-grid-post-read-more\"><a href=\"https:\/\/hirekegyhelyen.live\/24infok\/?p=3522\">read more<span class=\"gridview-sr-only\"> 49 \u00e9vesen hagyott itt haz\u00e1nk legn\u00e9pszer\u0171bb sz\u00edn\u00e9szn\u0151je<\/span><\/a><\/span><\/p>\n","protected":false},"author":1,"featured_media":3524,"comment_status":"open","ping_status":"open","sticky":false,"template":"","format":"standard","meta":{"footnotes":""},"categories":[1],"tags":[],"class_list":["post-3522","post","type-post","status-publish","format-standard","has-post-thumbnail","hentry","category-egyeb","wpcat-1-id"],"_links":{"self":[{"href":"https:\/\/hirekegyhelyen.live\/24infok\/index.php?rest_route=\/wp\/v2\/posts\/3522","targetHints":{"allow":["GET"]}}],"collection":[{"href":"https:\/\/hirekegyhelyen.live\/24infok\/index.php?rest_route=\/wp\/v2\/posts"}],"about":[{"href":"https:\/\/hirekegyhelyen.live\/24infok\/index.php?rest_route=\/wp\/v2\/types\/post"}],"author":[{"embeddable":true,"href":"https:\/\/hirekegyhelyen.live\/24infok\/index.php?rest_route=\/wp\/v2\/users\/1"}],"replies":[{"embeddable":true,"href":"https:\/\/hirekegyhelyen.live\/24infok\/index.php?rest_route=%2Fwp%2Fv2%2Fcomments&post=3522"}],"version-history":[{"count":1,"href":"https:\/\/hirekegyhelyen.live\/24infok\/index.php?rest_route=\/wp\/v2\/posts\/3522\/revisions"}],"predecessor-version":[{"id":3525,"href":"https:\/\/hirekegyhelyen.live\/24infok\/index.php?rest_route=\/wp\/v2\/posts\/3522\/revisions\/3525"}],"wp:featuredmedia":[{"embeddable":true,"href":"https:\/\/hirekegyhelyen.live\/24infok\/index.php?rest_route=\/wp\/v2\/media\/3524"}],"wp:attachment":[{"href":"https:\/\/hirekegyhelyen.live\/24infok\/index.php?rest_route=%2Fwp%2Fv2%2Fmedia&parent=3522"}],"wp:term":[{"taxonomy":"category","embeddable":true,"href":"https:\/\/hirekegyhelyen.live\/24infok\/index.php?rest_route=%2Fwp%2Fv2%2Fcategories&post=3522"},{"taxonomy":"post_tag","embeddable":true,"href":"https:\/\/hirekegyhelyen.live\/24infok\/index.php?rest_route=%2Fwp%2Fv2%2Ftags&post=3522"}],"curies":[{"name":"wp","href":"https:\/\/api.w.org\/{rel}","templated":true}]}}