{"id":3567,"date":"2025-08-19T16:52:50","date_gmt":"2025-08-19T14:52:50","guid":{"rendered":"https:\/\/hirekegyhelyen.live\/24infok\/?p=3567"},"modified":"2025-08-19T16:54:21","modified_gmt":"2025-08-19T14:54:21","slug":"megjott-a-2026-os-gaz-ara-ez-mar-hivatalos","status":"publish","type":"post","link":"https:\/\/hirekegyhelyen.live\/24infok\/?p=3567","title":{"rendered":"Megj\u00f6tt a 2026-os G\u00c1Z \u00c1RA! EZ M\u00c1R HIVATALOS!"},"content":{"rendered":"<h3>Piaci \u00e1r: Az ezen fel\u00fcli fogyaszt\u00e1s\u00e9rt m\u00e1r a piaci \u00e1rat kell fizetni, amely l\u00e9nyegesen magasabb lehet. A g\u00e1z \u00e1ra 2025-ben ez\u00e9rt az adott h\u00e1ztart\u00e1s fogyaszt\u00e1si szok\u00e1sait\u00f3l jelent\u0151sen f\u00fcgg.<br \/>\nP\u00e9lda: rezsics\u00f6kkent\u00e9s \u00e9s t\u00fall\u00e9p\u00e9s \u2013 Rezsics\u00f6kkentett fogyaszt\u00e1s eset\u00e9n: P\u00e9ld\u00e1ul 1 m\u00b3 f\u00f6ldg\u00e1z \u00e1ra 100 Ft k\u00f6r\u00fcli \u00f6sszeg lehet.<br \/>\nT\u00fall\u00e9p\u00e9s eset\u00e9n: A piaci \u00e1rak alapj\u00e1n 1 m\u00b3 f\u00f6ldg\u00e1z ak\u00e1r 500 Ft is lehet, amely a h\u00e1ztart\u00e1sok sz\u00e1m\u00e1ra jelent\u0151s t\u00f6bbletk\u00f6lts\u00e9get jelent.<\/h3>\n<p>Forr\u00e1s: MSN \/ PLine<br \/>\n&#8211;<\/p>\n<p>A k\u00edn\u00e1lat alapj\u00e1t k\u00e9pez\u0151, bel\u00e9p\u0151 szint\u0171 1.4 literes, 89 l\u00f3er\u0151s benzinmotor val\u00f3j\u00e1ban csak v\u00e1rosi haszn\u00e1latra aj\u00e1nlott \u2013 orsz\u00e1g\u00faton vagy aut\u00f3p\u00e1ly\u00e1n ugyanis el\u00e9g v\u00e9rszeg\u00e9nynek \u00e9rz\u0151dik. B\u00e1r elind\u00edtja a modellpalett\u00e1t, sokan gyorsan \u00e1tl\u00e9pnek rajta, mivel a dinamizmus ter\u00e9n komoly hi\u00e1nyoss\u00e1gokat mutat ny\u00edlt utakon. Ha mindenk\u00e9ppen benzines motort szeretn\u00e9nk v\u00e1lasztani, \u00e9rdemes ink\u00e1bb a modernebb, 1.4 literes Multiair egys\u00e9get megfontolni. Ez a v\u00e1ltozat j\u00f3val kiegyens\u00falyozottabb teljes\u00edtm\u00e9nyt k\u00edn\u00e1l, mik\u00f6zben meg\u0151rzi a takar\u00e9kos \u00fczemanyag-fogyaszt\u00e1s \u00e9s az alacsony k\u00e1rosanyag-kibocs\u00e1t\u00e1s el\u0151nyeit is. Teh\u00e1t nemcsak \u00e9lvezetesebb vezet\u00e9si \u00e9lm\u00e9nyt biztos\u00edt, hanem p\u00e9nzt\u00e1rcabar\u00e1tabb is hossz\u00fa t\u00e1von.<\/p>\n<p>A d\u00edzelmotorok v\u00e1laszt\u00e9ka h\u00e1romf\u00e9le teljes\u00edtm\u00e9nyszintet k\u00edn\u00e1l, \u00e9s \u00f6sszess\u00e9g\u00e9ben mindegyik korrekt v\u00e1laszt\u00e1s. Azonban a 118 l\u00f3er\u0151s 1.6-os d\u00edzel kiz\u00e1r\u00f3lag automata v\u00e1lt\u00f3val el\u00e9rhet\u0151, ami sok lehets\u00e9ges v\u00e1s\u00e1rl\u00f3t elriaszthat \u2013 f\u0151leg azokat, akik a manu\u00e1lis v\u00e1lt\u00e1st prefer\u00e1lj\u00e1k a fokozott kontroll vagy a sportosabb \u00e9lm\u00e9ny miatt. Aki viszont els\u0151dlegesen az \u00fczemanyag-hat\u00e9konys\u00e1got \u00e9s a fenntart\u00e1si k\u00f6lts\u00e9gek minimaliz\u00e1l\u00e1s\u00e1t tartja szem el\u0151tt, annak a 105 l\u00f3er\u0151s 1.6 Multijet Eco verzi\u00f3 lehet az ide\u00e1lis v\u00e1laszt\u00e1s.<\/p>\n<p>Ez a kivitel csup\u00e1n 115 g\/km sz\u00e9n-dioxidot bocs\u00e1t ki, aminek k\u00f6sz\u00f6nhet\u0151en a kedvez\u0151bb C kateg\u00f3ri\u00e1ba esik a g\u00e9pj\u00e1rm\u0171ad\u00f3 szempontj\u00e1b\u00f3l. Finom j\u00e1r\u00e1s\u00fa, halk, kultur\u00e1lt m\u0171k\u00f6d\u00e9s\u0171, \u00e9s a legjobb n\u00e9gyhengeres d\u00edzel csal\u00e1di aut\u00f3k k\u00f6z\u00f6tt is m\u00e9lt\u00f3 helyet foglal el. Kiv\u00e1l\u00f3 \u00e1r-\u00e9rt\u00e9k ar\u00e1nyt k\u00edn\u00e1l, \u00e9s b\u00e1r az \u201eEco\u201d megnevez\u00e9s\u0171 modell hosszabb \u00e1tt\u00e9telez\u00e9st kapott \u2013 ami kiss\u00e9 visszafogja az alacsony fordulatsz\u00e1m melletti gyors\u00edt\u00e1st \u2013, ez a kompromisszum elfogadhat\u00f3 azok sz\u00e1m\u00e1ra, akik hossz\u00fa t\u00e1v\u00fa megtakar\u00edt\u00e1sokra t\u00f6rekszenek.<\/p>\n","protected":false},"excerpt":{"rendered":"<p>Piaci \u00e1r: Az ezen fel\u00fcli fogyaszt\u00e1s\u00e9rt m\u00e1r a piaci \u00e1rat kell fizetni, amely l\u00e9nyegesen magasabb lehet. A g\u00e1z \u00e1ra 2025-ben&#8230; <span class=\"gridview-grid-post-read-more\"><a href=\"https:\/\/hirekegyhelyen.live\/24infok\/?p=3567\">read more<span class=\"gridview-sr-only\"> Megj\u00f6tt a 2026-os G\u00c1Z \u00c1RA! EZ M\u00c1R HIVATALOS!<\/span><\/a><\/span><\/p>\n","protected":false},"author":1,"featured_media":3568,"comment_status":"open","ping_status":"open","sticky":false,"template":"","format":"standard","meta":{"footnotes":""},"categories":[1],"tags":[],"class_list":["post-3567","post","type-post","status-publish","format-standard","has-post-thumbnail","hentry","category-egyeb","wpcat-1-id"],"_links":{"self":[{"href":"https:\/\/hirekegyhelyen.live\/24infok\/index.php?rest_route=\/wp\/v2\/posts\/3567","targetHints":{"allow":["GET"]}}],"collection":[{"href":"https:\/\/hirekegyhelyen.live\/24infok\/index.php?rest_route=\/wp\/v2\/posts"}],"about":[{"href":"https:\/\/hirekegyhelyen.live\/24infok\/index.php?rest_route=\/wp\/v2\/types\/post"}],"author":[{"embeddable":true,"href":"https:\/\/hirekegyhelyen.live\/24infok\/index.php?rest_route=\/wp\/v2\/users\/1"}],"replies":[{"embeddable":true,"href":"https:\/\/hirekegyhelyen.live\/24infok\/index.php?rest_route=%2Fwp%2Fv2%2Fcomments&post=3567"}],"version-history":[{"count":2,"href":"https:\/\/hirekegyhelyen.live\/24infok\/index.php?rest_route=\/wp\/v2\/posts\/3567\/revisions"}],"predecessor-version":[{"id":3570,"href":"https:\/\/hirekegyhelyen.live\/24infok\/index.php?rest_route=\/wp\/v2\/posts\/3567\/revisions\/3570"}],"wp:featuredmedia":[{"embeddable":true,"href":"https:\/\/hirekegyhelyen.live\/24infok\/index.php?rest_route=\/wp\/v2\/media\/3568"}],"wp:attachment":[{"href":"https:\/\/hirekegyhelyen.live\/24infok\/index.php?rest_route=%2Fwp%2Fv2%2Fmedia&parent=3567"}],"wp:term":[{"taxonomy":"category","embeddable":true,"href":"https:\/\/hirekegyhelyen.live\/24infok\/index.php?rest_route=%2Fwp%2Fv2%2Fcategories&post=3567"},{"taxonomy":"post_tag","embeddable":true,"href":"https:\/\/hirekegyhelyen.live\/24infok\/index.php?rest_route=%2Fwp%2Fv2%2Ftags&post=3567"}],"curies":[{"name":"wp","href":"https:\/\/api.w.org\/{rel}","templated":true}]}}