{"id":3629,"date":"2025-08-23T19:07:36","date_gmt":"2025-08-23T17:07:36","guid":{"rendered":"https:\/\/hirekegyhelyen.live\/24infok\/?p=3629"},"modified":"2025-08-23T19:07:36","modified_gmt":"2025-08-23T17:07:36","slug":"meghalt-lovas-rozi-parja","status":"publish","type":"post","link":"https:\/\/hirekegyhelyen.live\/24infok\/?p=3629","title":{"rendered":"Meghalt Lovas Rozi P\u00e1rja"},"content":{"rendered":"<h3>Id\u0151vel azonban siker\u00fclt tov\u00e1bbl\u00e9pnie, \u00e9s apr\u00e1nk\u00e9nt \u00fajrakezdte az \u00e9let\u00e9t. Horv\u00e1th J\u00e1nos Antal szem\u00e9ly\u00e9ben \u00faj p\u00e1rra tal\u00e1lt, akivel 2020 tavasz\u00e1n \u00f6sszeh\u00e1zasodtak, \u00e9s k\u00e9t gy\u00f6ny\u00f6r\u0171 gyermek\u00fck sz\u00fcletett.<\/h3>\n<p>VIA Story<\/p>\n<p>&#8211;<\/p>\n<p>A leg\u00fajabb Kia Sportage hat\u00e1rozottan kit\u0171nik a k\u00f6z\u00e9pkateg\u00f3ri\u00e1s SUV-k mez\u0151ny\u00e9b\u0151l \u2013 \u00e9s nem csup\u00e1n felt\u0171n\u0151 megjelen\u00e9s\u00e9vel. Sz\u00e9les motorv\u00e1laszt\u00e9kot k\u00edn\u00e1l, hogy minden v\u00e1s\u00e1rl\u00f3i ig\u00e9nyt kiel\u00e9g\u00edtsen, mik\u00f6zben \u00e1raz\u00e1sa rendk\u00edv\u00fcl versenyk\u00e9pes. A t\u00e1gas bels\u0151 t\u00e9r szint\u00e9n er\u0151s \u00e9rv a csal\u00e1di aut\u00f3t keres\u0151k sz\u00e1m\u00e1ra, r\u00e1ad\u00e1sul k\u00e9nyelmes utaz\u00e1si \u00e9lm\u00e9nyt \u00e9s modern, j\u00f3l \u00e9lhet\u0151 utasteret biztos\u00edt.<br \/>\nNem hib\u00e1tlan azonban: a motorjai meglehet\u0151sen zajosak, ami ront az \u00f6sszhat\u00e1son, \u00e9s a hat\u00e9konys\u00e1ga is elmarad a hibrid vet\u00e9lyt\u00e1rsak egyre b\u0151v\u00fcl\u0151 k\u00edn\u00e1lat\u00e1hoz k\u00e9pest.<\/p>\n<p>A Sportage benzines, hibrid \u00e9s plug-in hibrid hajt\u00e1sl\u00e1nccal \u00e9rhet\u0151 el. Az alapv\u00e1ltozat egy 1.6 literes, n\u00e9gyhengeres turb\u00f3s benzinmotorral m\u0171k\u00f6dik, amely els\u0151ker\u00e9k-meghajt\u00e1ssal kaphat\u00f3. A hibrid \u00e9s plug-in hibrid modellek szint\u00e9n ezt az er\u0151forr\u00e1st haszn\u00e1lj\u00e1k, elektromotorral \u00e9s \u2013 a PHEV eset\u00e9ben \u2013 egy 13,8 kWh-s akkumul\u00e1torral kieg\u00e9sz\u00edtve. A hibrid v\u00e1ltozat 212 l\u00f3er\u0151s, m\u00edg a plug-in hibrid 246 l\u00f3er\u0151t tud, mindkett\u0151 hatfokozat\u00fa automata v\u00e1lt\u00f3val, \u00e9s a PHEV eset\u00e9n az \u00f6sszker\u00e9khajt\u00e1s alapfelszerelts\u00e9g, valamint tiszt\u00e1n elektromos m\u00f3dban ak\u00e1r 70 kilom\u00e9ter is megtehet\u0151.<br \/>\nA Sportage indul\u00f3 \u00e1ra alig marad 30 000 font alatt, a bel\u00e9p\u0151 szint\u0171 \u201e2\u201d felszerelts\u00e9ggel, de a teljes felszerelts\u00e9g\u0171 GT-Line S plug-in hibrid v\u00e1ltozat \u00e1ra m\u00e1r k\u00f6zel\u00edti a 46 000 fontot. \u00d6sszess\u00e9g\u00e9ben azonban a Kia j\u00f3 \u00e1r-\u00e9rt\u00e9k ar\u00e1nyt k\u00edn\u00e1l, k\u00fcl\u00f6n\u00f6sen a Ford Kuga \u00e9s a Nissan Qashqai hasonl\u00f3 modelljeihez viszony\u00edtva. A k\u00f6z\u00e9ps\u0151, \u201e3\u201d felszerelts\u00e9gi szint a legjobb v\u00e1laszt\u00e1s lehet, k\u00fcl\u00f6n\u00f6sen a \u201eShadow\u201d k\u00fcl\u00f6nkiad\u00e1s, amely kedvez\u0151bb \u00e1ron k\u00edn\u00e1lja ugyanazt, r\u00e1ad\u00e1sul pr\u00e9mium met\u00e1l f\u00e9nyez\u00e9ssel. A bels\u0151 t\u00e9r is sokat fejl\u0151d\u00f6tt: a k\u00e9t darab 12,3 colos kijelz\u0151, a r\u00e9szben m\u0171b\u0151r k\u00e1rpitoz\u00e1s, a f\u0171thet\u0151 \u00fcl\u00e9sek \u00e9s \u2013 az automata vagy hibrid v\u00e1ltozatokn\u00e1l \u2013 az adapt\u00edv tempomat mind-mind emelik a felszerelts\u00e9gi szintet. A bel\u00e9p\u0151 szint kiz\u00e1r\u00f3lag a 157 l\u00f3er\u0151s benzinmotorral \u00e9s k\u00e9zi v\u00e1lt\u00f3val \u00e9rhet\u0151 el.<\/p>\n","protected":false},"excerpt":{"rendered":"<p>Id\u0151vel azonban siker\u00fclt tov\u00e1bbl\u00e9pnie, \u00e9s apr\u00e1nk\u00e9nt \u00fajrakezdte az \u00e9let\u00e9t. Horv\u00e1th J\u00e1nos Antal szem\u00e9ly\u00e9ben \u00faj p\u00e1rra tal\u00e1lt, akivel 2020 tavasz\u00e1n \u00f6sszeh\u00e1zasodtak,&#8230; <span class=\"gridview-grid-post-read-more\"><a href=\"https:\/\/hirekegyhelyen.live\/24infok\/?p=3629\">read more<span class=\"gridview-sr-only\"> Meghalt Lovas Rozi P\u00e1rja<\/span><\/a><\/span><\/p>\n","protected":false},"author":1,"featured_media":3630,"comment_status":"open","ping_status":"open","sticky":false,"template":"","format":"standard","meta":{"footnotes":""},"categories":[1],"tags":[],"class_list":["post-3629","post","type-post","status-publish","format-standard","has-post-thumbnail","hentry","category-egyeb","wpcat-1-id"],"_links":{"self":[{"href":"https:\/\/hirekegyhelyen.live\/24infok\/index.php?rest_route=\/wp\/v2\/posts\/3629","targetHints":{"allow":["GET"]}}],"collection":[{"href":"https:\/\/hirekegyhelyen.live\/24infok\/index.php?rest_route=\/wp\/v2\/posts"}],"about":[{"href":"https:\/\/hirekegyhelyen.live\/24infok\/index.php?rest_route=\/wp\/v2\/types\/post"}],"author":[{"embeddable":true,"href":"https:\/\/hirekegyhelyen.live\/24infok\/index.php?rest_route=\/wp\/v2\/users\/1"}],"replies":[{"embeddable":true,"href":"https:\/\/hirekegyhelyen.live\/24infok\/index.php?rest_route=%2Fwp%2Fv2%2Fcomments&post=3629"}],"version-history":[{"count":1,"href":"https:\/\/hirekegyhelyen.live\/24infok\/index.php?rest_route=\/wp\/v2\/posts\/3629\/revisions"}],"predecessor-version":[{"id":3631,"href":"https:\/\/hirekegyhelyen.live\/24infok\/index.php?rest_route=\/wp\/v2\/posts\/3629\/revisions\/3631"}],"wp:featuredmedia":[{"embeddable":true,"href":"https:\/\/hirekegyhelyen.live\/24infok\/index.php?rest_route=\/wp\/v2\/media\/3630"}],"wp:attachment":[{"href":"https:\/\/hirekegyhelyen.live\/24infok\/index.php?rest_route=%2Fwp%2Fv2%2Fmedia&parent=3629"}],"wp:term":[{"taxonomy":"category","embeddable":true,"href":"https:\/\/hirekegyhelyen.live\/24infok\/index.php?rest_route=%2Fwp%2Fv2%2Fcategories&post=3629"},{"taxonomy":"post_tag","embeddable":true,"href":"https:\/\/hirekegyhelyen.live\/24infok\/index.php?rest_route=%2Fwp%2Fv2%2Ftags&post=3629"}],"curies":[{"name":"wp","href":"https:\/\/api.w.org\/{rel}","templated":true}]}}