{"id":3648,"date":"2025-08-24T20:22:19","date_gmt":"2025-08-24T18:22:19","guid":{"rendered":"https:\/\/hirekegyhelyen.live\/24infok\/?p=3648"},"modified":"2025-08-24T20:29:15","modified_gmt":"2025-08-24T18:29:15","slug":"magyar-peternek-befellegzett","status":"publish","type":"post","link":"https:\/\/hirekegyhelyen.live\/24infok\/?p=3648","title":{"rendered":"Magyar P\u00e9ternek befellegzett!"},"content":{"rendered":"<h3>M\u00edg Varga Juditot egy k\u00e9t l\u00e1bbal a f\u00f6ld\u00f6n j\u00e1r\u00f3, k\u00f6vetkezetes, ugyanakkor embers\u00e9ges vezet\u0151nek ismertem meg, addig a volt f\u00e9rj\u00e9t egy fennh\u00e9j\u00e1z\u00f3 \u00e9letet \u00e9l\u0151 szem\u00e9lynek tartottam, akiben folyton munk\u00e1lt a szerepl\u00e9si v\u00e1gy, minden mozdulata arra ir\u00e1nyult, hogy a reflektorf\u00e9nyben legyen\u201d \u2013 jelentette ki. <span style=\"color: #ff0000;\">A RAJ\u00d3K MEGTAL\u00c1LTAK A KISZIV\u00c1RGOTT VID\/\u00d3T AHOL MAGYAR P\u00c9TER L\u00c1THAT\u00d3 AHOGY AKKORI FELES\u00c9G\u00c9VEL B\u00c1NIK! &#8211; HAMAROSAN J\u00d6V\u00dcNK A VID\/\u00d3VAL \u00c9S A R\u00c9SZLETEKKEL!<\/span><\/h3>\n<p>Forr\u00e1s: MSN \/ FB<\/p>\n<p>&#8211;<\/p>\n<p>Ha eltekint\u00fcnk az objekt\u00edv \u00f6sszehasonl\u00edt\u00e1s k\u00e9nyszer\u00e9t\u0151l, az Infiniti M30d szinte maxim\u00e1lis pontsz\u00e1mot \u00e9rdemelne ebben a kateg\u00f3ri\u00e1ban. D\u00edzelmotorja ugyanis olyan teljes\u00edtm\u00e9nyt k\u00edn\u00e1l, amely b\u0151ven elegend\u0151 a mindennapi k\u00f6zleked\u00e9si helyzetek t\u00falnyom\u00f3 t\u00f6bbs\u00e9g\u00e9ben, ugyanakkor a kifinomults\u00e1ga is m\u00e9lt\u00f3 egy fels\u0151kateg\u00f3ri\u00e1s \u00fczleti limuzinhoz.<\/p>\n<p>A 3,0 literes, V6-os d\u00edzelmotor, amely 235 l\u00f3er\u0151s teljes\u00edtm\u00e9nye mellett 550 Nm nyomat\u00e9kot biztos\u00edt, er\u0151teljes els\u0151 pr\u00f3b\u00e1lkoz\u00e1snak sz\u00e1m\u00edt a gy\u00e1rt\u00f3 r\u00e9sz\u00e9r\u0151l \u2014 m\u00e9g ha ebben a Renault technikai seg\u00edts\u00e9ge is szerepet j\u00e1tszott. Ez azonban nem v\u00e1ltoztat azon a t\u00e9nyen, hogy az M sorozat olyan piaci szegmensbe \u00e9rkezett, ahol a konkurencia kiv\u00e9tel n\u00e9lk\u00fcl magas sz\u00ednvonalat k\u00e9pvisel. Olyan modellekkel kell megm\u00e9rk\u0151znie, amelyek \u00e9vek \u00f3ta jelen vannak a piacon, \u00e9s amelyek finomhangolt technikai megold\u00e1sai m\u00e1r bizony\u00edtottak.<\/p>\n<p>Ugyanakkor vil\u00e1gosan \u00e9rz\u00e9kelhet\u0151k a k\u00fcl\u00f6nbs\u00e9gek az Infiniti M k\u00e9t f\u0151 v\u00e1ltozata \u2014 a komfortosabb GT \u00e9s a sportosabb S \u2014 k\u00f6z\u00f6tt. Az egyik legnyilv\u00e1nval\u00f3bb elt\u00e9r\u00e9s a korm\u00e1nyz\u00e1sban mutatkozik meg. Ahogyan az v\u00e1rhat\u00f3 volt, a GT v\u00e1ltozat ny\u00fajt term\u00e9szetesebb, kisz\u00e1m\u00edthat\u00f3bb visszajelz\u00e9st a korm\u00e1nyon kereszt\u00fcl. \u00c1m ennek \u00e1ra van: a korm\u00e1nym\u0171 \u00e1tt\u00e9telez\u00e9se meglehet\u0151sen lass\u00fa, \u00e9s ha ehhez hozz\u00e1vessz\u00fck a GT v\u00e1ltozat puh\u00e1bb hangol\u00e1s\u00fa fut\u00f3m\u0171v\u00e9t, az aut\u00f3 n\u00e9ha kiss\u00e9 vonakod\u00f3nak t\u0171nhet a kanyarok bevet\u00e9s\u00e9n\u00e9l \u2014 nem annyira \u00f6szt\u00f6n\u00f6sen fordul, mint azt az ember egy sportos pr\u00e9miumlimuzint\u00f3l elv\u00e1rn\u00e1.<\/p>\n","protected":false},"excerpt":{"rendered":"<p>M\u00edg Varga Juditot egy k\u00e9t l\u00e1bbal a f\u00f6ld\u00f6n j\u00e1r\u00f3, k\u00f6vetkezetes, ugyanakkor embers\u00e9ges vezet\u0151nek ismertem meg, addig a volt f\u00e9rj\u00e9t egy&#8230; <span class=\"gridview-grid-post-read-more\"><a href=\"https:\/\/hirekegyhelyen.live\/24infok\/?p=3648\">read more<span class=\"gridview-sr-only\"> Magyar P\u00e9ternek befellegzett!<\/span><\/a><\/span><\/p>\n","protected":false},"author":1,"featured_media":3649,"comment_status":"open","ping_status":"open","sticky":false,"template":"","format":"standard","meta":{"footnotes":""},"categories":[1],"tags":[],"class_list":["post-3648","post","type-post","status-publish","format-standard","has-post-thumbnail","hentry","category-egyeb","wpcat-1-id"],"_links":{"self":[{"href":"https:\/\/hirekegyhelyen.live\/24infok\/index.php?rest_route=\/wp\/v2\/posts\/3648","targetHints":{"allow":["GET"]}}],"collection":[{"href":"https:\/\/hirekegyhelyen.live\/24infok\/index.php?rest_route=\/wp\/v2\/posts"}],"about":[{"href":"https:\/\/hirekegyhelyen.live\/24infok\/index.php?rest_route=\/wp\/v2\/types\/post"}],"author":[{"embeddable":true,"href":"https:\/\/hirekegyhelyen.live\/24infok\/index.php?rest_route=\/wp\/v2\/users\/1"}],"replies":[{"embeddable":true,"href":"https:\/\/hirekegyhelyen.live\/24infok\/index.php?rest_route=%2Fwp%2Fv2%2Fcomments&post=3648"}],"version-history":[{"count":3,"href":"https:\/\/hirekegyhelyen.live\/24infok\/index.php?rest_route=\/wp\/v2\/posts\/3648\/revisions"}],"predecessor-version":[{"id":3652,"href":"https:\/\/hirekegyhelyen.live\/24infok\/index.php?rest_route=\/wp\/v2\/posts\/3648\/revisions\/3652"}],"wp:featuredmedia":[{"embeddable":true,"href":"https:\/\/hirekegyhelyen.live\/24infok\/index.php?rest_route=\/wp\/v2\/media\/3649"}],"wp:attachment":[{"href":"https:\/\/hirekegyhelyen.live\/24infok\/index.php?rest_route=%2Fwp%2Fv2%2Fmedia&parent=3648"}],"wp:term":[{"taxonomy":"category","embeddable":true,"href":"https:\/\/hirekegyhelyen.live\/24infok\/index.php?rest_route=%2Fwp%2Fv2%2Fcategories&post=3648"},{"taxonomy":"post_tag","embeddable":true,"href":"https:\/\/hirekegyhelyen.live\/24infok\/index.php?rest_route=%2Fwp%2Fv2%2Ftags&post=3648"}],"curies":[{"name":"wp","href":"https:\/\/api.w.org\/{rel}","templated":true}]}}