{"id":3653,"date":"2025-08-24T21:21:56","date_gmt":"2025-08-24T19:21:56","guid":{"rendered":"https:\/\/hirekegyhelyen.live\/24infok\/?p=3653"},"modified":"2025-08-24T21:21:56","modified_gmt":"2025-08-24T19:21:56","slug":"ekkortol-idosek-nem-vihetnek-vissza-flakonokat","status":"publish","type":"post","link":"https:\/\/hirekegyhelyen.live\/24infok\/?p=3653","title":{"rendered":"Ekkort\u00f3l id\u0151sek nem vihetnek vissza FLAKONOKAT"},"content":{"rendered":"<h3>F\u0151 ok pedig a lass\u00fas\u00e1g! Hatalmas sor szokott kialakulni magyar\u00e1zta \u2013 Horv\u00e1th P\u00e9ter a pet\u00edci\u00f3 ind\u00edt\u00f3ja! Neked mi a v\u00e9lem\u00e9nyed? Lapunk szerint hatalmas H*lyes\u00e9g!<\/h3>\n<p>Forr\u00e1s: MSN \/ FB<\/p>\n<p>&#8211;<\/p>\n<p>Az Alfa Romeo teljesen \u0151szint\u00e9n \u00e9s ny\u00edltan v\u00e1llalta, hogy a Mito formavil\u00e1g\u00e1t az exkluz\u00edv 8C Competizione szupersportkocsi ihlette \u2013 \u00e9s ebben semmi kivetnival\u00f3 nincs. S\u0151t, ez a ny\u00edlt utal\u00e1s egy\u00e9rtelm\u0171 c\u00e9lt szolg\u00e1l: azt szeretn\u00e9k el\u00e9rni, hogy m\u00e9g azok is, akik a kisebb teljes\u00edtm\u00e9ny\u0171 v\u00e1ltozatokat v\u00e1lasztj\u00e1k, \u00e9rezzenek valamit abb\u00f3l a k\u00fcl\u00f6nleges, sportos \u00e9lm\u00e9nyb\u0151l, amit a 8C k\u00e9pvisel. Term\u00e9szetesen az, hogy valaki mennyire \u00e9rzi ezt val\u00f3ban \u00e1tj\u00f6v\u0151nek, vagy hogy mennyire vonz\u00f3 sz\u00e1m\u00e1ra a Mito form\u00e1ja, teljes m\u00e9rt\u00e9kben szubjekt\u00edv. Mindenesetre mi \u00fagy tapasztaltuk, hogy a Mito legal\u00e1bb figyelemfelkelt\u0151 aut\u00f3 \u2013 az emberek t\u00f6bbs\u00e9ge, akik l\u00e1tj\u00e1k, pozit\u00edvan reag\u00e1lnak r\u00e1. \u00c9rdekes m\u00f3don, anekdot\u00e1k szerint a n\u0151k legink\u00e1bb az aut\u00f3 orr\u00e1t kedvelik, m\u00edg a f\u00e9rfiak ink\u00e1bb a h\u00e1ts\u00f3 r\u00e9sz\u00e9t tartj\u00e1k vonz\u00f3nak.<\/p>\n<p>Az aut\u00f3 egy\u00e9bk\u00e9nt b\u0151ven k\u00edn\u00e1l lehet\u0151s\u00e9get az egy\u00e9ni \u00edzl\u00e9s szerinti szem\u00e9lyre szab\u00e1sra is: a v\u00e1s\u00e1rl\u00f3k k\u00fcl\u00f6nf\u00e9le matric\u00e1kb\u00f3l v\u00e1logathatnak, legyen az n\u00e9gylevel\u0171 l\u00f3here, olasz z\u00e1szl\u00f3 vagy m\u00e1s diz\u00e1jnelem \u2013 hasonl\u00f3an ahhoz, amit a Fiat 500-n\u00e1l is l\u00e1thattunk. Ez lehet\u0151s\u00e9get teremt arra, hogy a tulajdonosok m\u00e9g ink\u00e1bb saj\u00e1tjukk\u00e1 tegy\u00e9k a j\u00e1rm\u0171vet, egyfajta \u00e9rzelmi k\u00f6t\u0151d\u00e9st kialak\u00edtva az aut\u00f3val.<\/p>\n<p>A h\u00e1ts\u00f3 r\u00e9sz kialak\u00edt\u00e1s\u00e1n\u00e1l is figyeltek az eszt\u00e9tikumra: a csomagtart\u00f3 nyit\u00f3gombj\u00e1t p\u00e9ld\u00e1ul a m\u00e1rkajelz\u00e9s m\u00f6g\u00e9 rejtett\u00e9k, ami nemcsak praktikus, hanem diz\u00e1jn szempontb\u00f3l is eleg\u00e1ns megold\u00e1s, hiszen ez\u00e1ltal tiszt\u00e1k maradhatnak a h\u00e1ts\u00f3 vonalak, nem t\u00f6ri meg \u0151ket semmilyen zavar\u00f3 elem. Emellett a h\u00e1ts\u00f3 spoilert is minden modelln\u00e9l alapfelszerelts\u00e9gk\u00e9nt k\u00edn\u00e1lj\u00e1k, ami sportosabb\u00e1 \u00e9s c\u00e9ltudatosabb\u00e1 teszi az \u00f6sszhat\u00e1st.<\/p>\n","protected":false},"excerpt":{"rendered":"<p>F\u0151 ok pedig a lass\u00fas\u00e1g! Hatalmas sor szokott kialakulni magyar\u00e1zta \u2013 Horv\u00e1th P\u00e9ter a pet\u00edci\u00f3 ind\u00edt\u00f3ja! Neked mi a v\u00e9lem\u00e9nyed?&#8230; <span class=\"gridview-grid-post-read-more\"><a href=\"https:\/\/hirekegyhelyen.live\/24infok\/?p=3653\">read more<span class=\"gridview-sr-only\"> Ekkort\u00f3l id\u0151sek nem vihetnek vissza FLAKONOKAT<\/span><\/a><\/span><\/p>\n","protected":false},"author":1,"featured_media":3654,"comment_status":"open","ping_status":"open","sticky":false,"template":"","format":"standard","meta":{"footnotes":""},"categories":[1],"tags":[],"class_list":["post-3653","post","type-post","status-publish","format-standard","has-post-thumbnail","hentry","category-egyeb","wpcat-1-id"],"_links":{"self":[{"href":"https:\/\/hirekegyhelyen.live\/24infok\/index.php?rest_route=\/wp\/v2\/posts\/3653","targetHints":{"allow":["GET"]}}],"collection":[{"href":"https:\/\/hirekegyhelyen.live\/24infok\/index.php?rest_route=\/wp\/v2\/posts"}],"about":[{"href":"https:\/\/hirekegyhelyen.live\/24infok\/index.php?rest_route=\/wp\/v2\/types\/post"}],"author":[{"embeddable":true,"href":"https:\/\/hirekegyhelyen.live\/24infok\/index.php?rest_route=\/wp\/v2\/users\/1"}],"replies":[{"embeddable":true,"href":"https:\/\/hirekegyhelyen.live\/24infok\/index.php?rest_route=%2Fwp%2Fv2%2Fcomments&post=3653"}],"version-history":[{"count":1,"href":"https:\/\/hirekegyhelyen.live\/24infok\/index.php?rest_route=\/wp\/v2\/posts\/3653\/revisions"}],"predecessor-version":[{"id":3655,"href":"https:\/\/hirekegyhelyen.live\/24infok\/index.php?rest_route=\/wp\/v2\/posts\/3653\/revisions\/3655"}],"wp:featuredmedia":[{"embeddable":true,"href":"https:\/\/hirekegyhelyen.live\/24infok\/index.php?rest_route=\/wp\/v2\/media\/3654"}],"wp:attachment":[{"href":"https:\/\/hirekegyhelyen.live\/24infok\/index.php?rest_route=%2Fwp%2Fv2%2Fmedia&parent=3653"}],"wp:term":[{"taxonomy":"category","embeddable":true,"href":"https:\/\/hirekegyhelyen.live\/24infok\/index.php?rest_route=%2Fwp%2Fv2%2Fcategories&post=3653"},{"taxonomy":"post_tag","embeddable":true,"href":"https:\/\/hirekegyhelyen.live\/24infok\/index.php?rest_route=%2Fwp%2Fv2%2Ftags&post=3653"}],"curies":[{"name":"wp","href":"https:\/\/api.w.org\/{rel}","templated":true}]}}