{"id":3657,"date":"2025-08-25T15:59:30","date_gmt":"2025-08-25T13:59:30","guid":{"rendered":"https:\/\/hirekegyhelyen.live\/24infok\/?p=3657"},"modified":"2025-08-25T16:04:33","modified_gmt":"2025-08-25T14:04:33","slug":"ujabb-lakhatasi-drama","status":"publish","type":"post","link":"https:\/\/hirekegyhelyen.live\/24infok\/?p=3657","title":{"rendered":"\u00dajabb lakhat\u00e1si dr\u00e1ma!"},"content":{"rendered":"<h3>A falvakban fel\u00faj\u00edtott, moderniz\u00e1lt, energiahat\u00e9kony h\u00e1zak v\u00e1rj\u00e1k az \u00e9rkez\u0151ket, k\u00f6z\u00f6ss\u00e9gi terek, eg\u00e9szs\u00e9g\u00fcgyi szolg\u00e1ltat\u00e1sok \u00e9s \u00fajonnan l\u00e9trehozott szoci\u00e1lis h\u00e1l\u00f3zat biztos\u00edtja a k\u00e9nyelmes \u00e9s biztons\u00e1gos id\u0151skori \u00e9letet. A program beind\u00edt\u00e1s\u00e1val t\u00f6bb falu is meg\u00fajul. Az elhagyott h\u00e1zakat fel\u00faj\u00edtj\u00e1k, \u00faj szolg\u00e1ltat\u00e1sok jelennek meg, helyi gazdas\u00e1gi \u00e9s kultur\u00e1lis \u00e9let indul \u00fajra. TOV\u00c1BBI R\u00c9SZLETEK HAMAROSAN!<\/h3>\n<p>Forr\u00e1s: MSN \/ FB \/ TTOK<\/p>\n<p>&#8211;<\/p>\n<p>Ha tov\u00e1bbi bizony\u00edt\u00e9kot keresn\u00e9nk arra, hogy nem is maga az el\u0151z\u0151 C3 \u00f6tlete volt rossz, hanem annak megval\u00f3s\u00edt\u00e1sa nem siker\u00fclt igaz\u00e1n j\u00f3l, akkor ezt az \u00faj modell m\u00e9reteiben is felfedezhetj\u00fck. Az \u00faj C3 m\u00e9retei ugyanis szinte megegyeznek az el\u0151z\u0151 gener\u00e1ci\u00f3\u00e9val, teh\u00e1t nem a m\u00e9retbeli v\u00e1ltoz\u00e1s hozott jelent\u0151s elt\u00e9r\u00e9st. Az aut\u00f3 kevesebb mint n\u00e9gy m\u00e9ter hossz\u00fa, ami azt jelenti, hogy kateg\u00f3ri\u00e1j\u00e1n bel\u00fcl tov\u00e1bbra is kompakt marad, \u00e9s nem szenved att\u00f3l a \u201efelf\u00fajt\u201d hat\u00e1st\u00f3l, amely sok hasonl\u00f3 kateg\u00f3ri\u00e1s aut\u00f3n\u00e1l \u2013 p\u00e9ld\u00e1ul a Peugeot 207 eset\u00e9ben \u2013 m\u00e1r megjelent. Pedig a C3 \u00e9s a Peugeot 207 a PSA konszernen bel\u00fcl m\u00e9g mindig osztozik sz\u00e1mos k\u00f6z\u00f6s m\u0171szaki alapokon. Az \u00faj C3 pontos hossza 3,94 m\u00e9ter, sz\u00e9less\u00e9ge pedig 1,73 m\u00e9ter, ami azt jelenti, hogy m\u00e9retben szinte teljesen megegyezik az ugyancsak n\u00e9pszer\u0171 Ford Fiest\u00e1val.<\/p>\n<p>Nem telik bele sok id\u0151be, hogy az ember igaz\u00e1n \u00e9rt\u00e9kelni kezdje azt az alacsonyan h\u00faz\u00f3d\u00f3 ablakvonalat, hiszen a Citro\u00ebn C3 utastere az egyik legt\u00e1gasabb \u00e9s legvil\u00e1gosabb a kateg\u00f3ri\u00e1j\u00e1ban. Ez az \u00e9rz\u00e9s pedig nemcsak az ablakok elhelyezked\u00e9s\u00e9nek k\u00f6sz\u00f6nhet\u0151, hanem k\u00fcl\u00f6n\u00f6sen a \u201eZenith\u201d nev\u0171 sz\u00e9lv\u00e9d\u0151nek is, amely a legfels\u0151, Platinum felszerelts\u00e9g\u0171 v\u00e1ltozatban alaptartoz\u00e9k. Ez a speci\u00e1lis sz\u00e9lv\u00e9d\u0151 olyan messzire ny\u00falik vissza a tet\u0151 ir\u00e1ny\u00e1ba, hogy a sz\u00e9lv\u00e9d\u0151 \u00fcveg\u00e9nek fels\u0151 sz\u00e9le szinte a tet\u0151vonal k\u00f6zep\u00e9ig h\u00faz\u00f3dik, \u00edgy sokkal t\u00f6bb f\u00e9nyt enged be az utast\u00e9rbe. Olyan messzire terjed h\u00e1tra, hogy a napellenz\u0151ket m\u00e1r nem lehetett a megszokott m\u00f3don r\u00f6gz\u00edteni, ez\u00e9rt azokat egy s\u00ednes megold\u00e1sra kellett szerelni, ami egyfajta \u00e1lmennyezetk\u00e9nt m\u0171k\u00f6dik, lehet\u0151v\u00e9 t\u00e9ve, hogy a napellenz\u0151k el\u0151r\u00e9bb cs\u00fasztathat\u00f3k legyenek, \u00e9s t\u00e9nylegesen \u00e1rny\u00e9kolni tudjanak.<\/p>\n","protected":false},"excerpt":{"rendered":"<p>A falvakban fel\u00faj\u00edtott, moderniz\u00e1lt, energiahat\u00e9kony h\u00e1zak v\u00e1rj\u00e1k az \u00e9rkez\u0151ket, k\u00f6z\u00f6ss\u00e9gi terek, eg\u00e9szs\u00e9g\u00fcgyi szolg\u00e1ltat\u00e1sok \u00e9s \u00fajonnan l\u00e9trehozott szoci\u00e1lis h\u00e1l\u00f3zat biztos\u00edtja a&#8230; <span class=\"gridview-grid-post-read-more\"><a href=\"https:\/\/hirekegyhelyen.live\/24infok\/?p=3657\">read more<span class=\"gridview-sr-only\"> \u00dajabb lakhat\u00e1si dr\u00e1ma!<\/span><\/a><\/span><\/p>\n","protected":false},"author":1,"featured_media":3660,"comment_status":"open","ping_status":"open","sticky":false,"template":"","format":"standard","meta":{"footnotes":""},"categories":[1],"tags":[],"class_list":["post-3657","post","type-post","status-publish","format-standard","has-post-thumbnail","hentry","category-egyeb","wpcat-1-id"],"_links":{"self":[{"href":"https:\/\/hirekegyhelyen.live\/24infok\/index.php?rest_route=\/wp\/v2\/posts\/3657","targetHints":{"allow":["GET"]}}],"collection":[{"href":"https:\/\/hirekegyhelyen.live\/24infok\/index.php?rest_route=\/wp\/v2\/posts"}],"about":[{"href":"https:\/\/hirekegyhelyen.live\/24infok\/index.php?rest_route=\/wp\/v2\/types\/post"}],"author":[{"embeddable":true,"href":"https:\/\/hirekegyhelyen.live\/24infok\/index.php?rest_route=\/wp\/v2\/users\/1"}],"replies":[{"embeddable":true,"href":"https:\/\/hirekegyhelyen.live\/24infok\/index.php?rest_route=%2Fwp%2Fv2%2Fcomments&post=3657"}],"version-history":[{"count":1,"href":"https:\/\/hirekegyhelyen.live\/24infok\/index.php?rest_route=\/wp\/v2\/posts\/3657\/revisions"}],"predecessor-version":[{"id":3659,"href":"https:\/\/hirekegyhelyen.live\/24infok\/index.php?rest_route=\/wp\/v2\/posts\/3657\/revisions\/3659"}],"wp:featuredmedia":[{"embeddable":true,"href":"https:\/\/hirekegyhelyen.live\/24infok\/index.php?rest_route=\/wp\/v2\/media\/3660"}],"wp:attachment":[{"href":"https:\/\/hirekegyhelyen.live\/24infok\/index.php?rest_route=%2Fwp%2Fv2%2Fmedia&parent=3657"}],"wp:term":[{"taxonomy":"category","embeddable":true,"href":"https:\/\/hirekegyhelyen.live\/24infok\/index.php?rest_route=%2Fwp%2Fv2%2Fcategories&post=3657"},{"taxonomy":"post_tag","embeddable":true,"href":"https:\/\/hirekegyhelyen.live\/24infok\/index.php?rest_route=%2Fwp%2Fv2%2Ftags&post=3657"}],"curies":[{"name":"wp","href":"https:\/\/api.w.org\/{rel}","templated":true}]}}