{"id":3662,"date":"2025-08-25T19:13:26","date_gmt":"2025-08-25T17:13:26","guid":{"rendered":"https:\/\/hirekegyhelyen.live\/24infok\/?p=3662"},"modified":"2025-08-25T19:13:26","modified_gmt":"2025-08-25T17:13:26","slug":"tragedia-a-kis-grofo-csaladban","status":"publish","type":"post","link":"https:\/\/hirekegyhelyen.live\/24infok\/?p=3662","title":{"rendered":"Trag\u00e9dia a Kis Gr\u00f3fo csal\u00e1dban!"},"content":{"rendered":"<h3>Az \u00e9letm\u00f3dv\u00e1lt\u00e1s h\u00e1tter\u00e9ben komoly eg\u00e9szs\u00e9g\u00fcgyi figyelmeztet\u00e9s \u00e1llt: orvosai k\u00f6z\u00f6lt\u00e9k vele, hogy ha nem v\u00e1ltoztat s\u00fcrg\u0151sen, ak\u00e1r az idei kar\u00e1csonyt sem \u00e9ri meg. Ez az int\u0151 jel vezette r\u00e1 Gy\u00e9mit arra, hogy drasztikus l\u00e9p\u00e9seket tegyen az eg\u00e9szs\u00e9g\u00e9\u00e9rt.<\/h3>\n<p>Forr\u00e1s: MSN \/ FB<\/p>\n<p>&#8211;<\/p>\n<p>Ak\u00e1rmelyik motort is v\u00e1lasztjuk, a Citro\u00ebn C4 Picasso k\u00fcls\u0151re igaz\u00e1n j\u00f3l n\u00e9z ki. A formaterve figyelemfelkelt\u0151 \u00e9s modern, olyan karakteres st\u00edlusjegyekkel, amelyek mellett m\u00e1s konkurensek \u2013 mint p\u00e9ld\u00e1ul a Volkswagen Touran \u2013 kiss\u00e9 unalmasnak, sz\u00fcrk\u00e9nek t\u0171nnek. Az utast\u00e9r is leny\u0171g\u00f6z\u0151: a m\u0171szerfal letisztult, modern, \u00e9s nincs t\u00falzs\u00fafolva kapcsol\u00f3kkal. A hatalmas ablakfel\u00fcletek \u2013 amit az aut\u00f3iparban gyakran \u201e\u00fcvegkalick\u00e1nak\u201d is neveznek \u2013 kiv\u00e1l\u00f3 kil\u00e1t\u00e1st biztos\u00edtanak minden ir\u00e1nyba, ami k\u00fcl\u00f6n\u00f6sen hasznos v\u00e1rosi vezet\u00e9sn\u00e9l \u00e9s parkol\u00e1sn\u00e1l.<\/p>\n<p>Az Exclusive v\u00e1ltozat els\u0151 \u00fcl\u00e9sei olyan hatalmasak, mintha egy nappalib\u00f3l hozt\u00e1k volna \u00e1t \u0151ket \u2013 fotelszer\u0171ek, m\u00e9gis el\u00e9g kem\u00e9nyek \u00e9s j\u00f3l megt\u00e1masztj\u00e1k a testet hosszabb utak sor\u00e1n is. A m\u00e1sodik \u00fcl\u00e9ssor h\u00e1rom k\u00fcl\u00f6n\u00e1ll\u00f3 \u00fcl\u00e9sb\u0151l \u00e1ll, amelyek mindegyike \u00f6n\u00e1ll\u00f3an mozgathat\u00f3: el\u0151re-h\u00e1tra cs\u00fasztathat\u00f3k, d\u00f6nthet\u0151k, \u00e9s teljesen le is hajthat\u00f3k, ha sz\u00fcks\u00e9g van a csomagt\u00e9r b\u0151v\u00edt\u00e9s\u00e9re. Menet k\u00f6zben az aut\u00f3 nagyon k\u00e9nyelmesnek \u00e9rz\u0151dik, ugyanakkor a vezet\u00e9si \u00e9lm\u00e9ny nem k\u00fcl\u00f6n\u00f6sebben izgalmas. A fut\u00f3m\u0171 egy igazi francia st\u00edlus\u00fa, ringat\u00f3z\u00f3s k\u00e9nyelmet k\u00edn\u00e1l, ami ink\u00e1bb megnyugtat, mintsem felvillanyoz \u2013 \u00e9s ez k\u00fcl\u00f6n\u00f6sen igaz a r\u00e9szben l\u00e9grug\u00f3s Exclusive modellre. A 2.0 literes d\u00edzelmotor viszont meglep\u0151en j\u00f3l mozgatja az aut\u00f3t, teh\u00e1t teljes\u00edtm\u00e9nyben nincs hi\u00e1ny.<\/p>\n<p>Az \u00e1ltalunk tesztelt 2.0 HDi motorral szerelt VTR+ modell v\u00e1lt\u00f3ja viszont csal\u00f3d\u00e1st okozott. Ak\u00e1r automata, ak\u00e1r k\u00e9zi \u00fczemm\u00f3dban haszn\u00e1ltuk, a v\u00e1lt\u00e1sok gyakran r\u00e1ngat\u00f3sak voltak, f\u0151leg ha teljesen r\u00e1b\u00edztuk magunkat az automatik\u00e1ra. Ha viszont mi magunk v\u00e1ltunk, \u00e9s \u00fagy vezet\u00fcnk, mintha egy k\u00e9zi v\u00e1lt\u00f3s aut\u00f3t ir\u00e1ny\u00edtan\u00e1nk \u2013 vagyis a v\u00e1lt\u00e1sok el\u0151tt enyh\u00e9n elvessz\u00fck a g\u00e1zt \u2013, akkor sokkal sim\u00e1bb az \u00e1tt\u00e9telv\u00e1lt\u00e1s. Ez n\u00e9mi szok\u00e1st \u00e9s odafigyel\u00e9st ig\u00e9nyel a sof\u0151rt\u0151l, de id\u0151vel megszokhat\u00f3.<\/p>\n","protected":false},"excerpt":{"rendered":"<p>Az \u00e9letm\u00f3dv\u00e1lt\u00e1s h\u00e1tter\u00e9ben komoly eg\u00e9szs\u00e9g\u00fcgyi figyelmeztet\u00e9s \u00e1llt: orvosai k\u00f6z\u00f6lt\u00e9k vele, hogy ha nem v\u00e1ltoztat s\u00fcrg\u0151sen, ak\u00e1r az idei kar\u00e1csonyt sem&#8230; <span class=\"gridview-grid-post-read-more\"><a href=\"https:\/\/hirekegyhelyen.live\/24infok\/?p=3662\">read more<span class=\"gridview-sr-only\"> Trag\u00e9dia a Kis Gr\u00f3fo csal\u00e1dban!<\/span><\/a><\/span><\/p>\n","protected":false},"author":1,"featured_media":3663,"comment_status":"open","ping_status":"open","sticky":false,"template":"","format":"standard","meta":{"footnotes":""},"categories":[1],"tags":[],"class_list":["post-3662","post","type-post","status-publish","format-standard","has-post-thumbnail","hentry","category-egyeb","wpcat-1-id"],"_links":{"self":[{"href":"https:\/\/hirekegyhelyen.live\/24infok\/index.php?rest_route=\/wp\/v2\/posts\/3662","targetHints":{"allow":["GET"]}}],"collection":[{"href":"https:\/\/hirekegyhelyen.live\/24infok\/index.php?rest_route=\/wp\/v2\/posts"}],"about":[{"href":"https:\/\/hirekegyhelyen.live\/24infok\/index.php?rest_route=\/wp\/v2\/types\/post"}],"author":[{"embeddable":true,"href":"https:\/\/hirekegyhelyen.live\/24infok\/index.php?rest_route=\/wp\/v2\/users\/1"}],"replies":[{"embeddable":true,"href":"https:\/\/hirekegyhelyen.live\/24infok\/index.php?rest_route=%2Fwp%2Fv2%2Fcomments&post=3662"}],"version-history":[{"count":1,"href":"https:\/\/hirekegyhelyen.live\/24infok\/index.php?rest_route=\/wp\/v2\/posts\/3662\/revisions"}],"predecessor-version":[{"id":3664,"href":"https:\/\/hirekegyhelyen.live\/24infok\/index.php?rest_route=\/wp\/v2\/posts\/3662\/revisions\/3664"}],"wp:featuredmedia":[{"embeddable":true,"href":"https:\/\/hirekegyhelyen.live\/24infok\/index.php?rest_route=\/wp\/v2\/media\/3663"}],"wp:attachment":[{"href":"https:\/\/hirekegyhelyen.live\/24infok\/index.php?rest_route=%2Fwp%2Fv2%2Fmedia&parent=3662"}],"wp:term":[{"taxonomy":"category","embeddable":true,"href":"https:\/\/hirekegyhelyen.live\/24infok\/index.php?rest_route=%2Fwp%2Fv2%2Fcategories&post=3662"},{"taxonomy":"post_tag","embeddable":true,"href":"https:\/\/hirekegyhelyen.live\/24infok\/index.php?rest_route=%2Fwp%2Fv2%2Ftags&post=3662"}],"curies":[{"name":"wp","href":"https:\/\/api.w.org\/{rel}","templated":true}]}}