{"id":3676,"date":"2025-08-26T14:50:02","date_gmt":"2025-08-26T12:50:02","guid":{"rendered":"https:\/\/hirekegyhelyen.live\/24infok\/?p=3676"},"modified":"2025-08-26T14:50:02","modified_gmt":"2025-08-26T12:50:02","slug":"jon-a-delelotti-idosav-az-idoseknek","status":"publish","type":"post","link":"https:\/\/hirekegyhelyen.live\/24infok\/?p=3676","title":{"rendered":"J\u00f6n a d\u00e9lel\u0151tti id\u0151s\u00e1v az id\u0151seknek"},"content":{"rendered":"<h3>A betegs\u00e9g nemcsak Szlov\u00e1ki\u00e1ban, hanem Magyarorsz\u00e1gon is fel\u00fct\u00f6tte a fej\u00e9t: Ong\u00e1n, Borsod-Aba\u00faj-Zempl\u00e9n v\u00e1rmegy\u00e9ben h-patitis-A fert0z\u00f6tteket azonos\u00edtottak. Az \u00f6nkorm\u00e1nyzat emiatt lemondta a v\u00e1rosnapot, amelyet hat \u00e9v kihagy\u00e1s ut\u00e1n augusztus 20-\u00e1n tartottak volna.<\/h3>\n<p>VIA Blikk<\/p>\n<p>&#8211;<\/p>\n<p>Orsz\u00e1g\u00faton \u00e9s kanyarg\u00f3s utakon az RZ sokat fejl\u0151d\u00f6tt: az \u00faj fut\u00f3m\u0171, a merevebb karossz\u00e9ria \u00e9s a finomhangolt korm\u00e1nyz\u00e1s eredm\u00e9nyek\u00e9nt az aut\u00f3 dinamikus viselked\u00e9se \u00e9rezhet\u0151en jobb lett. A 350e \u00e9s az 500e is kiegyens\u00falyozott, komfortos, mik\u00f6zben pontosan \u00e9s stabilan vezethet\u0151. Az 550e high-tech korm\u00e1nyrendszere nagyobb temp\u00f3n\u00e1l term\u00e9szetesebbnek hat, de \u00f6sszess\u00e9g\u00e9ben nem ny\u00fajt sz\u00e1mottev\u0151en jobb \u00e9lm\u00e9nyt, mint az olcs\u00f3bb 500e.<\/p>\n<p>Aut\u00f3p\u00e1ly\u00e1n m\u00e9g nem volt lehet\u0151s\u00e9g kipr\u00f3b\u00e1lni a friss\u00edtett RZ-t, de az el\u0151dmodell kiv\u00e1l\u00f3 zajszigetel\u00e9st k\u00edn\u00e1lt, \u00edgy nem sz\u00e1m\u00edtunk roml\u00e1sra. A kor\u00e1bbi fut\u00f3m\u0171 ink\u00e1bb az \u00fathib\u00e1kon val\u00f3 \u201ehull\u00e1mz\u00e1ssal\u201d keltett visszafogott kritik\u00e1t, de a friss\u00edt\u00e9sek ut\u00e1n v\u00e1rhat\u00f3an e t\u00e9ren is javul\u00e1st hoz a modell. Ami a gumikat illeti: \u00e9rdekes m\u00f3don az els\u0151ker\u00e9k-meghajt\u00e1s\u00fa RZ-n h\u00e1tul sz\u00e9lesebb abroncsok vannak, mivel a h\u00e1ts\u00f3 nyomt\u00e1v is sz\u00e9lesebb \u2013 ez a kezelhet\u0151s\u00e9g jav\u00edt\u00e1sa \u00e9rdek\u00e9ben t\u00f6rt\u00e9nt.<\/p>\n<p>Ami a hat\u00f3t\u00e1vot \u00e9s a t\u00f6lt\u00e9st illeti, az \u00faj, nagyobb kapacit\u00e1s\u00fa akkumul\u00e1tor komoly el\u0151rel\u00e9p\u00e9s. A frontmeghajt\u00e1s\u00fa 350e ak\u00e1r 569 kilom\u00e9tert is megtehet 18 colos kerekekkel, de 20 colos felnik v\u00e1laszt\u00e1sakor ez 509 kilom\u00e9terre cs\u00f6kken. Az \u00f6sszker\u00e9khajt\u00e1s\u00fa 500e 310 m\u00e9rf\u00f6ldet (498 km) tud 18 colos, \u00e9s 455 kilom\u00e9tert 20 colos kerekekkel. A 550e kiz\u00e1r\u00f3lag 20 colos kerekekkel kaphat\u00f3, \u00edgy hat\u00f3t\u00e1vja legfeljebb 449 kilom\u00e9ter. Mindegyik modell h\u0151szivatty\u00faval rendelkezik, amely cs\u00f6kkenti az akkumul\u00e1tor f\u0171t\u00e9si terhel\u00e9s\u00e9t, ez\u00e1ltal jav\u00edtva a hat\u00f3t\u00e1vot hideg id\u0151ben is.<\/p>\n<p>A v\u00e1lt\u00f3\u00e1ram\u00fa t\u00f6lt\u00e9s imm\u00e1r ak\u00e1r 22 kW-os teljes\u00edtm\u00e9nyre is k\u00e9pes, amivel az akkumul\u00e1tor teljes felt\u00f6lt\u00e9se k\u00f6r\u00fclbel\u00fcl h\u00e1rom \u00e9s f\u00e9l \u00f3r\u00e1t vesz ig\u00e9nybe \u2013 ez jelent\u0151s el\u0151rel\u00e9p\u00e9s a kor\u00e1bbi h\u00e9t \u00f3r\u00e1hoz k\u00e9pest. Viszont mivel ez a fajta gyorsabb t\u00f6lt\u00e9s els\u0151sorban ipari vagy nyilv\u00e1nos helyeken \u00e9rhet\u0151 el, otthon jellemz\u0151en 7,4 kW-os t\u00f6lt\u0151falat haszn\u00e1lnak, amelyn\u00e9l az \u00faj modell felt\u00f6lt\u00e9se t\u00f6bb mint 11 \u00f3r\u00e1t ig\u00e9nyel.<\/p>\n","protected":false},"excerpt":{"rendered":"<p>A betegs\u00e9g nemcsak Szlov\u00e1ki\u00e1ban, hanem Magyarorsz\u00e1gon is fel\u00fct\u00f6tte a fej\u00e9t: Ong\u00e1n, Borsod-Aba\u00faj-Zempl\u00e9n v\u00e1rmegy\u00e9ben h-patitis-A fert0z\u00f6tteket azonos\u00edtottak. Az \u00f6nkorm\u00e1nyzat emiatt lemondta&#8230; <span class=\"gridview-grid-post-read-more\"><a href=\"https:\/\/hirekegyhelyen.live\/24infok\/?p=3676\">read more<span class=\"gridview-sr-only\"> J\u00f6n a d\u00e9lel\u0151tti id\u0151s\u00e1v az id\u0151seknek<\/span><\/a><\/span><\/p>\n","protected":false},"author":1,"featured_media":3680,"comment_status":"open","ping_status":"open","sticky":false,"template":"","format":"standard","meta":{"footnotes":""},"categories":[1],"tags":[],"class_list":["post-3676","post","type-post","status-publish","format-standard","has-post-thumbnail","hentry","category-egyeb","wpcat-1-id"],"_links":{"self":[{"href":"https:\/\/hirekegyhelyen.live\/24infok\/index.php?rest_route=\/wp\/v2\/posts\/3676","targetHints":{"allow":["GET"]}}],"collection":[{"href":"https:\/\/hirekegyhelyen.live\/24infok\/index.php?rest_route=\/wp\/v2\/posts"}],"about":[{"href":"https:\/\/hirekegyhelyen.live\/24infok\/index.php?rest_route=\/wp\/v2\/types\/post"}],"author":[{"embeddable":true,"href":"https:\/\/hirekegyhelyen.live\/24infok\/index.php?rest_route=\/wp\/v2\/users\/1"}],"replies":[{"embeddable":true,"href":"https:\/\/hirekegyhelyen.live\/24infok\/index.php?rest_route=%2Fwp%2Fv2%2Fcomments&post=3676"}],"version-history":[{"count":1,"href":"https:\/\/hirekegyhelyen.live\/24infok\/index.php?rest_route=\/wp\/v2\/posts\/3676\/revisions"}],"predecessor-version":[{"id":3681,"href":"https:\/\/hirekegyhelyen.live\/24infok\/index.php?rest_route=\/wp\/v2\/posts\/3676\/revisions\/3681"}],"wp:featuredmedia":[{"embeddable":true,"href":"https:\/\/hirekegyhelyen.live\/24infok\/index.php?rest_route=\/wp\/v2\/media\/3680"}],"wp:attachment":[{"href":"https:\/\/hirekegyhelyen.live\/24infok\/index.php?rest_route=%2Fwp%2Fv2%2Fmedia&parent=3676"}],"wp:term":[{"taxonomy":"category","embeddable":true,"href":"https:\/\/hirekegyhelyen.live\/24infok\/index.php?rest_route=%2Fwp%2Fv2%2Fcategories&post=3676"},{"taxonomy":"post_tag","embeddable":true,"href":"https:\/\/hirekegyhelyen.live\/24infok\/index.php?rest_route=%2Fwp%2Fv2%2Ftags&post=3676"}],"curies":[{"name":"wp","href":"https:\/\/api.w.org\/{rel}","templated":true}]}}