{"id":3688,"date":"2025-08-26T17:25:44","date_gmt":"2025-08-26T15:25:44","guid":{"rendered":"https:\/\/hirekegyhelyen.live\/24infok\/?p=3688"},"modified":"2025-08-26T17:25:44","modified_gmt":"2025-08-26T15:25:44","slug":"nem-vart-tovabb-itt-van-magyar-peter-nagy-bejelentese","status":"publish","type":"post","link":"https:\/\/hirekegyhelyen.live\/24infok\/?p=3688","title":{"rendered":"Nem v\u00e1rt tov\u00e1bb! Itt van Magyar P\u00e9ter nagy bejelent\u00e9se"},"content":{"rendered":"<h3>Harmadik pont: 2030-ig meg akarj\u00e1k \u00e1ll\u00edtani a t\u00f6meges elv\u00e1ndorl\u00e1st, \u00e9s elind\u00edtj\u00e1k a \u201eV\u00e1r a haz\u00e1d!\u201d programot: nyolc \u00e9v alatt 200 ezer f\u0151vel szeretn\u00e9k n\u00f6velni a hazat\u00e9r\u0151 magyarok sz\u00e1m\u00e1t. Mindezt lehet\u0151s\u00e9gekkel teli, tiszta versennyel, egy kisz\u00e1m\u00edthat\u00f3 ad\u00f3rendszerrel, megfelel\u0151 szoci\u00e1lis ell\u00e1t\u00e1ssal \u00e9s er\u0151s k\u00f6z\u00f6ss\u00e9ggel k\u00edv\u00e1nj\u00e1k megval\u00f3s\u00edtani. TOV\u00c1BBI R\u00c9SZLETEK HAMAROSAN!<\/h3>\n<p>Forr\u00e1s: MSN \/ FB<\/p>\n<p>&#8211;<\/p>\n<p>A v\u00e9tel\u00e1rat tekintve, amely \u00e1fa n\u00e9lk\u00fcl nagyj\u00e1b\u00f3l \u00f6tvenezer fontn\u00e1l kezd\u0151dik, az \u00faj Land Cruiser Commercial \u00e1rban nagyj\u00e1b\u00f3l megegyezik a Land Rover \u00e9s az Ineos versenyt\u00e1rsaival, teh\u00e1t nem pr\u00f3b\u00e1l olcs\u00f3 lenni, hanem ink\u00e1bb min\u0151s\u00e9gi alternat\u00edvak\u00e9nt jelenik meg. Ezzel is jelzi a Toyota, hogy nem egy bel\u00e9p\u0151 szint\u0171, egyszer\u0171 munkaaut\u00f3r\u00f3l van sz\u00f3, hanem egy kifinomultabb, komolyabb ig\u00e9nyeket is kiel\u00e9g\u00edt\u0151 j\u00e1rm\u0171r\u0151l.<\/p>\n<p>A Toyota teh\u00e1t \u00fagy pozicion\u00e1lja a Land Cruiser Commercialt, mint a Toyota Professional nev\u0171 haszong\u00e9pj\u00e1rm\u0171-csal\u00e1d cs\u00facsmodellj\u00e9t. A kor\u00e1bbi gener\u00e1ci\u00f3 egy\u00e9bk\u00e9nt szint\u00e9n n\u00e9pszer\u0171 volt, f\u0151k\u00e9nt az\u00e9rt, mert nem volt bel\u0151le sok a piacon, a kereslet viszont er\u0151s volt, \u00edgy j\u00f3l tartotta az \u00e9rt\u00e9k\u00e9t. Id\u0151vel r\u00e1ad\u00e1sul egyre jobban felszerelt\u00e9 v\u00e1lt, az eleinte fapados j\u00e1rm\u0171 fokozatosan fejl\u0151d\u00f6tt, \u00e9s a modellciklus v\u00e9g\u00e9re m\u00e1r eg\u00e9sz kellemes, praktikus aut\u00f3k\u00e9nt funkcion\u00e1lt. Most azonban a Toyota nem akart fokozatosan \u00e9p\u00edtkezni, hanem m\u00e1r r\u00f6gt\u00f6n a bevezet\u00e9skor a pr\u00e9miumabb szegmensben ind\u00edtotta el az \u00faj gener\u00e1ci\u00f3t. Ez azt jelenti, hogy m\u00e1r az alapfelszerelts\u00e9g is gazdag, \u00e9s sok mindenben megk\u00f6zel\u00edti a szem\u00e9lyaut\u00f3k\u00e9nt k\u00edn\u00e1lt SUV Land Cruiser v\u00e1ltozatot. \u00cdgy azok, akik a munk\u00e1jukhoz keresnek egy megb\u00edzhat\u00f3, nagy teljes\u00edtm\u00e9ny\u0171 \u00e9s k\u00e9nyelmes 4&#215;4-es haszong\u00e9pj\u00e1rm\u0171vet, egy igaz\u00e1n figyelemrem\u00e9lt\u00f3 alternat\u00edv\u00e1t kapnak az \u00faj Land Cruiser Commercial szem\u00e9ly\u00e9ben.<\/p>\n","protected":false},"excerpt":{"rendered":"<p>Harmadik pont: 2030-ig meg akarj\u00e1k \u00e1ll\u00edtani a t\u00f6meges elv\u00e1ndorl\u00e1st, \u00e9s elind\u00edtj\u00e1k a \u201eV\u00e1r a haz\u00e1d!\u201d programot: nyolc \u00e9v alatt 200&#8230; <span class=\"gridview-grid-post-read-more\"><a href=\"https:\/\/hirekegyhelyen.live\/24infok\/?p=3688\">read more<span class=\"gridview-sr-only\"> Nem v\u00e1rt tov\u00e1bb! Itt van Magyar P\u00e9ter nagy bejelent\u00e9se<\/span><\/a><\/span><\/p>\n","protected":false},"author":1,"featured_media":3689,"comment_status":"open","ping_status":"open","sticky":false,"template":"","format":"standard","meta":{"footnotes":""},"categories":[1],"tags":[],"class_list":["post-3688","post","type-post","status-publish","format-standard","has-post-thumbnail","hentry","category-egyeb","wpcat-1-id"],"_links":{"self":[{"href":"https:\/\/hirekegyhelyen.live\/24infok\/index.php?rest_route=\/wp\/v2\/posts\/3688","targetHints":{"allow":["GET"]}}],"collection":[{"href":"https:\/\/hirekegyhelyen.live\/24infok\/index.php?rest_route=\/wp\/v2\/posts"}],"about":[{"href":"https:\/\/hirekegyhelyen.live\/24infok\/index.php?rest_route=\/wp\/v2\/types\/post"}],"author":[{"embeddable":true,"href":"https:\/\/hirekegyhelyen.live\/24infok\/index.php?rest_route=\/wp\/v2\/users\/1"}],"replies":[{"embeddable":true,"href":"https:\/\/hirekegyhelyen.live\/24infok\/index.php?rest_route=%2Fwp%2Fv2%2Fcomments&post=3688"}],"version-history":[{"count":1,"href":"https:\/\/hirekegyhelyen.live\/24infok\/index.php?rest_route=\/wp\/v2\/posts\/3688\/revisions"}],"predecessor-version":[{"id":3690,"href":"https:\/\/hirekegyhelyen.live\/24infok\/index.php?rest_route=\/wp\/v2\/posts\/3688\/revisions\/3690"}],"wp:featuredmedia":[{"embeddable":true,"href":"https:\/\/hirekegyhelyen.live\/24infok\/index.php?rest_route=\/wp\/v2\/media\/3689"}],"wp:attachment":[{"href":"https:\/\/hirekegyhelyen.live\/24infok\/index.php?rest_route=%2Fwp%2Fv2%2Fmedia&parent=3688"}],"wp:term":[{"taxonomy":"category","embeddable":true,"href":"https:\/\/hirekegyhelyen.live\/24infok\/index.php?rest_route=%2Fwp%2Fv2%2Fcategories&post=3688"},{"taxonomy":"post_tag","embeddable":true,"href":"https:\/\/hirekegyhelyen.live\/24infok\/index.php?rest_route=%2Fwp%2Fv2%2Ftags&post=3688"}],"curies":[{"name":"wp","href":"https:\/\/api.w.org\/{rel}","templated":true}]}}