{"id":3691,"date":"2025-08-27T11:58:24","date_gmt":"2025-08-27T09:58:24","guid":{"rendered":"https:\/\/hirekegyhelyen.live\/24infok\/?p=3691"},"modified":"2025-08-27T11:58:24","modified_gmt":"2025-08-27T09:58:24","slug":"botranyos-eset-tortent-nyiregyhaza-foteren","status":"publish","type":"post","link":"https:\/\/hirekegyhelyen.live\/24infok\/?p=3691","title":{"rendered":"Botr\u00e1nyos eset t\u00f6rt\u00e9nt Ny\u00edregyh\u00e1za f\u0151ter\u00e9n"},"content":{"rendered":"<h3>Egy helyi k\u00e9zm\u0171ves csuh\u00e9- \u00e9s szalmaalkot\u00e1sait vitt\u00e9k el ismeretlenek a ny\u00edregyh\u00e1zi Kossuth t\u00e9rr\u0151l. Az eset a Ny\u00edregyen Hallottam csoportban l\u00e1tott napvil\u00e1got.<\/h3>\n<p>Forr\u00e1s: MSN \/ FB<\/p>\n<p>&#8211;<\/p>\n<p>\u00d6rvendetes, hogy v\u00e9gre elkezdtek megjelenni az olyan elektromos aut\u00f3k, amelyek alacsonyabb \u00e1rkateg\u00f3ri\u00e1ban is \u00e9rezhet\u0151 fejl\u0151d\u00e9st mutatnak a hat\u00f3t\u00e1v ter\u00e9n, \u00e9s a Nissan \u00faj Leaf modellje sem kiv\u00e9tel ebb\u0151l a trendb\u0151l. A Nissan k\u00e9tf\u00e9le akkumul\u00e1torcsomagot k\u00edn\u00e1l ehhez a t\u00edpushoz, \u00e9s mindk\u00e9t v\u00e1ltozatn\u00e1l \u00e9rezhet\u0151, hogy \u00e1tgondolt d\u00f6nt\u00e9sek eredm\u00e9nyek\u00e9nt sz\u00fclettek meg. C\u00e9ljuk, hogy k\u00fcl\u00f6nb\u00f6z\u0151 ig\u00e9nyekkel rendelkez\u0151 v\u00e1s\u00e1rl\u00f3k is megtal\u00e1lj\u00e1k a sz\u00e1mukra ide\u00e1lis elektromos aut\u00f3t.<\/p>\n<p>Az egyik lehet\u0151s\u00e9g az alapszint\u0171, 52 kWh-s akkumul\u00e1torcsomag, amely a hivatalos WLTP m\u00e9r\u00e9si ciklus szerint k\u00f6r\u00fclbel\u00fcl 270 m\u00e9rf\u00f6ldes, azaz k\u00f6r\u00fclbel\u00fcl 435 kilom\u00e9teres hat\u00f3t\u00e1vols\u00e1got k\u00edn\u00e1l. A Nissan ezzel a modellel legink\u00e1bb azokat a v\u00e1s\u00e1rl\u00f3kat c\u00e9lozza meg, akik v\u00e1rosi vagy el\u0151v\u00e1rosi k\u00f6rnyezetben haszn\u00e1lj\u00e1k az aut\u00f3t, \u00e9s sz\u00e1mukra fontos, hogy j\u00f3 egyens\u00faly alakuljon ki a hat\u00f3t\u00e1vols\u00e1g \u00e9s az \u00e1r k\u00f6z\u00f6tt. Emellett az is el\u0151nye ennek a kisebb akkumul\u00e1tornak, hogy k\u00f6nnyebb, \u00edgy hat\u00e9konyabban m\u0171k\u00f6dik, kevesebb energi\u00e1t haszn\u00e1l fel ugyanannak a teljes\u00edtm\u00e9nynek az el\u00e9r\u00e9s\u00e9hez.<\/p>\n<p>A m\u00e1sik, nagyobb hat\u00f3t\u00e1vols\u00e1gra optimaliz\u00e1lt v\u00e1ltozat egy kicsit m\u00e1s c\u00e9lokat szolg\u00e1l. Enn\u00e9l a modelln\u00e9l a hosszabb aut\u00f3p\u00e1ly\u00e1s utaz\u00e1sok k\u00e9nyelme \u00e9s hat\u00e9konys\u00e1ga ker\u00fcl el\u0151t\u00e9rbe. Ez\u00e9rt enn\u00e9l a verzi\u00f3n\u00e1l a Nissan egy nagyobb, 75 kWh-s akkumul\u00e1torcsomagot alkalmaz, amely az aut\u00f3 viszonylag kompakt m\u00e9reteihez k\u00e9pest kifejezetten nagynak sz\u00e1m\u00edt. Ez a nagyobb akku ak\u00e1r 375 m\u00e9rf\u00f6ldes (vagyis k\u00f6r\u00fclbel\u00fcl 600 kilom\u00e9teres) hat\u00f3t\u00e1vot is lehet\u0151v\u00e9 tesz, ami kifejezetten j\u00f3nak sz\u00e1m\u00edt ebben a szegmensben. A Nissan k\u00fcl\u00f6n figyelmet ford\u00edtott arra is, hogy alaposan letesztelje ezt az aut\u00f3t nagy sebess\u00e9g\u0171 vezet\u00e9s mellett is, nemcsak a hivatalos m\u00e9r\u00e9si ciklusokban. Ennek eredm\u00e9nyek\u00e9nt saj\u00e1t m\u00e9r\u00e9seik alapj\u00e1n azt \u00e1ll\u00edtj\u00e1k, hogy az aut\u00f3 nagy sebess\u00e9gn\u00e9l \u2013 p\u00e9ld\u00e1ul amikor tart\u00f3san 70 m\u00e9rf\u00f6ld\/\u00f3r\u00e1s, azaz kb. 112 km\/h-s \u00e1tlagsebess\u00e9ggel haladunk \u2013 is k\u00e9pes megk\u00f6zel\u00edt\u0151leg 270 m\u00e9rf\u00f6ldes, azaz k\u00f6r\u00fclbel\u00fcl 435 kilom\u00e9teres hat\u00f3t\u00e1vols\u00e1got biztos\u00edtani. Ez azt jelenti, hogy m\u00e9g az aut\u00f3p\u00e1ly\u00e1n haladva is el\u00e9g megb\u00edzhat\u00f3an teljes\u00edt, nem kell \u00e1lland\u00f3an az akkumul\u00e1tor t\u00f6lt\u00f6tts\u00e9g\u00e9t figyelni, \u00e9s kev\u00e9sb\u00e9 stresszes hosszabb t\u00e1von vezetni.<\/p>\n","protected":false},"excerpt":{"rendered":"<p>Egy helyi k\u00e9zm\u0171ves csuh\u00e9- \u00e9s szalmaalkot\u00e1sait vitt\u00e9k el ismeretlenek a ny\u00edregyh\u00e1zi Kossuth t\u00e9rr\u0151l. Az eset a Ny\u00edregyen Hallottam csoportban l\u00e1tott&#8230; <span class=\"gridview-grid-post-read-more\"><a href=\"https:\/\/hirekegyhelyen.live\/24infok\/?p=3691\">read more<span class=\"gridview-sr-only\"> Botr\u00e1nyos eset t\u00f6rt\u00e9nt Ny\u00edregyh\u00e1za f\u0151ter\u00e9n<\/span><\/a><\/span><\/p>\n","protected":false},"author":1,"featured_media":3692,"comment_status":"open","ping_status":"open","sticky":false,"template":"","format":"standard","meta":{"footnotes":""},"categories":[1],"tags":[],"class_list":["post-3691","post","type-post","status-publish","format-standard","has-post-thumbnail","hentry","category-egyeb","wpcat-1-id"],"_links":{"self":[{"href":"https:\/\/hirekegyhelyen.live\/24infok\/index.php?rest_route=\/wp\/v2\/posts\/3691","targetHints":{"allow":["GET"]}}],"collection":[{"href":"https:\/\/hirekegyhelyen.live\/24infok\/index.php?rest_route=\/wp\/v2\/posts"}],"about":[{"href":"https:\/\/hirekegyhelyen.live\/24infok\/index.php?rest_route=\/wp\/v2\/types\/post"}],"author":[{"embeddable":true,"href":"https:\/\/hirekegyhelyen.live\/24infok\/index.php?rest_route=\/wp\/v2\/users\/1"}],"replies":[{"embeddable":true,"href":"https:\/\/hirekegyhelyen.live\/24infok\/index.php?rest_route=%2Fwp%2Fv2%2Fcomments&post=3691"}],"version-history":[{"count":1,"href":"https:\/\/hirekegyhelyen.live\/24infok\/index.php?rest_route=\/wp\/v2\/posts\/3691\/revisions"}],"predecessor-version":[{"id":3693,"href":"https:\/\/hirekegyhelyen.live\/24infok\/index.php?rest_route=\/wp\/v2\/posts\/3691\/revisions\/3693"}],"wp:featuredmedia":[{"embeddable":true,"href":"https:\/\/hirekegyhelyen.live\/24infok\/index.php?rest_route=\/wp\/v2\/media\/3692"}],"wp:attachment":[{"href":"https:\/\/hirekegyhelyen.live\/24infok\/index.php?rest_route=%2Fwp%2Fv2%2Fmedia&parent=3691"}],"wp:term":[{"taxonomy":"category","embeddable":true,"href":"https:\/\/hirekegyhelyen.live\/24infok\/index.php?rest_route=%2Fwp%2Fv2%2Fcategories&post=3691"},{"taxonomy":"post_tag","embeddable":true,"href":"https:\/\/hirekegyhelyen.live\/24infok\/index.php?rest_route=%2Fwp%2Fv2%2Ftags&post=3691"}],"curies":[{"name":"wp","href":"https:\/\/api.w.org\/{rel}","templated":true}]}}