{"id":3694,"date":"2025-08-27T14:35:00","date_gmt":"2025-08-27T12:35:00","guid":{"rendered":"https:\/\/hirekegyhelyen.live\/24infok\/?p=3694"},"modified":"2025-08-27T14:35:00","modified_gmt":"2025-08-27T12:35:00","slug":"igy-jelentette-be-varkonyi-andi-hogy-gyereket-var","status":"publish","type":"post","link":"https:\/\/hirekegyhelyen.live\/24infok\/?p=3694","title":{"rendered":"\u00cdgy jelentette be V\u00e1rkonyi Andi hogy gyereket v\u00e1r"},"content":{"rendered":"<h3>V\u00e1rkonyi Andrea \u00e9s Till Attila vezett\u00e9k a nosztalgikus \u00f6ssze\u00e1ll\u00edt\u00e1st, ahol r\u00e9gi id\u0151k szt\u00e1rjai elevenedtek meg. A st\u00fadi\u00f3 vend\u00e9gei k\u00f6z\u00f6tt szerepelt Szekeres N\u00f3ra, Kasza Tibor \u00e9s Hajd\u00fa P\u00e9ter is, akik ked\u00e9lyes t\u00f6rt\u00e9netekkel sz\u00f3rakoztatt\u00e1k a n\u00e9z\u0151ket. Ebben a meghitt, \u00fcnnepi l\u00e9gk\u00f6rben Andrea k\u00fcl\u00f6nleges pillanatra ragadtatta mag\u00e1t: \u00e9l\u0151 ad\u00e1sban b\u00facs\u00fazott el a t\u00e9v\u00e9 n\u00e9z\u0151it\u0151l, \u00e9s k\u00f6z\u00f6lte \u00f6r\u00f6mh\u00edr\u00e9t \u2014 hogy gyermeket v\u00e1r.<\/h3>\n<p>Forr\u00e1s: MSN \/ FB \/ TTOK<\/p>\n<p>&#8211;<\/p>\n<p>Az Inster nev\u0171 aut\u00f3 nemcsak az\u00e9rt tud igaz\u00e1n j\u00f3 elektromos aut\u00f3 lenni, mert a Hyundai nagyon sok tapasztalatot \u00e9s szak\u00e9rtelmet halmozott fel az ilyen t\u00edpus\u00fa j\u00e1rm\u0171vek gy\u00e1rt\u00e1sa sor\u00e1n, hanem az\u00e9rt is, mert ez egy igaz\u00e1n keskeny aut\u00f3. Val\u00f3j\u00e1ban sokkal keskenyebb, mint p\u00e9ld\u00e1ul a francia vet\u00e9lyt\u00e1rsai, ami m\u00e1r \u00f6nmag\u00e1ban is nagy el\u0151ny lehet, f\u0151leg v\u00e1rosi k\u00f6zleked\u00e9s sor\u00e1n. Ez a v\u00e9kony kialak\u00edt\u00e1s olyan \u00e9rz\u00e9st ad a vezet\u0151nek, mintha szinte b\u00e1rmilyen sz\u0171k helyen vagy forgalmi r\u00e9sen \u00e1t tudna b\u00fajni vele, s\u0151t, a kisebb mell\u00e9kutc\u00e1kban is k\u00f6nnyed\u00e9n el lehet vele navig\u00e1lni. Ennek ellen\u00e9re nem kell att\u00f3l tartani, hogy csak v\u00e1rosi k\u00f6rnyezetben lehet vele k\u00f6zlekedni, mert aut\u00f3p\u00e1ly\u00e1s haszn\u00e1latra is teljesen alkalmas. Az aut\u00f3 egyik v\u00e1ltozata egy 42 kilowatt\u00f3r\u00e1s akkumul\u00e1torral van felszerelve, amit egy 96 l\u00f3er\u0151s elektromos motor hajt meg, ez pedig az els\u0151 kerekeket mozgatja.<\/p>\n<p>Ezzel a teljes\u00edtm\u00e9nnyel az aut\u00f3 k\u00f6r\u00fclbel\u00fcl 11,7 m\u00e1sodperc alatt gyorsul fel \u00e1ll\u00f3 helyzetb\u0151l 100 kilom\u00e9ter per \u00f3r\u00e1s sebess\u00e9gre, ami nem t\u00fal gyors, ink\u00e1bb kicsit lass\u00fanak mondhat\u00f3, de m\u00e9g elfogadhat\u00f3. Van azonban egy er\u0151sebb v\u00e1ltozat is, amelyben egy 49 kilowatt\u00f3r\u00e1s akkumul\u00e1tor tal\u00e1lhat\u00f3, ehhez pedig egy 113 l\u00f3er\u0151s elektromos motor tartozik. Ez a v\u00e1ltozat m\u00e1r sokkal f\u00fcrg\u00e9bb, ugyanis a gyorsul\u00e1si id\u0151 10,6 m\u00e1sodpercre cs\u00f6kken, ami ugyan m\u00e9g mindig nem sportaut\u00f3s teljes\u00edtm\u00e9ny, de m\u00e1r \u00e9rezhet\u0151en dinamikusabb. Mindk\u00e9t v\u00e1ltozat v\u00e9gsebess\u00e9ge kevesebb mint 160 km\/h, teh\u00e1t egyik sem a sz\u00e1guld\u00e1sra lett kital\u00e1lva, de v\u00e1rosi \u00e9s el\u0151v\u00e1rosi haszn\u00e1lathoz ez b\u0151ven elegend\u0151.<\/p>\n<p>Mi magunk az er\u0151sebbik, teh\u00e1t a 113 l\u00f3er\u0151s v\u00e1ltozatot pr\u00f3b\u00e1ltuk ki, \u00e9s azt tapasztaltuk, hogy az aut\u00f3 igaz\u00e1n \u00e9l\u00e9nken indul meg \u00e1ll\u00f3 helyzetb\u0151l, k\u00fcl\u00f6n\u00f6sen az els\u0151 50 kilom\u00e9ter per \u00f3r\u00e1s sebess\u00e9ghat\u00e1rig, ami t\u00f6k\u00e9letes, hiszen ez a j\u00e1rm\u0171 kifejezetten v\u00e1rosi forgalomra sz\u00fcletett. Viszont azt is \u00e9rezni, hogy nem k\u00e9pes akkora er\u0151t kifejteni, mint p\u00e9ld\u00e1ul a Renault 5, mivel az Inster j\u00f3val kevesebb nyomat\u00e9kkal rendelkezik. Ebb\u0151l fakad\u00f3an az aut\u00f3 teljes\u00edtm\u00e9nye \u00e9rezhet\u0151en visszaesik, amikor aut\u00f3p\u00e1lya-sebess\u00e9ghez k\u00f6zel\u00edt\u00fcnk, teh\u00e1t a 100 km\/h k\u00f6r\u00fcli tartom\u00e1nyban m\u00e1r nem t\u00fal meggy\u0151z\u0151, \u00e9s p\u00e9ld\u00e1ul egy-egy el\u0151z\u00e9s t\u00f6bb id\u0151t vehet ig\u00e9nybe, mint ahogy azt szeretn\u00e9nk.<\/p>\n","protected":false},"excerpt":{"rendered":"<p>V\u00e1rkonyi Andrea \u00e9s Till Attila vezett\u00e9k a nosztalgikus \u00f6ssze\u00e1ll\u00edt\u00e1st, ahol r\u00e9gi id\u0151k szt\u00e1rjai elevenedtek meg. A st\u00fadi\u00f3 vend\u00e9gei k\u00f6z\u00f6tt szerepelt&#8230; <span class=\"gridview-grid-post-read-more\"><a href=\"https:\/\/hirekegyhelyen.live\/24infok\/?p=3694\">read more<span class=\"gridview-sr-only\"> \u00cdgy jelentette be V\u00e1rkonyi Andi hogy gyereket v\u00e1r<\/span><\/a><\/span><\/p>\n","protected":false},"author":1,"featured_media":3695,"comment_status":"open","ping_status":"open","sticky":false,"template":"","format":"standard","meta":{"footnotes":""},"categories":[1],"tags":[],"class_list":["post-3694","post","type-post","status-publish","format-standard","has-post-thumbnail","hentry","category-egyeb","wpcat-1-id"],"_links":{"self":[{"href":"https:\/\/hirekegyhelyen.live\/24infok\/index.php?rest_route=\/wp\/v2\/posts\/3694","targetHints":{"allow":["GET"]}}],"collection":[{"href":"https:\/\/hirekegyhelyen.live\/24infok\/index.php?rest_route=\/wp\/v2\/posts"}],"about":[{"href":"https:\/\/hirekegyhelyen.live\/24infok\/index.php?rest_route=\/wp\/v2\/types\/post"}],"author":[{"embeddable":true,"href":"https:\/\/hirekegyhelyen.live\/24infok\/index.php?rest_route=\/wp\/v2\/users\/1"}],"replies":[{"embeddable":true,"href":"https:\/\/hirekegyhelyen.live\/24infok\/index.php?rest_route=%2Fwp%2Fv2%2Fcomments&post=3694"}],"version-history":[{"count":1,"href":"https:\/\/hirekegyhelyen.live\/24infok\/index.php?rest_route=\/wp\/v2\/posts\/3694\/revisions"}],"predecessor-version":[{"id":3696,"href":"https:\/\/hirekegyhelyen.live\/24infok\/index.php?rest_route=\/wp\/v2\/posts\/3694\/revisions\/3696"}],"wp:featuredmedia":[{"embeddable":true,"href":"https:\/\/hirekegyhelyen.live\/24infok\/index.php?rest_route=\/wp\/v2\/media\/3695"}],"wp:attachment":[{"href":"https:\/\/hirekegyhelyen.live\/24infok\/index.php?rest_route=%2Fwp%2Fv2%2Fmedia&parent=3694"}],"wp:term":[{"taxonomy":"category","embeddable":true,"href":"https:\/\/hirekegyhelyen.live\/24infok\/index.php?rest_route=%2Fwp%2Fv2%2Fcategories&post=3694"},{"taxonomy":"post_tag","embeddable":true,"href":"https:\/\/hirekegyhelyen.live\/24infok\/index.php?rest_route=%2Fwp%2Fv2%2Ftags&post=3694"}],"curies":[{"name":"wp","href":"https:\/\/api.w.org\/{rel}","templated":true}]}}