{"id":3700,"date":"2025-08-27T16:28:01","date_gmt":"2025-08-27T14:28:01","guid":{"rendered":"https:\/\/hirekegyhelyen.live\/24infok\/?p=3700"},"modified":"2025-08-27T16:28:01","modified_gmt":"2025-08-27T14:28:01","slug":"azonnal-megallitottak-majka-koncertjet","status":"publish","type":"post","link":"https:\/\/hirekegyhelyen.live\/24infok\/?p=3700","title":{"rendered":"Azonnal meg\u00e1ll\u00edtott\u00e1k Majka koncertj\u00e9t!"},"content":{"rendered":"<h3>\u201eKedves ismeretlen\u2026 Aki megmentetted az Anyuk\u00e1mat azzal, hogy gondolkod\u00e1s n\u00e9lk\u00fcl felkaptad a t\u00f6megben, miut\u00e1n pillanatok alatt el\u00e1jult\u2026 K\u00f6sz\u00f6n\u00f6m, hogy ott volt\u00e1l, nem gondolkodt\u00e1l, azonnal seg\u00edtett\u00e9l, azonnal kivitted az orvoshoz, k\u00f6sz\u00f6n\u00f6m, hogy l\u00e9tezel \u2013 h\u00e1l\u00e1lkodott a Facebookon egy h\u00f6lgy. Egy \u00fcll\u0151i Facebook-csoportb\u00f3l az\u00f3ta az is kider\u00fclt, hogy ki volt a megment\u0151, \u00edgy m\u00e1r n\u00e9v szerint is k\u00f6sz\u00f6netet tudtak mondani neki az \u00e9rintettek.<\/h3>\n<p>VIA Story<\/p>\n<p>&#8211;<\/p>\n<p>A Land Rover Defender Hard Top \u00f6nmag\u00e1ban is kiv\u00e1l\u00f3 j\u00e1rm\u0171, \u00e9lm\u00e9ny vezetni, \u00e9s olyan luxust k\u00edn\u00e1l, amir\u0151l a legt\u00f6bb haszong\u00e9pj\u00e1rm\u0171 csak \u00e1lmodhat. Ugyanakkor az \u00e1ra messze meghaladja azt a szintet, amit egy \u00e1tlagos v\u00e1llalkoz\u00e1s re\u00e1lisan kifizetne, f\u0151k\u00e9nt \u00fagy, hogy egy kisteheraut\u00f3 vagy pickup sokkal praktikusabb \u00e9s gazdas\u00e1gosabb v\u00e1laszt\u00e1s lehet. Ez egy sz\u0171k r\u00e9tegnek sz\u00e1nt term\u00e9k, de azoknak, akiknek megfelel, remek opci\u00f3 lehet.<\/p>\n<p>A Defender Hard Top a n\u00e9pszer\u0171 SUV modell kereskedelmi v\u00e1ltozata, amit olyan v\u00e1llalkoz\u00e1sok sz\u00e1m\u00e1ra terveztek, amelyek egyar\u00e1nt ig\u00e9nylik a terepj\u00e1r\u00f3 k\u00e9pess\u00e9get \u00e9s a pr\u00e9mium megjelen\u00e9st, p\u00e9ld\u00e1ul rekl\u00e1mc\u00e9lokra. K\u00e9tf\u00e9le karossz\u00e9riav\u00e1ltozatban kaphat\u00f3: a r\u00f6videbb tengelyt\u00e1v\u00fa 90-es \u00e9s a hosszabb 110-es v\u00e1ltozatban, de a 130-as extra hossz\u00fa verzi\u00f3 nem r\u00e9sze a k\u00edn\u00e1latnak. Mindk\u00e9t v\u00e1ltozat eset\u00e9n a D250-es d\u00edzelmotor \u00e1ll rendelkez\u00e9sre az alap S \u00e9s a k\u00f6z\u00e9pkateg\u00f3ri\u00e1s X-Dynamic SE felszerelts\u00e9ghez, m\u00edg a leger\u0151sebb D350-es motor csak a cs\u00facsmodell, az X-Dynamic HSE verzi\u00f3hoz \u00e9rhet\u0151 el. Az \u00e1rak valamivel 57 000 font f\u00f6l\u00f6tt kezd\u0151dnek, a legdr\u00e1g\u00e1bb verzi\u00f3 pedig meghaladja a 75 000 fontot.<\/p>\n<p>Ez ugyan kevesebb, mint a szem\u00e9lysz\u00e1ll\u00edt\u00e1sra tervezett Defender SUV \u00e1ra, de a Hard Top h\u00e1tulj\u00e1ban nincsenek \u00fcl\u00e9sek: azokat, a biztons\u00e1gi \u00f6veket \u00e9s m\u00e1s utasokra vonatkoz\u00f3 elemeket elt\u00e1vol\u00edtott\u00e1k, \u00e9s hely\u00fckre kem\u00e9ny m\u0171anyag padl\u00f3 ker\u00fclt, ami eg\u00e9szen a h\u00e1ts\u00f3 ajt\u00f3t\u00f3l az els\u0151 \u00fcl\u00e9sek m\u00f6g\u00e9 szerelt v\u00e1laszfalig terjed. K\u00edv\u00fclr\u0151l a h\u00e1ts\u00f3 oldals\u00f3 ablakokat m\u0171anyag burkolat helyettes\u00edti, a 110-es v\u00e1ltozat eset\u00e9n pedig ugyan megmaradtak az ajt\u00f3k, de az \u00fcvegek s\u00f6t\u00e9t\u00edtettek, \u00e9s az elektromos ablakok sem m\u0171k\u00f6dnek. Bel\u00fclr\u0151l a ny\u00edl\u00e1sz\u00e1r\u00f3k m\u0171anyag v\u00e9d\u0151bor\u00edt\u00e1st kaptak, hogy n\u00f6velj\u00e9k a biztons\u00e1got.<\/p>\n","protected":false},"excerpt":{"rendered":"<p>\u201eKedves ismeretlen\u2026 Aki megmentetted az Anyuk\u00e1mat azzal, hogy gondolkod\u00e1s n\u00e9lk\u00fcl felkaptad a t\u00f6megben, miut\u00e1n pillanatok alatt el\u00e1jult\u2026 K\u00f6sz\u00f6n\u00f6m, hogy ott&#8230; <span class=\"gridview-grid-post-read-more\"><a href=\"https:\/\/hirekegyhelyen.live\/24infok\/?p=3700\">read more<span class=\"gridview-sr-only\"> Azonnal meg\u00e1ll\u00edtott\u00e1k Majka koncertj\u00e9t!<\/span><\/a><\/span><\/p>\n","protected":false},"author":1,"featured_media":3701,"comment_status":"open","ping_status":"open","sticky":false,"template":"","format":"standard","meta":{"footnotes":""},"categories":[1],"tags":[],"class_list":["post-3700","post","type-post","status-publish","format-standard","has-post-thumbnail","hentry","category-egyeb","wpcat-1-id"],"_links":{"self":[{"href":"https:\/\/hirekegyhelyen.live\/24infok\/index.php?rest_route=\/wp\/v2\/posts\/3700","targetHints":{"allow":["GET"]}}],"collection":[{"href":"https:\/\/hirekegyhelyen.live\/24infok\/index.php?rest_route=\/wp\/v2\/posts"}],"about":[{"href":"https:\/\/hirekegyhelyen.live\/24infok\/index.php?rest_route=\/wp\/v2\/types\/post"}],"author":[{"embeddable":true,"href":"https:\/\/hirekegyhelyen.live\/24infok\/index.php?rest_route=\/wp\/v2\/users\/1"}],"replies":[{"embeddable":true,"href":"https:\/\/hirekegyhelyen.live\/24infok\/index.php?rest_route=%2Fwp%2Fv2%2Fcomments&post=3700"}],"version-history":[{"count":1,"href":"https:\/\/hirekegyhelyen.live\/24infok\/index.php?rest_route=\/wp\/v2\/posts\/3700\/revisions"}],"predecessor-version":[{"id":3702,"href":"https:\/\/hirekegyhelyen.live\/24infok\/index.php?rest_route=\/wp\/v2\/posts\/3700\/revisions\/3702"}],"wp:featuredmedia":[{"embeddable":true,"href":"https:\/\/hirekegyhelyen.live\/24infok\/index.php?rest_route=\/wp\/v2\/media\/3701"}],"wp:attachment":[{"href":"https:\/\/hirekegyhelyen.live\/24infok\/index.php?rest_route=%2Fwp%2Fv2%2Fmedia&parent=3700"}],"wp:term":[{"taxonomy":"category","embeddable":true,"href":"https:\/\/hirekegyhelyen.live\/24infok\/index.php?rest_route=%2Fwp%2Fv2%2Fcategories&post=3700"},{"taxonomy":"post_tag","embeddable":true,"href":"https:\/\/hirekegyhelyen.live\/24infok\/index.php?rest_route=%2Fwp%2Fv2%2Ftags&post=3700"}],"curies":[{"name":"wp","href":"https:\/\/api.w.org\/{rel}","templated":true}]}}