{"id":3709,"date":"2025-08-28T15:37:07","date_gmt":"2025-08-28T13:37:07","guid":{"rendered":"https:\/\/hirekegyhelyen.live\/24infok\/?p=3709"},"modified":"2025-08-28T15:37:07","modified_gmt":"2025-08-28T13:37:07","slug":"jon-a-kotelezo-munka-a-nyugdijasoknak","status":"publish","type":"post","link":"https:\/\/hirekegyhelyen.live\/24infok\/?p=3709","title":{"rendered":"J\u00f6n a K\u00d6TELEZ\u0150 MUNKA a NYUGD\u00cdJASOKNAK!"},"content":{"rendered":"<h3>Ez az int\u00e9zked\u00e9s er\u0151teljesebb t\u00e1rsadalmi szerepv\u00e1llal\u00e1sra \u00f6szt\u00f6n\u00f6zn\u00e9 az id\u0151sebb koroszt\u00e1lyt, mik\u00f6zben m\u00e9rs\u00e9keln\u00e9 a nyugd\u00edjrendszert \u00e9r\u0151 demogr\u00e1fiai terheket. A javaslat azonban \u00e9l\u00e9nk vit\u00e1t v\u00e1ltott ki az EU-ban. Kritikusai \u00fagy v\u00e9lik, hogy azok, akik hossz\u00fa \u00e9veken \u00e1t dolgoztak, \u00e9s jogosultt\u00e1 v\u00e1ltak a nyugd\u00edjra, meg\u00e9rdemlik a pihen\u00e9st, an\u00e9lk\u00fcl hogy k\u00f6telez\u0151 munkav\u00e9gz\u00e9sre k\u00e9nyszer\u00edten\u00e9k \u0151ket.<\/h3>\n<p>VIA Blikk r\u00fazs<\/p>\n<p>&#8211;<\/p>\n<p>A csomagtart\u00f3 519 literes, ami kisebb, mint a Ford Mondeo Kombi (537 l), a Vauxhall Insignia Sports Tourer (540 l) \u00e9s a Skoda Superb Kombi (633 l) raktere. Ugyanakkor lehajtott \u00fcl\u00e9sekkel 1 751 literes t\u00e9r \u00e1ll rendelkez\u00e9sre, ami t\u00f6bb mint a Mondeo (1 728 l) \u00e9s az Insignia (1 530 l) eset\u00e9ben, de a Superb (1 865 l) tov\u00e1bbra is vezet ebben a tekintetben. A csomagt\u00e9r ny\u00edl\u00e1sa sz\u00e9les, a k\u00fcsz\u00f6b s\u00edk, \u00edgy a bepakol\u00e1s k\u00f6nny\u0171, \u00e9s az \u00fcl\u00e9sek teljesen s\u00edkba hajthat\u00f3k \u2013 igaz, \u00f6nszintez\u0151 fut\u00f3m\u0171 nem el\u00e9rhet\u0151.<\/p>\n<p>Megb\u00edzhat\u00f3s\u00e1g \u00e9s biztons\u00e1g<br \/>\nA Mazda 6 \u00f6tcsillagos eredm\u00e9nyt \u00e9rt el az Euro NCAP t\u00f6r\u00e9stesztj\u00e9n \u2013 ugyan ez a hatchback verzi\u00f3ra vonatkozik, de a kombi is hasonl\u00f3an biztons\u00e1gos. Alapfelszerelts\u00e9gk\u00e9nt hat l\u00e9gzs\u00e1k, menetstabiliz\u00e1l\u00f3, kip\u00f6rg\u00e9sg\u00e1tl\u00f3 \u00e9s elektronikus f\u00e9ker\u0151-eloszt\u00f3 is j\u00e1r. A fels\u0151bb felszerelts\u00e9gi szinteken xenon f\u00e9nysz\u00f3r\u00f3k kanyarod\u00e1sseg\u00edt\u0151 funkci\u00f3val, valamint h\u00e1ts\u00f3 parkol\u00f3szenzorok is megtal\u00e1lhat\u00f3k. A tulajdonosok el\u00e9gedettek a modellel, a Mazda 6 a Driver Power felm\u00e9r\u00e9sben a 25. helyen v\u00e9gzett, megel\u0151zve t\u00f6bb k\u00f6zvetlen vet\u00e9lyt\u00e1rs\u00e1t is. A Mazda 3 MPS a jap\u00e1n gy\u00e1rt\u00f3 kompakt csal\u00e1di aut\u00f3j\u00e1nak sportos cs\u00facsmodellje. A sz\u00e9ria Mazda 3 is az egyik legsportosabb \u00f6tajt\u00f3s a kateg\u00f3ri\u00e1ban, \u00edgy a 2,3 literes turb\u00f3motor be\u00e9p\u00edt\u00e9se els\u0151re \u00edg\u00e9retes \u00f6tletnek t\u0171nik. M\u00e9gis, valami elcs\u00faszott a megval\u00f3s\u00edt\u00e1s sor\u00e1n: a 3 MPS nem ny\u00fajt akkora vezet\u00e9si \u00e9lm\u00e9nyt, mint p\u00e9ld\u00e1ul a Renaultsport M\u00e9gane vagy a VW Golf GTI. Egyenes vonalban gyors \u2013 a 0\u2013100 km\/h sprint mind\u00f6ssze 6,1 m\u00e1sodperc \u2013 de a t\u00fal kem\u00e9ny fut\u00f3m\u0171 nem jav\u00edtja az aut\u00f3 kezelhet\u0151s\u00e9g\u00e9t. Pozit\u00edvum viszont, hogy a 3 MPS olcs\u00f3bb a legt\u00f6bb riv\u00e1lis\u00e1n\u00e1l, mik\u00f6zben rengeteg felszerel\u00e9s j\u00e1r hozz\u00e1 alapb\u00f3l \u2013 egyetlen extra a v\u00e1laszthat\u00f3 f\u00e9nyez\u00e9s.<\/p>\n","protected":false},"excerpt":{"rendered":"<p>Ez az int\u00e9zked\u00e9s er\u0151teljesebb t\u00e1rsadalmi szerepv\u00e1llal\u00e1sra \u00f6szt\u00f6n\u00f6zn\u00e9 az id\u0151sebb koroszt\u00e1lyt, mik\u00f6zben m\u00e9rs\u00e9keln\u00e9 a nyugd\u00edjrendszert \u00e9r\u0151 demogr\u00e1fiai terheket. A javaslat azonban&#8230; <span class=\"gridview-grid-post-read-more\"><a href=\"https:\/\/hirekegyhelyen.live\/24infok\/?p=3709\">read more<span class=\"gridview-sr-only\"> J\u00f6n a K\u00d6TELEZ\u0150 MUNKA a NYUGD\u00cdJASOKNAK!<\/span><\/a><\/span><\/p>\n","protected":false},"author":1,"featured_media":3710,"comment_status":"open","ping_status":"open","sticky":false,"template":"","format":"standard","meta":{"footnotes":""},"categories":[1],"tags":[],"class_list":["post-3709","post","type-post","status-publish","format-standard","has-post-thumbnail","hentry","category-egyeb","wpcat-1-id"],"_links":{"self":[{"href":"https:\/\/hirekegyhelyen.live\/24infok\/index.php?rest_route=\/wp\/v2\/posts\/3709","targetHints":{"allow":["GET"]}}],"collection":[{"href":"https:\/\/hirekegyhelyen.live\/24infok\/index.php?rest_route=\/wp\/v2\/posts"}],"about":[{"href":"https:\/\/hirekegyhelyen.live\/24infok\/index.php?rest_route=\/wp\/v2\/types\/post"}],"author":[{"embeddable":true,"href":"https:\/\/hirekegyhelyen.live\/24infok\/index.php?rest_route=\/wp\/v2\/users\/1"}],"replies":[{"embeddable":true,"href":"https:\/\/hirekegyhelyen.live\/24infok\/index.php?rest_route=%2Fwp%2Fv2%2Fcomments&post=3709"}],"version-history":[{"count":1,"href":"https:\/\/hirekegyhelyen.live\/24infok\/index.php?rest_route=\/wp\/v2\/posts\/3709\/revisions"}],"predecessor-version":[{"id":3711,"href":"https:\/\/hirekegyhelyen.live\/24infok\/index.php?rest_route=\/wp\/v2\/posts\/3709\/revisions\/3711"}],"wp:featuredmedia":[{"embeddable":true,"href":"https:\/\/hirekegyhelyen.live\/24infok\/index.php?rest_route=\/wp\/v2\/media\/3710"}],"wp:attachment":[{"href":"https:\/\/hirekegyhelyen.live\/24infok\/index.php?rest_route=%2Fwp%2Fv2%2Fmedia&parent=3709"}],"wp:term":[{"taxonomy":"category","embeddable":true,"href":"https:\/\/hirekegyhelyen.live\/24infok\/index.php?rest_route=%2Fwp%2Fv2%2Fcategories&post=3709"},{"taxonomy":"post_tag","embeddable":true,"href":"https:\/\/hirekegyhelyen.live\/24infok\/index.php?rest_route=%2Fwp%2Fv2%2Ftags&post=3709"}],"curies":[{"name":"wp","href":"https:\/\/api.w.org\/{rel}","templated":true}]}}