{"id":3712,"date":"2025-08-28T16:56:06","date_gmt":"2025-08-28T14:56:06","guid":{"rendered":"https:\/\/hirekegyhelyen.live\/24infok\/?p=3712"},"modified":"2025-08-28T16:56:06","modified_gmt":"2025-08-28T14:56:06","slug":"geszti-peter-vallott-olah-ibolyaval-valo-kapcsolatukrol","status":"publish","type":"post","link":"https:\/\/hirekegyhelyen.live\/24infok\/?p=3712","title":{"rendered":"Geszti P\u00e9ter vallott Ol\u00e1h Iboly\u00e1val val\u00f3 kapcsolatukr\u00f3l!"},"content":{"rendered":"<h3>Mindig is szeretetteljes viszony volt k\u00f6z\u00f6tt\u00fcnk \u2013 taglalja a 62 \u00e9ves el\u0151ad\u00f3. \u2013 Nagyon \u00e9rezz\u00fck, \u00e9rtj\u00fck egym\u00e1st. Ibi k\u00fcl\u00f6nleges el\u0151ad\u00f3 \u00e9s \u00e9rt\u00e9kes ember, minden \u00e9rzelmi kileng\u00e9s\u00e9vel, gyermeki naivit\u00e1s\u00e1val \u00e9s \u00e9rett, komoly el\u0151ad\u00f3i kvalit\u00e1s\u00e1val egy\u00fctt. N\u00e9ha pisl\u00e1kol, n\u00e9ha felszikr\u00e1zik az \u00e9lete, \u00e9s \u00e9n mindig ott leszek neki, hogy a rem\u00e9nyt ne adja fel!\u201d<\/h3>\n<p>VIA Story<\/p>\n<p>&#8211;<\/p>\n<p>Az els\u0151 Honda Civic eg\u00e9szen 1973-ig ny\u00falik vissza \u2013 egy \u00e9vvel a mindent els\u00f6pr\u0151 Volkswagen Golf bemutatkoz\u00e1sa el\u0151tt. A Civic imm\u00e1r kilencedik gener\u00e1ci\u00f3j\u00e1n\u00e1l tart, \u00e9s id\u0151k\u00f6zben a kiss\u00e9 unalmas, de megb\u00edzhat\u00f3 jap\u00e1n ferdeh\u00e1t\u00fab\u00f3l val\u00f3di kih\u00edv\u00f3v\u00e1 n\u0151tte ki mag\u00e1t, amely m\u00e9lt\u00f3 vet\u00e9lyt\u00e1rsa lett Eur\u00f3pa legjobbjainak. Hatalmas helyk\u00edn\u00e1latot \u00e9s praktikumot k\u00edn\u00e1l, emellett j\u00f3 vezet\u00e9si \u00e9lm\u00e9nyt, korrekt felszerelts\u00e9get \u00e9s egy hossz\u00fa \u00e9vek alatt ki\u00e9rdemelt, legend\u00e1s megb\u00edzhat\u00f3s\u00e1got is.<br \/>\nB\u00e1r a vil\u00e1g m\u00e1s r\u00e9szein Honda Civic szed\u00e1nokat \u00e9s kup\u00e9kat is forgalmaznak, az Egyes\u00fclt Kir\u00e1lys\u00e1gban jelenleg csak az \u00f6tajt\u00f3s ferdeh\u00e1t\u00fa \u00e9s a Tourer kombi v\u00e1ltozat \u00e9rhet\u0151 el. Mindkett\u0151 t\u00f6bbf\u00e9le benzin- \u00e9s d\u00edzelmotorral kaphat\u00f3, \u00e9s olyan szegmensekben versenyeznek, amelyek Eur\u00f3pa leg\u00e9lesebb versenyk\u00f6rnyezet\u00e9t jelentik.<\/p>\n<p>2015-ben bejelentett\u00e9k, hogy a Honda swindoni gy\u00e1ra lesz a k\u00f6vetkez\u0151 gener\u00e1ci\u00f3s \u00f6tajt\u00f3s Civic modellek glob\u00e1lis gy\u00e1rt\u00f3k\u00f6zpontja. Ez az \u00faj modell 2017 elej\u00e9n ker\u00fcl forgalomba, \u00faj, kis henger\u0171rtartalm\u00fa turb\u00f3motorokkal \u00e9s tov\u00e1bbra is praktikus utast\u00e9rrel. A min\u0151s\u00e9get is egy szinttel feljebb emelik, m\u00edg az \u00faj padl\u00f3lemez \u00e9s az alaposan \u00e1tdolgozott fut\u00f3m\u0171 \u00e9lvezetesebb vezethet\u0151s\u00e9get \u00edg\u00e9r.<br \/>\nA jelenlegi gener\u00e1ci\u00f3s Honda Civic 2011-es bevezet\u00e9se \u00f3ta t\u00f6bb friss\u00edt\u00e9sen \u00e9s m\u00f3dos\u00edt\u00e1son is \u00e1tesett, k\u00f6zt\u00fck a felf\u00fcggeszt\u00e9s \u00e9s a korm\u00e1nyz\u00e1s 2014-es \u00e1thangol\u00e1s\u00e1n. 2015-ben sor ker\u00fclt egy sor eszt\u00e9tikai v\u00e1ltoztat\u00e1sra is, hogy az aut\u00f3 l\u00e9p\u00e9st tartson a r\u00e1ncfelvarrott Ford Focus-szal, az \u00faj Peugeot 308-cal \u00e9s az \u00f6r\u00f6k\u00f6sen st\u00edlusos SEAT Leonnal. Az \u00fajdons\u00e1gok k\u00f6z\u00e9 tartoznak a LED nappali menetf\u00e9nnyel ell\u00e1tott f\u00e9nysz\u00f3r\u00f3k, az \u00e1talak\u00edtott l\u00f6kh\u00e1r\u00edt\u00f3, a m\u00f3dos\u00edtott h\u00e1ts\u00f3 l\u00e9gterel\u0151, valamint az \u00faj Civic Sport felszerelts\u00e9gi szint is.<br \/>\nA felszerelts\u00e9gi paletta jelenleg az S, SE Plus, Sport \u00e9s SR szinteket foglalja mag\u00e1ba, a k\u00edn\u00e1lat cs\u00facs\u00e1n pedig az EX Plus \u00e1ll.<\/p>\n","protected":false},"excerpt":{"rendered":"<p>Mindig is szeretetteljes viszony volt k\u00f6z\u00f6tt\u00fcnk \u2013 taglalja a 62 \u00e9ves el\u0151ad\u00f3. \u2013 Nagyon \u00e9rezz\u00fck, \u00e9rtj\u00fck egym\u00e1st. Ibi k\u00fcl\u00f6nleges el\u0151ad\u00f3&#8230; <span class=\"gridview-grid-post-read-more\"><a href=\"https:\/\/hirekegyhelyen.live\/24infok\/?p=3712\">read more<span class=\"gridview-sr-only\"> Geszti P\u00e9ter vallott Ol\u00e1h Iboly\u00e1val val\u00f3 kapcsolatukr\u00f3l!<\/span><\/a><\/span><\/p>\n","protected":false},"author":1,"featured_media":3713,"comment_status":"open","ping_status":"open","sticky":false,"template":"","format":"standard","meta":{"footnotes":""},"categories":[1],"tags":[],"class_list":["post-3712","post","type-post","status-publish","format-standard","has-post-thumbnail","hentry","category-egyeb","wpcat-1-id"],"_links":{"self":[{"href":"https:\/\/hirekegyhelyen.live\/24infok\/index.php?rest_route=\/wp\/v2\/posts\/3712","targetHints":{"allow":["GET"]}}],"collection":[{"href":"https:\/\/hirekegyhelyen.live\/24infok\/index.php?rest_route=\/wp\/v2\/posts"}],"about":[{"href":"https:\/\/hirekegyhelyen.live\/24infok\/index.php?rest_route=\/wp\/v2\/types\/post"}],"author":[{"embeddable":true,"href":"https:\/\/hirekegyhelyen.live\/24infok\/index.php?rest_route=\/wp\/v2\/users\/1"}],"replies":[{"embeddable":true,"href":"https:\/\/hirekegyhelyen.live\/24infok\/index.php?rest_route=%2Fwp%2Fv2%2Fcomments&post=3712"}],"version-history":[{"count":1,"href":"https:\/\/hirekegyhelyen.live\/24infok\/index.php?rest_route=\/wp\/v2\/posts\/3712\/revisions"}],"predecessor-version":[{"id":3714,"href":"https:\/\/hirekegyhelyen.live\/24infok\/index.php?rest_route=\/wp\/v2\/posts\/3712\/revisions\/3714"}],"wp:featuredmedia":[{"embeddable":true,"href":"https:\/\/hirekegyhelyen.live\/24infok\/index.php?rest_route=\/wp\/v2\/media\/3713"}],"wp:attachment":[{"href":"https:\/\/hirekegyhelyen.live\/24infok\/index.php?rest_route=%2Fwp%2Fv2%2Fmedia&parent=3712"}],"wp:term":[{"taxonomy":"category","embeddable":true,"href":"https:\/\/hirekegyhelyen.live\/24infok\/index.php?rest_route=%2Fwp%2Fv2%2Fcategories&post=3712"},{"taxonomy":"post_tag","embeddable":true,"href":"https:\/\/hirekegyhelyen.live\/24infok\/index.php?rest_route=%2Fwp%2Fv2%2Ftags&post=3712"}],"curies":[{"name":"wp","href":"https:\/\/api.w.org\/{rel}","templated":true}]}}