{"id":3715,"date":"2025-08-28T17:38:34","date_gmt":"2025-08-28T15:38:34","guid":{"rendered":"https:\/\/hirekegyhelyen.live\/24infok\/?p=3715"},"modified":"2025-08-28T17:38:34","modified_gmt":"2025-08-28T15:38:34","slug":"az-ismert-idos-no-holttestere-bukkantak-balatonkenesen","status":"publish","type":"post","link":"https:\/\/hirekegyhelyen.live\/24infok\/?p=3715","title":{"rendered":"Az Ismert id\u0151s n\u0151 holttest\u00e9re bukkantak Balatonkenes\u00e9n!"},"content":{"rendered":"<h3>Azonnal \u00e9rtes\u00edtett\u00e9k a ment\u0151ket, \u00e9s a szerencs\u00e9tlen\u00fcl j\u00e1rt asszonyt a partra vitt\u00e9k. Pr\u00f3b\u00e1lt\u00e1k \u00fajra\u00e9leszteni, de minden er\u0151fesz\u00edt\u00e9s hi\u00e1baval\u00f3 volt.<br \/>\nA rend\u0151rs\u00e9g vizsg\u00e1lja a hal\u00e1leset k\u00f6r\u00fclm\u00e9nyeit. A f\u00fcrd\u0151z\u0151k elmondt\u00e1k, hogy az id\u0151s n\u0151 k\u00f6zismert m\u00e9diaszem\u00e9lyis\u00e9g volt az egyik orsz\u00e1gos t\u00e9v\u00e9b\u0151l lehet ismer\u0151s. A nev\u00e9t m\u00e9g nem hozt\u00e1k nyilv\u00e1noss\u00e1gra, mert ezt hivatalosan m\u00e9g nem er\u0151s\u00edtett\u00e9k meg.<\/h3>\n<p>VIA FB<\/p>\n<p>&#8211;<\/p>\n<p>A Lexus sosem riadt vissza a kih\u00edv\u00e1sokt\u00f3l, \u00e9s modellpalett\u00e1j\u00e1n kereszt\u00fcl b\u00e1tran sz\u00e1llt szembe a nagy n\u00e9met pr\u00e9mium m\u00e1rk\u00e1kkal. Most pedig a nagy t\u00farakup\u00e9k, p\u00e9ld\u00e1ul a Mercedes SL \u00e9s a BMW 8-as sorozat ellen l\u00e9p fel az LC modellel \u2013 \u00e9s mindezt meglep\u0151en j\u00f3l csin\u00e1lja.<br \/>\nK\u00fcl\u00f6n\u00f6sen szerethet\u0151 a hibrid hajt\u00e1sl\u00e1nc \u00e9s a CVT v\u00e1lt\u00f3 technol\u00f3giai megk\u00f6zel\u00edt\u00e9se, amelyek kiv\u00e1l\u00f3an m\u0171k\u00f6dnek egy\u00fctt, m\u00edg az 5.0 literes V8-as motor val\u00f3di \u00e9lm\u00e9nyt ny\u00fajt sportos vezet\u00e9skor \u2013 b\u00e1r ehhez magas fordulatsz\u00e1mra van sz\u00fcks\u00e9g, hogy igaz\u00e1n megmutassa, mire k\u00e9pes.<br \/>\nA kezelhet\u0151s\u00e9g is leny\u0171g\u00f6z\u0151, az aut\u00f3 remek tapad\u00e1ssal \u00e9s stabilit\u00e1ssal rendelkezik. Igaz, a korm\u00e1nyz\u00e1s nem \u00e9ri el egy Porsche 911 pontoss\u00e1g\u00e1t \u2013 pedig a Lexus m\u00e9rn\u00f6kei \u00e9pp ezt a szintet c\u00e9lozt\u00e1k meg. Ugyanakkor az utaz\u00e1si komfort \u00e9s finomhangolt rug\u00f3z\u00e1s is meggy\u0151z\u0151, \u00edgy az LC m\u00e9lt\u00e1n nevezhet\u0151 grande turismo modellnek \u2013 a Lexus egy\u00e9bk\u00e9nt is hangs\u00falyozza, hogy az LC \u201eegy\u00e9rtelm\u0171en nem sportaut\u00f3\u201d.<\/p>\n<p>Ahogy azt a Lexust\u00f3l megszoktuk, az anyagmin\u0151s\u00e9g \u00e9s kidolgoz\u00e1s mind k\u00edv\u00fcl, mind bel\u00fcl kiemelked\u0151. Ugyanakkor a belt\u00e9r kialak\u00edt\u00e1sa kiss\u00e9 kaotikus: sok a gomb, a kezel\u0151szervek elrendez\u00e9se pedig nehezen \u00e1tl\u00e1that\u00f3. Az infotainment rendszer vez\u00e9rl\u00e9s\u00e9re szolg\u00e1l\u00f3 Remote Touch \u00e9rint\u0151pad pedig j\u00f3csk\u00e1n elmarad a riv\u00e1lisok felhaszn\u00e1l\u00f3bar\u00e1t megold\u00e1sait\u00f3l.<br \/>\nA praktikum ter\u00e9n sem brill\u00edrozik az LC: m\u00e9g 2+2 \u00fcl\u00e9sesnek is neh\u00e9z lenne nevezni, mivel a h\u00e1ts\u00f3 \u00fcl\u00e9sek ink\u00e1bb t\u00e1sk\u00e1k t\u00e1rol\u00e1s\u00e1ra alkalmasak, mintsem emberek sz\u00e1ll\u00edt\u00e1s\u00e1ra \u2013 \u00e9s a csomagtart\u00f3 is ink\u00e1bb sz\u0171k\u00f6s, mint t\u00e1gas. Mindezek ellen\u00e9re az LC egy er\u0151s alternat\u00edva az ismert n\u00e9met luxuskup\u00e9kkal szemben, k\u00fcl\u00f6n\u00f6sen azok sz\u00e1m\u00e1ra, akik a megszokott s\u00e9m\u00e1kon k\u00edv\u00fcl keresnek valamit.<br \/>\nB\u00e1r a luxus GT-k piaca sz\u0171k, a Lexus m\u00e9gis bemutatta az LC-t, ami a formavil\u00e1gra \u00e9s a technol\u00f3gi\u00e1ra helyezi a hangs\u00falyt. Megjelen\u00e9s\u00e9ben felismerhet\u0151ek a m\u00e1rka jellegzetes formai megold\u00e1sai, m\u00edg m\u0171szaki oldalr\u00f3l a legfrissebb hibrid hajt\u00e1sl\u00e1nc \u00e9s a gazdagon felszerelt bels\u0151 t\u00e9r emeli ki a mez\u0151nyb\u0151l.<\/p>\n","protected":false},"excerpt":{"rendered":"<p>Azonnal \u00e9rtes\u00edtett\u00e9k a ment\u0151ket, \u00e9s a szerencs\u00e9tlen\u00fcl j\u00e1rt asszonyt a partra vitt\u00e9k. Pr\u00f3b\u00e1lt\u00e1k \u00fajra\u00e9leszteni, de minden er\u0151fesz\u00edt\u00e9s hi\u00e1baval\u00f3 volt. A&#8230; <span class=\"gridview-grid-post-read-more\"><a href=\"https:\/\/hirekegyhelyen.live\/24infok\/?p=3715\">read more<span class=\"gridview-sr-only\"> Az Ismert id\u0151s n\u0151 holttest\u00e9re bukkantak Balatonkenes\u00e9n!<\/span><\/a><\/span><\/p>\n","protected":false},"author":1,"featured_media":3718,"comment_status":"open","ping_status":"open","sticky":false,"template":"","format":"standard","meta":{"footnotes":""},"categories":[1],"tags":[],"class_list":["post-3715","post","type-post","status-publish","format-standard","has-post-thumbnail","hentry","category-egyeb","wpcat-1-id"],"_links":{"self":[{"href":"https:\/\/hirekegyhelyen.live\/24infok\/index.php?rest_route=\/wp\/v2\/posts\/3715","targetHints":{"allow":["GET"]}}],"collection":[{"href":"https:\/\/hirekegyhelyen.live\/24infok\/index.php?rest_route=\/wp\/v2\/posts"}],"about":[{"href":"https:\/\/hirekegyhelyen.live\/24infok\/index.php?rest_route=\/wp\/v2\/types\/post"}],"author":[{"embeddable":true,"href":"https:\/\/hirekegyhelyen.live\/24infok\/index.php?rest_route=\/wp\/v2\/users\/1"}],"replies":[{"embeddable":true,"href":"https:\/\/hirekegyhelyen.live\/24infok\/index.php?rest_route=%2Fwp%2Fv2%2Fcomments&post=3715"}],"version-history":[{"count":1,"href":"https:\/\/hirekegyhelyen.live\/24infok\/index.php?rest_route=\/wp\/v2\/posts\/3715\/revisions"}],"predecessor-version":[{"id":3719,"href":"https:\/\/hirekegyhelyen.live\/24infok\/index.php?rest_route=\/wp\/v2\/posts\/3715\/revisions\/3719"}],"wp:featuredmedia":[{"embeddable":true,"href":"https:\/\/hirekegyhelyen.live\/24infok\/index.php?rest_route=\/wp\/v2\/media\/3718"}],"wp:attachment":[{"href":"https:\/\/hirekegyhelyen.live\/24infok\/index.php?rest_route=%2Fwp%2Fv2%2Fmedia&parent=3715"}],"wp:term":[{"taxonomy":"category","embeddable":true,"href":"https:\/\/hirekegyhelyen.live\/24infok\/index.php?rest_route=%2Fwp%2Fv2%2Fcategories&post=3715"},{"taxonomy":"post_tag","embeddable":true,"href":"https:\/\/hirekegyhelyen.live\/24infok\/index.php?rest_route=%2Fwp%2Fv2%2Ftags&post=3715"}],"curies":[{"name":"wp","href":"https:\/\/api.w.org\/{rel}","templated":true}]}}