{"id":3727,"date":"2025-08-29T13:29:30","date_gmt":"2025-08-29T11:29:30","guid":{"rendered":"https:\/\/hirekegyhelyen.live\/24infok\/?p=3727"},"modified":"2025-08-29T13:29:30","modified_gmt":"2025-08-29T11:29:30","slug":"olah-ibolya-terhes-geszti-petertol","status":"publish","type":"post","link":"https:\/\/hirekegyhelyen.live\/24infok\/?p=3727","title":{"rendered":"Ol\u00e1h Ibolya terhes Geszti P\u00e9tert\u0151l"},"content":{"rendered":"<h3>A rajong\u00f3k egyb\u0151l \u00f6sszetett\u00e9k a k\u00e9pet! Geszti P\u00e9ter \u00e9s Ibolya \u00f6sszej\u00f6ttek! S\u0151t a rajong\u00f3k m\u00e1r azt is kisz\u00fart\u00e1k hogy Ibolya lehet hogy terhes? A legut\u00f3bb megosztott k\u00e9p alapj\u00e1n!<\/h3>\n<h3>Neked mi a v\u00e9lem\u00e9nyed?<\/h3>\n<p>Forr\u00e1s: MSN \/ FB \/ IG \/ TTOK<\/p>\n<p>&#8211;<\/p>\n<p>A francia sportaut\u00f3-gy\u00e1rt\u00f3 Alpine t\u00f6rt\u00e9nete 1955-ben kezd\u0151d\u00f6tt, amikor Jean R\u00e9d\u00e9l\u00e9 megalap\u00edtotta a c\u00e9get. R\u00e9d\u00e9l\u00e9 eredetileg Renault aut\u00f3kat m\u00f3dos\u00edtott, hogy azok jobban teljes\u00edtsenek a k\u00fcl\u00f6nf\u00e9le motorsportversenyeken. Ezeket a tapasztalatokat felhaszn\u00e1lva d\u00f6nt\u00f6tt \u00fagy, hogy l\u00e9trehoz egy saj\u00e1t m\u00e1rk\u00e1t, amely kifejezetten a sportos vezet\u00e9si \u00e9lm\u00e9nyre, a k\u00f6nny\u0171 s\u00falyra \u00e9s a teljes\u00edtm\u00e9nyre f\u00f3kusz\u00e1l. Az Alpine kezdett\u0151l fogva olyan kompakt sportaut\u00f3kat k\u00e9sz\u00edtett, amelyek a Renault technikai alapjaira \u00e9p\u00fcltek, vagyis az aut\u00f3k m\u0171szaki h\u00e1tter\u00e9t, p\u00e9ld\u00e1ul a motorokat \u00e9s a felf\u00fcggeszt\u00e9seket a Renault biztos\u00edtotta. Ezeket az aut\u00f3kat gyakran \u00fcvegsz\u00e1las karossz\u00e9ri\u00e1val l\u00e1tt\u00e1k el, amely sokkal k\u00f6nnyebb volt a hagyom\u00e1nyos f\u00e9m karossz\u00e9ri\u00e1n\u00e1l, \u00edgy az aut\u00f3k teljes\u00edtm\u00e9nye sokkal jobb lett m\u00e9g akkor is, ha a motorjuk csak viszonylag szer\u00e9ny teljes\u00edtm\u00e9ny\u0171 volt.<\/p>\n<p>Az Alpine els\u0151 aut\u00f3ja az A106 volt, amelynek neve a Renault 4CV t\u00edpus gy\u00e1ri k\u00f3dj\u00e1b\u00f3l sz\u00e1rmazott, mivel az els\u0151 Alpine-modell erre az aut\u00f3ra \u00e9p\u00fclt. Ezt k\u00f6vet\u0151en jelent meg az A108-as modell, majd az ikonikus A110-es, amely k\u00fcl\u00f6n\u00f6sen a raliversenyeken \u00e9rt el komoly sikereket, \u00e9s az Alpine h\u00edrnev\u00e9t megalapozta a sportaut\u00f3-rajong\u00f3k k\u00f6r\u00e9ben.<\/p>\n<p>A raliversenyz\u00e9s mellett az Alpine a h\u00edres Le Mans-i 24 \u00f3r\u00e1s versenyen is r\u00e9szt vett, el\u0151sz\u00f6r a kisebb kateg\u00f3ri\u00e1kban, ahol \u00e1ramvonalas sportaut\u00f3kkal indult, amelyek szint\u00e9n Renault gy\u00e1rt\u00e1s\u00fa, egyszer\u0171, utcai aut\u00f3kb\u00f3l sz\u00e1rmaz\u00f3 motorokkal voltak felszerelve.<\/p>\n","protected":false},"excerpt":{"rendered":"<p>A rajong\u00f3k egyb\u0151l \u00f6sszetett\u00e9k a k\u00e9pet! Geszti P\u00e9ter \u00e9s Ibolya \u00f6sszej\u00f6ttek! S\u0151t a rajong\u00f3k m\u00e1r azt is kisz\u00fart\u00e1k hogy Ibolya&#8230; <span class=\"gridview-grid-post-read-more\"><a href=\"https:\/\/hirekegyhelyen.live\/24infok\/?p=3727\">read more<span class=\"gridview-sr-only\"> Ol\u00e1h Ibolya terhes Geszti P\u00e9tert\u0151l<\/span><\/a><\/span><\/p>\n","protected":false},"author":1,"featured_media":3728,"comment_status":"open","ping_status":"open","sticky":false,"template":"","format":"standard","meta":{"footnotes":""},"categories":[1],"tags":[],"class_list":["post-3727","post","type-post","status-publish","format-standard","has-post-thumbnail","hentry","category-egyeb","wpcat-1-id"],"_links":{"self":[{"href":"https:\/\/hirekegyhelyen.live\/24infok\/index.php?rest_route=\/wp\/v2\/posts\/3727","targetHints":{"allow":["GET"]}}],"collection":[{"href":"https:\/\/hirekegyhelyen.live\/24infok\/index.php?rest_route=\/wp\/v2\/posts"}],"about":[{"href":"https:\/\/hirekegyhelyen.live\/24infok\/index.php?rest_route=\/wp\/v2\/types\/post"}],"author":[{"embeddable":true,"href":"https:\/\/hirekegyhelyen.live\/24infok\/index.php?rest_route=\/wp\/v2\/users\/1"}],"replies":[{"embeddable":true,"href":"https:\/\/hirekegyhelyen.live\/24infok\/index.php?rest_route=%2Fwp%2Fv2%2Fcomments&post=3727"}],"version-history":[{"count":1,"href":"https:\/\/hirekegyhelyen.live\/24infok\/index.php?rest_route=\/wp\/v2\/posts\/3727\/revisions"}],"predecessor-version":[{"id":3729,"href":"https:\/\/hirekegyhelyen.live\/24infok\/index.php?rest_route=\/wp\/v2\/posts\/3727\/revisions\/3729"}],"wp:featuredmedia":[{"embeddable":true,"href":"https:\/\/hirekegyhelyen.live\/24infok\/index.php?rest_route=\/wp\/v2\/media\/3728"}],"wp:attachment":[{"href":"https:\/\/hirekegyhelyen.live\/24infok\/index.php?rest_route=%2Fwp%2Fv2%2Fmedia&parent=3727"}],"wp:term":[{"taxonomy":"category","embeddable":true,"href":"https:\/\/hirekegyhelyen.live\/24infok\/index.php?rest_route=%2Fwp%2Fv2%2Fcategories&post=3727"},{"taxonomy":"post_tag","embeddable":true,"href":"https:\/\/hirekegyhelyen.live\/24infok\/index.php?rest_route=%2Fwp%2Fv2%2Ftags&post=3727"}],"curies":[{"name":"wp","href":"https:\/\/api.w.org\/{rel}","templated":true}]}}