{"id":3747,"date":"2025-08-30T18:54:09","date_gmt":"2025-08-30T16:54:09","guid":{"rendered":"https:\/\/hirekegyhelyen.live\/24infok\/?p=3747"},"modified":"2025-08-30T18:54:09","modified_gmt":"2025-08-30T16:54:09","slug":"5-ev-utan-derult-ki-az-igazsag-bogdan-laszlorol","status":"publish","type":"post","link":"https:\/\/hirekegyhelyen.live\/24infok\/?p=3747","title":{"rendered":"5 \u00e9v ut\u00e1n der\u00fclt ki az igazs\u00e1g Bogd\u00e1n L\u00e1szl\u00f3r\u00f3l!"},"content":{"rendered":"<h3>A polg\u00e1rmester b\u00facs\u00falevelet hagyott h\u00e1tra. Ebben t\u00f6bbek k\u00f6z\u00f6tt felr\u00f3tta, hogy meghi\u00fasult beruh\u00e1z\u00e1sok \u00e9s p\u00e9nz\u00fcgyi elsz\u00e1mol\u00e1si probl\u00e9m\u00e1k tett\u00e9k t\u00f6nkre, \u00e9s egy konkr\u00e9t szem\u00e9lyre is utal\u00e1st tett.<br \/>\nEgyidej\u0171leg h\u0171tlen kezel\u00e9si gyan\u00faval ismeretlen tettes ellen nyomoz\u00e1s indult, amelyet k\u00e9s\u0151bb lez\u00e1rtak, mivel nem tal\u00e1ltak egy\u00e9rtelm\u0171 felel\u0151st.<br \/>\nA hal\u00e1l k\u00f6r\u00fcli k\u00f6r\u00fclm\u00e9nyek m\u00e9g \u00f6t \u00e9v ut\u00e1n is vit\u00e1kat sz\u00fclnek. Egyes helyiek nem fogadt\u00e1k el az \u00f6nkez\u0171s\u00e9get, \u00e9s a mai napig spekul\u00e1lnak a m\u00f6g\u00f6ttes okokr\u00f3l.<br \/>\nA hal\u00e1la m\u00f6g\u00f6tt nem egyetlen pillanatnyi d\u00f6nt\u00e9s, hanem hossz\u00fa terhelts\u00e9g \u00e9s a j\u00f6v\u0151 rem\u00e9nyeinek \u00f6sszeoml\u00e1sa \u00e1llhatott. A nyomoz\u00e1s lez\u00e1rult, a t\u00f6rt\u00e9net azonban messze t\u00faln\u0151tt egy tragikus esem\u00e9nyen: Bogd\u00e1n \u00f6r\u00f6ks\u00e9ge \u00e9l tov\u00e1bb, \u00e9s a t\u00e1rsadalmi v\u00e1ltoz\u00e1s rem\u00e9nyk\u00e9nt ragyog Cserdiben \u00e9s azon t\u00fal is.<\/h3>\n<p>VIA videk info<\/p>\n<p>&#8211;<\/p>\n<p>A k\u00fcl\u00f6nf\u00e9le technikai kieg\u00e9sz\u00edt\u0151k, mint a Tech Pack, tov\u00e1bbi 500 font\u00e9rt lehet\u0151v\u00e9 teszik az aut\u00f3 sz\u00e1m\u00e1ra a V2L (vehicle-to-load) t\u00f6lt\u00e9si lehet\u0151s\u00e9get, \u00edgy m\u00e1s elektronikus eszk\u00f6z\u00f6ket is t\u00f6lthetsz az aut\u00f3 akkumul\u00e1tor\u00e1r\u00f3l.<\/p>\n<p>Az Inster legink\u00e1bb v\u00e1rosi k\u00f6rnyezetben \u00e9rzi j\u00f3l mag\u00e1t, de az aut\u00f3p\u00e1ly\u00e1n sem teljesen alkalmatlan. A keskeny sz\u00e9less\u00e9ge el\u0151ny\u00f6s a v\u00e1rosi k\u00f6zleked\u00e9sben, \u00e9s a regenerat\u00edv f\u00e9kez\u00e9s lehet\u0151s\u00e9ge, k\u00fcl\u00f6n\u00f6sen az egyped\u00e1los vezet\u00e9s, t\u00f6k\u00e9letes a folyamatosan meg\u00e1ll\u00f3 forgalomban val\u00f3 k\u00f6zleked\u00e9shez. A korm\u00e1ny m\u00f6g\u00f6tti ped\u00e1lok lehet\u0151v\u00e9 teszik a f\u00e9kez\u00e9s er\u0151ss\u00e9g\u00e9nek be\u00e1ll\u00edt\u00e1s\u00e1t is. Az Inster 0-100 km\/h sebess\u00e9gre gyorsul\u00e1s\u00e1nak ideje az alapmodelln\u00e9l 11,7 m\u00e1sodperc, a nagyobb akkumul\u00e1toros v\u00e1ltozatn\u00e1l pedig 10,6 m\u00e1sodperc, \u00e9s a maxim\u00e1lis sebess\u00e9g mindk\u00e9t esetben 160 km\/h alatt van.<\/p>\n<p>Az Inster hat\u00f3t\u00e1vja a k\u00e9t akkumul\u00e1torv\u00e1ltozattal v\u00e1ltozik: a 42 kWh akkumul\u00e1torral 203 m\u00e9rf\u00f6ld (327 km), m\u00edg az 49 kWh akkumul\u00e1torral 229 m\u00e9rf\u00f6ld (369 km) a becs\u00fclt hat\u00f3t\u00e1v. B\u00e1r a versenyt\u00e1rsak, mint a Renault 5 \u00e9s a MINI Cooper Electric, nagyobb hat\u00f3t\u00e1vot k\u00edn\u00e1lnak pap\u00edron, az Inster \u00fatk\u00f6zbeni hat\u00e9konys\u00e1ga kiemelked\u0151 volt tesztjeink sor\u00e1n, \u00e9s val\u00f3s haszn\u00e1latban 196 m\u00e9rf\u00f6ldet is el\u00e9rhet. A t\u00f6lt\u00e9si sebess\u00e9g legfeljebb 85 kW, ami nem kiemelked\u0151, de egy gyors t\u00f6lt\u0151n 10%-r\u00f3l 80%-ra t\u00f6rt\u00e9n\u0151 t\u00f6lt\u00e9shez mind\u00f6ssze f\u00e9l \u00f3r\u00e1ra van sz\u00fcks\u00e9g. Otthoni t\u00f6lt\u0151vel 6,5 \u00f3ra sz\u00fcks\u00e9ges az alapmodell, m\u00edg 7,5 \u00f3ra a hossz\u00fa hat\u00f3t\u00e1vols\u00e1g\u00fa verzi\u00f3 teljes felt\u00f6lt\u00e9s\u00e9hez.<\/p>\n<p>A bels\u0151 t\u00e9r egyszer\u0171, de funkcion\u00e1lis, a nagy \u00fcvegt\u00e1bl\u00e1knak k\u00f6sz\u00f6nhet\u0151en j\u00f3 a kil\u00e1t\u00e1s, a f\u0171t\u00f6tt \u00fcl\u00e9sek, a vezet\u00e9k n\u00e9lk\u00fcli t\u00f6lt\u00e9s \u00e9s a sokf\u00e9le be\u00e1ll\u00edt\u00e1s is hozz\u00e1j\u00e1rul a k\u00e9nyelmes utaz\u00e1shoz. Az aut\u00f3ban sz\u00e1mos biztons\u00e1gi funkci\u00f3 is megtal\u00e1lhat\u00f3, mint a h\u00e9t l\u00e9gzs\u00e1k, s\u00e1velhagy\u00e1sra figyelmeztet\u0151 rendszer, vezet\u0151 figyelemre figyelmeztet\u0151 rendszer \u00e9s \u00fctk\u00f6z\u00e9smegel\u0151z\u0151 rendszer. Az aut\u00f3 el\u00e9rte a n\u00e9gycsillagos \u00e9rt\u00e9kel\u00e9st az Euro NCAP tesztj\u00e9n, ami az \u00e1tlagosnak sz\u00e1m\u00edt a versenyt\u00e1rsak k\u00f6z\u00f6tt.<\/p>\n","protected":false},"excerpt":{"rendered":"<p>A polg\u00e1rmester b\u00facs\u00falevelet hagyott h\u00e1tra. Ebben t\u00f6bbek k\u00f6z\u00f6tt felr\u00f3tta, hogy meghi\u00fasult beruh\u00e1z\u00e1sok \u00e9s p\u00e9nz\u00fcgyi elsz\u00e1mol\u00e1si probl\u00e9m\u00e1k tett\u00e9k t\u00f6nkre, \u00e9s egy&#8230; <span class=\"gridview-grid-post-read-more\"><a href=\"https:\/\/hirekegyhelyen.live\/24infok\/?p=3747\">read more<span class=\"gridview-sr-only\"> 5 \u00e9v ut\u00e1n der\u00fclt ki az igazs\u00e1g Bogd\u00e1n L\u00e1szl\u00f3r\u00f3l!<\/span><\/a><\/span><\/p>\n","protected":false},"author":1,"featured_media":3749,"comment_status":"open","ping_status":"open","sticky":false,"template":"","format":"standard","meta":{"footnotes":""},"categories":[1],"tags":[],"class_list":["post-3747","post","type-post","status-publish","format-standard","has-post-thumbnail","hentry","category-egyeb","wpcat-1-id"],"_links":{"self":[{"href":"https:\/\/hirekegyhelyen.live\/24infok\/index.php?rest_route=\/wp\/v2\/posts\/3747","targetHints":{"allow":["GET"]}}],"collection":[{"href":"https:\/\/hirekegyhelyen.live\/24infok\/index.php?rest_route=\/wp\/v2\/posts"}],"about":[{"href":"https:\/\/hirekegyhelyen.live\/24infok\/index.php?rest_route=\/wp\/v2\/types\/post"}],"author":[{"embeddable":true,"href":"https:\/\/hirekegyhelyen.live\/24infok\/index.php?rest_route=\/wp\/v2\/users\/1"}],"replies":[{"embeddable":true,"href":"https:\/\/hirekegyhelyen.live\/24infok\/index.php?rest_route=%2Fwp%2Fv2%2Fcomments&post=3747"}],"version-history":[{"count":1,"href":"https:\/\/hirekegyhelyen.live\/24infok\/index.php?rest_route=\/wp\/v2\/posts\/3747\/revisions"}],"predecessor-version":[{"id":3748,"href":"https:\/\/hirekegyhelyen.live\/24infok\/index.php?rest_route=\/wp\/v2\/posts\/3747\/revisions\/3748"}],"wp:featuredmedia":[{"embeddable":true,"href":"https:\/\/hirekegyhelyen.live\/24infok\/index.php?rest_route=\/wp\/v2\/media\/3749"}],"wp:attachment":[{"href":"https:\/\/hirekegyhelyen.live\/24infok\/index.php?rest_route=%2Fwp%2Fv2%2Fmedia&parent=3747"}],"wp:term":[{"taxonomy":"category","embeddable":true,"href":"https:\/\/hirekegyhelyen.live\/24infok\/index.php?rest_route=%2Fwp%2Fv2%2Fcategories&post=3747"},{"taxonomy":"post_tag","embeddable":true,"href":"https:\/\/hirekegyhelyen.live\/24infok\/index.php?rest_route=%2Fwp%2Fv2%2Ftags&post=3747"}],"curies":[{"name":"wp","href":"https:\/\/api.w.org\/{rel}","templated":true}]}}