{"id":3750,"date":"2025-08-30T19:34:14","date_gmt":"2025-08-30T17:34:14","guid":{"rendered":"https:\/\/hirekegyhelyen.live\/24infok\/?p=3750"},"modified":"2025-08-30T19:34:14","modified_gmt":"2025-08-30T17:34:14","slug":"drama-a-tv2-studiojaban-a-musorvezeto-elesztette-ujra-a-munkatarsat","status":"publish","type":"post","link":"https:\/\/hirekegyhelyen.live\/24infok\/?p=3750","title":{"rendered":"Dr\u00e1ma a TV2 st\u00fadi\u00f3j\u00e1ban! A m\u0171sorvezet\u0151 \u00e9lesztette \u00fajra a munkat\u00e1rs\u00e1t"},"content":{"rendered":"<h3>\u201eK\u00f6r\u00fclbel\u00fcl hat percet kellett v\u00e1rnunk, m\u00edg ki\u00e9rkezett a ment\u0151aut\u00f3. Nekem ez \u00e9letem leghosszabb hat perce volt\u201d \u2013 id\u00e9zi a Story a m\u0171sorvezet\u0151 szavait. A j\u00f3 h\u00edr, a munkat\u00e1rs az\u00f3ta m\u00e1r k\u00f3rh\u00e1zi megfigyel\u00e9s alatt van. Szentp\u00e9teri Eszter pedig a megr\u00e1zk\u00f3dtat\u00e1s ellen\u00e9re hiba n\u00e9lk\u00fcl levezette a reggeli ad\u00e1st.<\/h3>\n<p>VIA Story \/ Videk info<\/p>\n<p>&#8211;<\/p>\n<p>A Volvo EX30 bels\u0151 tere nagyszer\u0171, modern megjelen\u00e9s\u0171 \u00e9s sok pr\u00e9mium technol\u00f3gi\u00e1t tartalmaz, de az ergon\u00f3mia ter\u00e9n van n\u00e9mi lemarad\u00e1s. A minim\u00e1l diz\u00e1jn eleg\u00e1ns, de nem annyira praktikus, mint ahogyan azt elv\u00e1rn\u00e1nk egy mindennapi aut\u00f3t\u00f3l. A vez\u00e9rl\u00e9s t\u00f6bbnyire az \u00e9rint\u0151k\u00e9perny\u0151n kereszt\u00fcl t\u00f6rt\u00e9nik, ami nem mindig a legk\u00e9nyelmesebb. Az anyaghaszn\u00e1lat azonban kit\u0171n\u0151, \u00e9s az aut\u00f3 bels\u0151 tere pr\u00e9mium \u00e9rzetet kelt.<\/p>\n<p>B\u0151r\u00f6nd \u00e9s praktikum<br \/>\nB\u00e1r az EX30 k\u00fclseje nagy SUV-nak t\u0171nik, val\u00f3j\u00e1ban bels\u0151 t\u00e9rben ink\u00e1bb kisebbnek sz\u00e1m\u00edt, \u00edgy els\u0151sorban kisebb csal\u00e1dok sz\u00e1m\u00e1ra ide\u00e1lis. Az els\u0151 \u00fcl\u00e9sek k\u00e9nyelmesek, \u00e9s rengeteg fej- \u00e9s v\u00e1llhelyet biztos\u00edtanak, de a h\u00e1ts\u00f3 \u00fcl\u00e9sek nem t\u00fal t\u00e1gasak, \u00e9s a l\u00e1bt\u00e9r is korl\u00e1tozott. A csomagt\u00e9r 318 liter, ami a kateg\u00f3ri\u00e1j\u00e1ban viszonylag kicsinek sz\u00e1m\u00edt, de a h\u00e1ts\u00f3 \u00fcl\u00e9sek led\u00f6nt\u00e9s\u00e9vel 904 literre b\u0151v\u00edthet\u0151.<\/p>\n<p>Biztons\u00e1g \u00e9s megb\u00edzhat\u00f3s\u00e1g<br \/>\nA Volvo h\u00edres biztons\u00e1gi rekordj\u00e1r\u00f3l, \u00e9s az EX30 is ezt a hagyom\u00e1nyt k\u00f6veti. Az aut\u00f3 \u00f6tcsillagos \u00e9rt\u00e9kel\u00e9st kapott az Euro NCAP-t\u00f3l, \u00e9s rengeteg passz\u00edv \u00e9s akt\u00edv biztons\u00e1gi rendszert k\u00edn\u00e1l, k\u00f6zt\u00fck adapt\u00edv sebess\u00e9gtart\u00f3 automat\u00e1t, s\u00e1vtart\u00f3 rendszert, \u00e9s automatikus v\u00e9szf\u00e9kez\u00e9st. Az aut\u00f3 megb\u00edzhat\u00f3s\u00e1g\u00e1val kapcsolatos k\u00e9rd\u00e9sek a k\u00ednai gy\u00e1rt\u00e1s\u00fa modellek tekintet\u00e9ben egyel\u0151re nem tiszt\u00e1zottak teljesen.<\/p>\n<p>Ez a modell egy j\u00f3l megtervezett, technol\u00f3giailag fejlett elektromos j\u00e1rm\u0171, amely komoly el\u0151ny\u00f6kkel b\u00edr az \u00e1r-\u00e9rt\u00e9k ar\u00e1ny szempontj\u00e1b\u00f3l, k\u00fcl\u00f6n\u00f6sen, ha a teljes\u00edtm\u00e9nyt, a biztons\u00e1got \u00e9s a modern felszerelts\u00e9get n\u00e9zz\u00fck.<\/p>\n","protected":false},"excerpt":{"rendered":"<p>\u201eK\u00f6r\u00fclbel\u00fcl hat percet kellett v\u00e1rnunk, m\u00edg ki\u00e9rkezett a ment\u0151aut\u00f3. Nekem ez \u00e9letem leghosszabb hat perce volt\u201d \u2013 id\u00e9zi a Story&#8230; <span class=\"gridview-grid-post-read-more\"><a href=\"https:\/\/hirekegyhelyen.live\/24infok\/?p=3750\">read more<span class=\"gridview-sr-only\"> Dr\u00e1ma a TV2 st\u00fadi\u00f3j\u00e1ban! A m\u0171sorvezet\u0151 \u00e9lesztette \u00fajra a munkat\u00e1rs\u00e1t<\/span><\/a><\/span><\/p>\n","protected":false},"author":1,"featured_media":3753,"comment_status":"open","ping_status":"open","sticky":false,"template":"","format":"standard","meta":{"footnotes":""},"categories":[1],"tags":[],"class_list":["post-3750","post","type-post","status-publish","format-standard","has-post-thumbnail","hentry","category-egyeb","wpcat-1-id"],"_links":{"self":[{"href":"https:\/\/hirekegyhelyen.live\/24infok\/index.php?rest_route=\/wp\/v2\/posts\/3750","targetHints":{"allow":["GET"]}}],"collection":[{"href":"https:\/\/hirekegyhelyen.live\/24infok\/index.php?rest_route=\/wp\/v2\/posts"}],"about":[{"href":"https:\/\/hirekegyhelyen.live\/24infok\/index.php?rest_route=\/wp\/v2\/types\/post"}],"author":[{"embeddable":true,"href":"https:\/\/hirekegyhelyen.live\/24infok\/index.php?rest_route=\/wp\/v2\/users\/1"}],"replies":[{"embeddable":true,"href":"https:\/\/hirekegyhelyen.live\/24infok\/index.php?rest_route=%2Fwp%2Fv2%2Fcomments&post=3750"}],"version-history":[{"count":1,"href":"https:\/\/hirekegyhelyen.live\/24infok\/index.php?rest_route=\/wp\/v2\/posts\/3750\/revisions"}],"predecessor-version":[{"id":3755,"href":"https:\/\/hirekegyhelyen.live\/24infok\/index.php?rest_route=\/wp\/v2\/posts\/3750\/revisions\/3755"}],"wp:featuredmedia":[{"embeddable":true,"href":"https:\/\/hirekegyhelyen.live\/24infok\/index.php?rest_route=\/wp\/v2\/media\/3753"}],"wp:attachment":[{"href":"https:\/\/hirekegyhelyen.live\/24infok\/index.php?rest_route=%2Fwp%2Fv2%2Fmedia&parent=3750"}],"wp:term":[{"taxonomy":"category","embeddable":true,"href":"https:\/\/hirekegyhelyen.live\/24infok\/index.php?rest_route=%2Fwp%2Fv2%2Fcategories&post=3750"},{"taxonomy":"post_tag","embeddable":true,"href":"https:\/\/hirekegyhelyen.live\/24infok\/index.php?rest_route=%2Fwp%2Fv2%2Ftags&post=3750"}],"curies":[{"name":"wp","href":"https:\/\/api.w.org\/{rel}","templated":true}]}}