{"id":4380,"date":"2026-01-26T15:26:46","date_gmt":"2026-01-26T14:26:46","guid":{"rendered":"https:\/\/hirekegyhelyen.live\/24infok\/?p=4380"},"modified":"2026-01-26T15:26:46","modified_gmt":"2026-01-26T14:26:46","slug":"szijjarto-peter-kiakadt-gaspar-evelin-miatt","status":"publish","type":"post","link":"https:\/\/hirekegyhelyen.live\/24infok\/?p=4380","title":{"rendered":"Szijj\u00e1rt\u00f3 P\u00e9ter kiakadt G\u00e1sp\u00e1r Evelin miatt!"},"content":{"rendered":"<h3>A besz\u00e9lget\u00e9s hangneme ekkor m\u00e1r \u00e9rezhet\u0151en kem\u00e9nyebb lett: sz\u00f3ba ker\u00fclt az is, hogy az elm\u00falt napokban szerinte \u201ek\u0151kem\u00e9ny c\/g\u00e1ny0z\u00e1s\u201d zajlott Evelin kapcs\u00e1n, amit elfogadhatatlannak tart.<br \/>\nSzijj\u00e1rt\u00f3 P\u00e9ter a v\u00e9g\u00e9n m\u00e9g magasabb fokozatba kapcsolt. Szerinte ha G\u00e1sp\u00e1r Evelin nem a K\u00fcl\u00fcgyminiszt\u00e9riumban, hanem mondjuk a Tisza P\u00e1rt k\u00f6rny\u00e9k\u00e9n bukkant volna fel sajt\u00f3sk\u00e9nt, \u201eugyanez a m\u00e9diavil\u00e1g vil\u00e1gszt\u00e1rk\u00e9nt \u00fcnnepeln\u00e9\u201d. Akkor hirtelen mindenki az integr\u00e1ci\u00f3 csod\u00e1j\u00e1r\u00f3l besz\u00e9lne \u2013 most viszont t\u00e1mad\u00e1sok keresztt\u00fcz\u00e9be ker\u00fclt. A k\u00e9rd\u00e9s azonban tov\u00e1bbra is ott l\u00f3g a leveg\u0151ben \u2013 szakmai d\u00f6nt\u00e9s volt, vagy politikai botr\u00e1nyt kirobbant\u00f3 \u00fcgy? Egy biztos: Szijj\u00e1rt\u00f3 P\u00e9ter ritk\u00e1n fakad ki ennyire.<\/h3>\n<p>VIA NLC<\/p>\n<p>&#8211;<\/p>\n<p>Az automata sebess\u00e9gv\u00e1lt\u00f3 opci\u00f3k\u00e9nt el\u00e9rhet\u0151 a k\u00e9t 1,0 literes turb\u00f3motorhoz, ami k\u00fcl\u00f6n\u00f6sen vonz\u00f3 lehet azok sz\u00e1m\u00e1ra, akik f\u0151k\u00e9nt v\u00e1rosi forgalomban haszn\u00e1lj\u00e1k az aut\u00f3t, vagy egyszer\u0171en a k\u00e9nyelmet r\u00e9szes\u00edtik el\u0151nyben. Ugyanakkor fontos kiemelni, hogy a Rio minden v\u00e1ltozata els\u0151ker\u00e9k-hajt\u00e1s\u00fa, ami ebben a kateg\u00f3ri\u00e1ban teljesen megszokott, \u00e9s megfelel\u0151 tapad\u00e1st, valamint kisz\u00e1m\u00edthat\u00f3 vezethet\u0151s\u00e9get biztos\u00edt a mindennapi k\u00f6zleked\u00e9s sor\u00e1n. \u00d6sszess\u00e9g\u00e9ben a Kia Rio egy j\u00f3l \u00e1tgondolt, modern kisaut\u00f3 benyom\u00e1s\u00e1t kelti, amely a felszerelts\u00e9gi szintek, a motorv\u00e1laszt\u00e9k \u00e9s az \u00e1rk\u00e9pz\u00e9s r\u00e9v\u00e9n sz\u00e9les v\u00e1s\u00e1rl\u00f3i r\u00e9teget c\u00e9loz meg, a praktikumot keres\u0151kt\u0151l eg\u00e9szen azokig, akik egy sportosabb megjelen\u00e9s\u0171, jobban felszerelt v\u00e1ltozatra v\u00e1gynak.<\/p>\n<p>A sz\u00edv\u00f3, n\u00e9gyhengeres, 1,2 literes motor teljes\u00edtm\u00e9nyben \u00e9s nyomat\u00e9kban is elmarad a kisebb henger\u0171rtartalm\u00fa, turb\u00f3felt\u00f6lt\u00e9ses er\u0151forr\u00e1sokt\u00f3l. A val\u00f3s haszn\u00e1lat sor\u00e1n ez azt jelenti, hogy a motort \u2013 \u00e9s az \u00f6tsebess\u00e9ges k\u00e9zi v\u00e1lt\u00f3t \u2013 j\u00f3val kem\u00e9nyebben kell dolgoztatni ahhoz, hogy elfogadhat\u00f3 menetteljes\u00edtm\u00e9nyt kapjunk. Az \u00e1ll\u00f3rajtos gyorsul\u00e1s 0-r\u00f3l 60 m\u00e9rf\u00f6ld\/\u00f3r\u00e1ra meglehet\u0151sen lass\u00fa, eg\u00e9szen pontosan 12,7 m\u00e1sodpercet vesz ig\u00e9nybe, a v\u00e9gsebess\u00e9g pedig 108 m\u00e9rf\u00f6ld\/\u00f3ra. Ezek az \u00e9rt\u00e9kek ugyan nem t\u00fal meggy\u0151z\u0151ek, de v\u00e1rosi k\u00f6rnyezetben, alacsonyabb temp\u00f3n\u00e1l az er\u0151forr\u00e1s m\u0171k\u00f6d\u00e9se kell\u0151en kifinomult, nem zajos \u00e9s nem zavar\u00f3, \u00edgy a mindennapi k\u00f6zleked\u00e9sben elfogadhat\u00f3 komfortot ny\u00fajt.<\/p>\n","protected":false},"excerpt":{"rendered":"<p>A besz\u00e9lget\u00e9s hangneme ekkor m\u00e1r \u00e9rezhet\u0151en kem\u00e9nyebb lett: sz\u00f3ba ker\u00fclt az is, hogy az elm\u00falt napokban szerinte \u201ek\u0151kem\u00e9ny c\/g\u00e1ny0z\u00e1s\u201d zajlott&#8230; <span class=\"gridview-grid-post-read-more\"><a href=\"https:\/\/hirekegyhelyen.live\/24infok\/?p=4380\">read more<span class=\"gridview-sr-only\"> Szijj\u00e1rt\u00f3 P\u00e9ter kiakadt G\u00e1sp\u00e1r Evelin miatt!<\/span><\/a><\/span><\/p>\n","protected":false},"author":1,"featured_media":4381,"comment_status":"open","ping_status":"open","sticky":false,"template":"","format":"standard","meta":{"footnotes":""},"categories":[1],"tags":[],"class_list":["post-4380","post","type-post","status-publish","format-standard","has-post-thumbnail","hentry","category-egyeb","wpcat-1-id"],"_links":{"self":[{"href":"https:\/\/hirekegyhelyen.live\/24infok\/index.php?rest_route=\/wp\/v2\/posts\/4380","targetHints":{"allow":["GET"]}}],"collection":[{"href":"https:\/\/hirekegyhelyen.live\/24infok\/index.php?rest_route=\/wp\/v2\/posts"}],"about":[{"href":"https:\/\/hirekegyhelyen.live\/24infok\/index.php?rest_route=\/wp\/v2\/types\/post"}],"author":[{"embeddable":true,"href":"https:\/\/hirekegyhelyen.live\/24infok\/index.php?rest_route=\/wp\/v2\/users\/1"}],"replies":[{"embeddable":true,"href":"https:\/\/hirekegyhelyen.live\/24infok\/index.php?rest_route=%2Fwp%2Fv2%2Fcomments&post=4380"}],"version-history":[{"count":1,"href":"https:\/\/hirekegyhelyen.live\/24infok\/index.php?rest_route=\/wp\/v2\/posts\/4380\/revisions"}],"predecessor-version":[{"id":4382,"href":"https:\/\/hirekegyhelyen.live\/24infok\/index.php?rest_route=\/wp\/v2\/posts\/4380\/revisions\/4382"}],"wp:featuredmedia":[{"embeddable":true,"href":"https:\/\/hirekegyhelyen.live\/24infok\/index.php?rest_route=\/wp\/v2\/media\/4381"}],"wp:attachment":[{"href":"https:\/\/hirekegyhelyen.live\/24infok\/index.php?rest_route=%2Fwp%2Fv2%2Fmedia&parent=4380"}],"wp:term":[{"taxonomy":"category","embeddable":true,"href":"https:\/\/hirekegyhelyen.live\/24infok\/index.php?rest_route=%2Fwp%2Fv2%2Fcategories&post=4380"},{"taxonomy":"post_tag","embeddable":true,"href":"https:\/\/hirekegyhelyen.live\/24infok\/index.php?rest_route=%2Fwp%2Fv2%2Ftags&post=4380"}],"curies":[{"name":"wp","href":"https:\/\/api.w.org\/{rel}","templated":true}]}}