{"id":4389,"date":"2026-01-27T14:25:54","date_gmt":"2026-01-27T13:25:54","guid":{"rendered":"https:\/\/hirekegyhelyen.live\/24infok\/?p=4389"},"modified":"2026-01-27T14:26:00","modified_gmt":"2026-01-27T13:26:00","slug":"megint-visszater-a-tel-mutatjuk-hol-es-mikor","status":"publish","type":"post","link":"https:\/\/hirekegyhelyen.live\/24infok\/?p=4389","title":{"rendered":"Megint visszat\u00e9r a t\u00e9l mutatjuk hol \u00e9s mikor"},"content":{"rendered":"<h3>A meteorol\u00f3gusok szerint a csapad\u00e9k t\u00edpusa nagyban f\u00fcgg a t\u00e9rs\u00e9g domborzati adotts\u00e1gait\u00f3l \u00e9s a h\u0151m\u00e9rs\u00e9kleti viszonyokt\u00f3l. Az el\u0151rejelz\u00e9sek arra is figyelmeztetnek, hogy a k\u00f6vetkez\u0151 napokban gyorsan v\u00e1ltoz\u00f3 id\u0151j\u00e1r\u00e1sra kell sz\u00e1m\u00edtani. A cs\u00fasz\u00f3s utak, az \u00f3nos es\u0151vel k\u00eds\u00e9rt front\u00e1tvonul\u00e1s \u00e9s a helyenk\u00e9nt kialakul\u00f3 \u00fajabb h\u00f3r\u00e9teg a k\u00f6zleked\u00e9st is nehez\u00edtheti. A j\u00f6v\u0151 h\u00e9t elej\u00e9re.<\/h3>\n<p>Forr\u00e1s: MSN \/ FB<\/p>\n<p>&#8211;<\/p>\n<p>Kia EV3-ra, a Skoda Elroqra \u00e9s a Renault M\u00e9gane-re nagyr\u00e9szt a Suzuki m\u00e9rn\u00f6keinek munk\u00e1j\u00e1t dics\u00e9ri, m\u00edg az alapplatform fejleszt\u00e9se sor\u00e1n a k\u00e9t v\u00e1llalat szoros egy\u00fcttm\u0171k\u00f6d\u00e9sben dolgozott. Ez a k\u00f6z\u00f6s fejleszt\u00e9si megk\u00f6zel\u00edt\u00e9s j\u00f3l t\u00fckr\u00f6zi azt az ipar\u00e1gi trendet, amely szerint a gy\u00e1rt\u00f3k egyre ink\u00e1bb megosztj\u00e1k egym\u00e1ssal az er\u0151forr\u00e1saikat \u00e9s technol\u00f3giai alapjaikat, hogy cs\u00f6kkents\u00e9k a k\u00f6lts\u00e9geket, mik\u00f6zben gyorsabban reag\u00e1lnak az elektromos aut\u00f3k piac\u00e1nak rohamosan v\u00e1ltoz\u00f3 ig\u00e9nyeire. Az Urban Cruiser eset\u00e9ben ez a strat\u00e9gia egy olyan modell megsz\u00fclet\u00e9s\u00e9hez vezetett, amely technikailag rendk\u00edv\u00fcl letisztult, ugyanakkor megjelen\u00e9s\u00e9ben \u00e9s hangulat\u00e1ban pr\u00f3b\u00e1lja meg\u0151rizni a Toyota saj\u00e1t identit\u00e1s\u00e1t.<\/p>\n<p>M\u0171szaki szempontb\u00f3l gyakorlatilag semmilyen k\u00fcl\u00f6nbs\u00e9g nincs a rokon modellekhez k\u00e9pest, ugyanakkor az Urban Cruiser egy kiss\u00e9 elt\u00e9r\u0151 orrkialak\u00edt\u00e1st kapott. Az els\u0151 r\u00e9sz formavil\u00e1g\u00e1ban megjelenik a Toyota \u00fagynevezett \u201ehammerhead\u201d diz\u00e1jneleme, amely az ut\u00f3bbi id\u0151ben t\u00f6bb modelln\u00e9l is visszak\u00f6sz\u00f6n, \u00e9s karakteresebb, modernebb megjelen\u00e9st k\u00f6lcs\u00f6n\u00f6z az aut\u00f3nak. Az utast\u00e9rben szint\u00e9n tal\u00e1lunk elt\u00e9r\u0151 anyaghaszn\u00e1latot \u00e9s apr\u00f3bb st\u00edlusbeli m\u00f3dos\u00edt\u00e1sokat, amelyek c\u00e9lja, hogy az aut\u00f3 ne puszt\u00e1n egy \u00e1tc\u00edmk\u00e9zett testv\u00e9rmodell benyom\u00e1s\u00e1t keltse, hanem val\u00f3ban \u00f6n\u00e1ll\u00f3 karakterrel rendelkezzen.<\/p>\n","protected":false},"excerpt":{"rendered":"<p>A meteorol\u00f3gusok szerint a csapad\u00e9k t\u00edpusa nagyban f\u00fcgg a t\u00e9rs\u00e9g domborzati adotts\u00e1gait\u00f3l \u00e9s a h\u0151m\u00e9rs\u00e9kleti viszonyokt\u00f3l. Az el\u0151rejelz\u00e9sek arra is&#8230; <span class=\"gridview-grid-post-read-more\"><a href=\"https:\/\/hirekegyhelyen.live\/24infok\/?p=4389\">read more<span class=\"gridview-sr-only\"> Megint visszat\u00e9r a t\u00e9l mutatjuk hol \u00e9s mikor<\/span><\/a><\/span><\/p>\n","protected":false},"author":1,"featured_media":4390,"comment_status":"open","ping_status":"open","sticky":false,"template":"","format":"standard","meta":{"footnotes":""},"categories":[1],"tags":[],"class_list":["post-4389","post","type-post","status-publish","format-standard","has-post-thumbnail","hentry","category-egyeb","wpcat-1-id"],"_links":{"self":[{"href":"https:\/\/hirekegyhelyen.live\/24infok\/index.php?rest_route=\/wp\/v2\/posts\/4389","targetHints":{"allow":["GET"]}}],"collection":[{"href":"https:\/\/hirekegyhelyen.live\/24infok\/index.php?rest_route=\/wp\/v2\/posts"}],"about":[{"href":"https:\/\/hirekegyhelyen.live\/24infok\/index.php?rest_route=\/wp\/v2\/types\/post"}],"author":[{"embeddable":true,"href":"https:\/\/hirekegyhelyen.live\/24infok\/index.php?rest_route=\/wp\/v2\/users\/1"}],"replies":[{"embeddable":true,"href":"https:\/\/hirekegyhelyen.live\/24infok\/index.php?rest_route=%2Fwp%2Fv2%2Fcomments&post=4389"}],"version-history":[{"count":2,"href":"https:\/\/hirekegyhelyen.live\/24infok\/index.php?rest_route=\/wp\/v2\/posts\/4389\/revisions"}],"predecessor-version":[{"id":4392,"href":"https:\/\/hirekegyhelyen.live\/24infok\/index.php?rest_route=\/wp\/v2\/posts\/4389\/revisions\/4392"}],"wp:featuredmedia":[{"embeddable":true,"href":"https:\/\/hirekegyhelyen.live\/24infok\/index.php?rest_route=\/wp\/v2\/media\/4390"}],"wp:attachment":[{"href":"https:\/\/hirekegyhelyen.live\/24infok\/index.php?rest_route=%2Fwp%2Fv2%2Fmedia&parent=4389"}],"wp:term":[{"taxonomy":"category","embeddable":true,"href":"https:\/\/hirekegyhelyen.live\/24infok\/index.php?rest_route=%2Fwp%2Fv2%2Fcategories&post=4389"},{"taxonomy":"post_tag","embeddable":true,"href":"https:\/\/hirekegyhelyen.live\/24infok\/index.php?rest_route=%2Fwp%2Fv2%2Ftags&post=4389"}],"curies":[{"name":"wp","href":"https:\/\/api.w.org\/{rel}","templated":true}]}}