{"id":4401,"date":"2026-01-27T22:37:59","date_gmt":"2026-01-27T21:37:59","guid":{"rendered":"https:\/\/hirekegyhelyen.live\/24infok\/?p=4401"},"modified":"2026-01-27T22:37:59","modified_gmt":"2026-01-27T21:37:59","slug":"oriasi-balhet-csapott-klara-l0rd-a-nagy-o-ben","status":"publish","type":"post","link":"https:\/\/hirekegyhelyen.live\/24infok\/?p=4401","title":{"rendered":"\u00d3ri\u00e1si balh\u00e9t csapott Klara L0rd a Nagy \u0150-ben!"},"content":{"rendered":"<h3>A botr\u00e1nyh\u0151s egy\u00e9rtelm\u0171en azt gondolta, hogy \u0151 a legszebb, a leg\u00fct\u0151sebb, \u00e9s ez majd automatikusan r\u00f3zs\u00e1t \u00e9r. Csakhogy Stohl Andr\u00e1s eg\u00e9szen m\u00e1shogy l\u00e1tta a helyzetet.<br \/>\nA cerem\u00f3ni\u00e1n j\u00f6tt a hidegzuhany: Andr\u00e1s nem Kiara kez\u00e9be nyomta a bizalmi r\u00f3zs\u00e1t, hanem k\u00e9t m\u00e1sik l\u00e1nynak szavazott bizalmat. Az \u00fczenet egy\u00e9rtelm\u0171 volt \u2013 a lekezel\u0151 st\u00edlus \u00e9s a nagyk\u00e9p\u0171s\u00e9g nem vonz\u00f3. A kamera pedig nem hazudott: Kiara arc\u00e1n egy pillanat alatt jelent meg a csal\u00f3dotts\u00e1g \u00e9s az irigys\u00e9g kever\u00e9ke. \u00dagy t\u0171nik, hi\u00e1ba tartja mag\u00e1t messze a t\u00f6bbiek f\u00f6l\u00e9, A Nagy \u0150-ben ez most kev\u00e9snek bizonyult. A k\u00e9rd\u00e9s m\u00e1r csak az: vajon visszavesz az arc\u00e1b\u00f3l, vagy a k\u00f6vetkez\u0151 ad\u00e1sokban m\u00e9g nagyobb balh\u00e9val k\u00e9sz\u00fcl? Egy biztos: Stohl Andr\u00e1s nem hagyja sz\u00f3 n\u00e9lk\u00fcl a tiszteletlens\u00e9get.<\/h3>\n<p>VIA femcafe<\/p>\n<p>D\u00edzelfronton a k\u00edn\u00e1lat egy 1,6 literes, n\u00e9gyhengeres motorral kezd\u0151dik, amely sz\u00e1mos Peugeot-ban , Fordban \u00e9s a Miniben is megtal\u00e1lhat\u00f3 . Sokan kuncogtak egy szer\u00e9ny 1,6 literes turb\u00f3d\u00edzel gondolat\u00e1n, amely ezt az aut\u00f3t h\u00fazn\u00e1, amely a Volvo DRIVe embl\u00e9m\u00e1j\u00e1val van felszerelve.<br \/>\nAhogy az v\u00e1rhat\u00f3 volt, ez nem egy gyors aut\u00f3, s\u0151t, m\u00e9g csak nem is f\u00fcrge, de nem is \u00e9rz\u0151dik lass\u00fanak. Ha padl\u00f3ig pakoljuk egy nyaral\u00e1sra, val\u00f3sz\u00edn\u0171leg meg kell majd dolgoznunk rajta, de nem t\u00f6bbet, mint egy \u00e1tlagos benzin\u00fczem\u0171 kombival egy \u00e9vtizeddel ezel\u0151tt.<\/p>\n<p>Egy\u00e9b benzinmotorok k\u00f6z\u00e9 tartozik egy 240 l\u00f3er\u0151s 2,0 literes, n\u00e9gyhengeres motor a T5-h\u00f6z , \u00e9s egy er\u0151s, 300 l\u00f3er\u0151s hathengeres egys\u00e9g a cs\u00facsmodell T6-hoz . A d\u00edzelk\u00edn\u00e1latban tal\u00e1lhat\u00f3 egy 161 l\u00f3er\u0151s 2,0 literes, \u00f6thengeres egys\u00e9g a D3-hoz, \u00e9s egy 2,4 literes, \u00f6thengeres egys\u00e9g 212 l\u00f3er\u0151vel a D5-h\u00f6z .<br \/>\nA leg\u00e9rdekesebb itt a nagy D5. F\u00fcrge 8,9 m\u00e1sodperc alatt gyorsul 100 km\/\u00f3r\u00e1ra, \u00e9s az 5,6 m\u00e1sodperc, amire sz\u00fcks\u00e9ge van ahhoz, hogy negyedik sebess\u00e9gfokozatban 48 km\/\u00f3r\u00e1r\u00f3l 80 km\/\u00f3r\u00e1ra gyorsuljon, komoly er\u0151fesz\u00edt\u00e9st ig\u00e9nyel. Teher n\u00e9lk\u00fcl ez az aut\u00f3 meglep\u0151en lend\u00fcletesnek \u00e9rz\u0151dik egy ilyen nagy aut\u00f3hoz k\u00e9pest.<\/p>\n<p>De f\u00e9lre\u00e9rthetetlen\u00fcl \u00fagy hangzik, mint egy olaj\u00fczem\u0171 motor. A morg\u00e1s, kattog\u00e1s \u00e9s b\u00fag\u00e1s tal\u00e1n visszafogott, de jelen van, ami messze elmarad a BMW d\u00edzelmotorok kifinomults\u00e1ga m\u00f6g\u00f6tt .<br \/>\nA D3 modell mindenk\u00e9ppen megfontoland\u00f3, ha nincs sz\u00fcks\u00e9g a D5 extra teljes\u00edtm\u00e9ny\u00e9re. M\u00e1r alacsony fordulatsz\u00e1mon is sim\u00e1n \u00e9s er\u0151teljesen j\u00e1r, az \u00f6thengeres elrendez\u00e9s pedig jellegzetes hangz\u00e1st k\u00f6lcs\u00f6n\u00f6z neki. Az ide\u00e1lis s\u00falyoz\u00e1s\u00fa kuplung \u00e9s sebess\u00e9gv\u00e1lt\u00f3 teszi teljess\u00e9 a rendk\u00edv\u00fcl kellemes mechanikus csomagot. A Volvo V70 rug\u00f3z\u00e1si k\u00e9nyelme \u2013 ami egy csal\u00e1di kombiban minden bizonnyal priorit\u00e1s \u2013 t\u00f6bbnyire leny\u0171g\u00f6z\u0151en hajl\u00e9kony, \u00e9s a hat\u00e1r\u00e1n annak a lend\u00fcletes nedvsz\u00edv\u00f3 k\u00e9pess\u00e9gnek a bemutat\u00e1s\u00e1n van, amely egykor a francia aut\u00f3k specialit\u00e1sa volt.<br \/>\nB\u00e1r nem eg\u00e9szen rendelkezik ezzel a hajl\u00e9konys\u00e1ggal, \u00e9s id\u0151nk\u00e9nt a karossz\u00e9ria uralma is lehetne szigor\u00fabb, de \u00f6sszess\u00e9g\u00e9ben ez egy nyugodt hely. Eg\u00e9szen addig, am\u00edg a kerekek \u00e1t nem haladnak egy k\u00fcl\u00f6n\u00f6sen rozsdafolton az aszfalton, \u00e9s egy nyers dobsz\u00f3val megt\u00f6rik a nyugalmat.<\/p>\n","protected":false},"excerpt":{"rendered":"<p>A botr\u00e1nyh\u0151s egy\u00e9rtelm\u0171en azt gondolta, hogy \u0151 a legszebb, a leg\u00fct\u0151sebb, \u00e9s ez majd automatikusan r\u00f3zs\u00e1t \u00e9r. Csakhogy Stohl Andr\u00e1s&#8230; <span class=\"gridview-grid-post-read-more\"><a href=\"https:\/\/hirekegyhelyen.live\/24infok\/?p=4401\">read more<span class=\"gridview-sr-only\"> \u00d3ri\u00e1si balh\u00e9t csapott Klara L0rd a Nagy \u0150-ben!<\/span><\/a><\/span><\/p>\n","protected":false},"author":1,"featured_media":4403,"comment_status":"open","ping_status":"open","sticky":false,"template":"","format":"standard","meta":{"footnotes":""},"categories":[1],"tags":[],"class_list":["post-4401","post","type-post","status-publish","format-standard","has-post-thumbnail","hentry","category-egyeb","wpcat-1-id"],"_links":{"self":[{"href":"https:\/\/hirekegyhelyen.live\/24infok\/index.php?rest_route=\/wp\/v2\/posts\/4401","targetHints":{"allow":["GET"]}}],"collection":[{"href":"https:\/\/hirekegyhelyen.live\/24infok\/index.php?rest_route=\/wp\/v2\/posts"}],"about":[{"href":"https:\/\/hirekegyhelyen.live\/24infok\/index.php?rest_route=\/wp\/v2\/types\/post"}],"author":[{"embeddable":true,"href":"https:\/\/hirekegyhelyen.live\/24infok\/index.php?rest_route=\/wp\/v2\/users\/1"}],"replies":[{"embeddable":true,"href":"https:\/\/hirekegyhelyen.live\/24infok\/index.php?rest_route=%2Fwp%2Fv2%2Fcomments&post=4401"}],"version-history":[{"count":1,"href":"https:\/\/hirekegyhelyen.live\/24infok\/index.php?rest_route=\/wp\/v2\/posts\/4401\/revisions"}],"predecessor-version":[{"id":4404,"href":"https:\/\/hirekegyhelyen.live\/24infok\/index.php?rest_route=\/wp\/v2\/posts\/4401\/revisions\/4404"}],"wp:featuredmedia":[{"embeddable":true,"href":"https:\/\/hirekegyhelyen.live\/24infok\/index.php?rest_route=\/wp\/v2\/media\/4403"}],"wp:attachment":[{"href":"https:\/\/hirekegyhelyen.live\/24infok\/index.php?rest_route=%2Fwp%2Fv2%2Fmedia&parent=4401"}],"wp:term":[{"taxonomy":"category","embeddable":true,"href":"https:\/\/hirekegyhelyen.live\/24infok\/index.php?rest_route=%2Fwp%2Fv2%2Fcategories&post=4401"},{"taxonomy":"post_tag","embeddable":true,"href":"https:\/\/hirekegyhelyen.live\/24infok\/index.php?rest_route=%2Fwp%2Fv2%2Ftags&post=4401"}],"curies":[{"name":"wp","href":"https:\/\/api.w.org\/{rel}","templated":true}]}}