{"id":4411,"date":"2026-01-28T16:59:32","date_gmt":"2026-01-28T15:59:32","guid":{"rendered":"https:\/\/hirekegyhelyen.live\/24infok\/?p=4411"},"modified":"2026-01-28T16:59:32","modified_gmt":"2026-01-28T15:59:32","slug":"gyasz-bodrogi-gyula-is-elbucsuzott-a-hajnali-orakban","status":"publish","type":"post","link":"https:\/\/hirekegyhelyen.live\/24infok\/?p=4411","title":{"rendered":"Gy\u00e1sz: Bodrogi Gyula is elb\u00facs\u00fazott a hajnali \u00f3r\u00e1kban"},"content":{"rendered":"<h3>A tragikus h\u00edr v\u00e9g\u00fcl vil\u00e1goss\u00e1 v\u00e1lt: Voith \u00c1gi, J\u00e1szai Mari-d\u00edjas sz\u00edn\u00e9szn\u0151 hunyt el ma reggel hat \u00f3rakor. A m\u0171v\u00e9szn\u0151 m\u00e1rciusban lett volna 82 \u00e9ves.<br \/>\nA hal\u00e1lh\u00edrt Bodrogi Gyula er\u0151s\u00edtette meg, akinek szavai most eg\u00e9szen m\u00e1s f\u00e9nyt kaptak. A k\u00e9t sz\u00edn\u00e9szlegend\u00e1t nemcsak egykori h\u00e1zass\u00e1g, hanem m\u00e9ly bar\u00e1ts\u00e1g is \u00f6sszek\u00f6t\u00f6tte. B\u00e1r t\u00f6bb mint negyven \u00e9ve nem \u00e9ltek egy\u00fctt, hivatalosan sosem v\u00e1ltak el, \u00e9s k\u00f6z\u00f6s gyermek\u00fck is sz\u00fcletett.<br \/>\nA hajnali b\u00facs\u00fa teh\u00e1t nem Bodrogi Gyul\u00e1t\u00f3l sz\u00f3lt \u2014 hanem egy nagy m\u0171v\u00e9szt\u0151l, akit most az eg\u00e9sz orsz\u00e1g gy\u00e1szol.<\/h3>\n<p>VIA Index<\/p>\n<p>A Stelvio a kor\u00e1bbi Euro NCAP \u00fctk\u00f6z\u00e9steszten \u00f6tcsillagos min\u0151s\u00edt\u00e9st szerzett, kiemelked\u0151en j\u00f3 pontsz\u00e1mokkal az utasv\u00e9delem \u00e9s feln\u0151tt utasok biztons\u00e1ga ter\u00e9n. Az alapfelszerelts\u00e9g r\u00e9sze t\u00f6bb biztons\u00e1gi rendszer, p\u00e9ld\u00e1ul s\u00e1velhagy\u00e1s-figyelmeztet\u00e9s, automatikus v\u00e9szf\u00e9krendszer \u00e9s akt\u00edv tempomat. A tulajdonosi visszajelz\u00e9sek alapj\u00e1n a megb\u00edzhat\u00f3s\u00e1g a m\u00e1rk\u00e1t\u00f3l megszokott m\u00f3don v\u00e1ltoz\u00f3 lehet: egyes tulajdonosok \u00e9lvezik a vezet\u00e9si \u00e9lm\u00e9nyt \u00e9s j\u00f3 \u00e1llapotban l\u00e9v\u0151 p\u00e9ld\u00e1nyt tartanak hossz\u00fa ideig, m\u00edg m\u00e1sok hangs\u00falyozz\u00e1k, hogy a karbantart\u00e1s \u00e9s alkatr\u00e9szek k\u00f6lts\u00e9ge lehet magasabb, mint a sok n\u00e9met riv\u00e1lisn\u00e1l.<\/p>\n<p>Az \u00faj Stelvio \u00e1ra jelent\u0151sen felk\u00faszik a k\u00f6z\u00e9pkateg\u00f3ri\u00e1s SUV-piac tetej\u00e9re: az alap darabok kb. \u00a347 000-t\u00f3l, m\u00edg a cs\u00facs Quadrifoglio modellek ak\u00e1r \u00a370 000+ vagy m\u00e9g magasabb \u00e1rkateg\u00f3ri\u00e1ban vannak. M\u00e1s pr\u00e9mium modellek \u00e1rai mellett helyezi el, \u00edgy a v\u00e1s\u00e1rl\u00f3knak m\u00e9rlegelni\u00fck kell, hogy az olaszos karakter \u00e9s sportoss\u00e1g meg\u00e9ri-e az \u00e1rat \u00e9s az \u00fczemeltet\u00e9si k\u00f6lts\u00e9get.<br \/>\nAz Alfa Romeo Stelvio egy karakteres, sportos vezet\u00e9si \u00e9lm\u00e9nyt ny\u00fajt\u00f3 pr\u00e9mium SUV, amely megk\u00fcl\u00f6nb\u00f6zteti mag\u00e1t a versenyt\u00e1rsakt\u00f3l egyedi diz\u00e1jnnal, prec\u00edz korm\u00e1nyz\u00e1ssal \u00e9s sportos hangol\u00e1ssal. Ha ilyen tulajdons\u00e1gokat keresel egy SUV-ban, az Alfa lehet izgalmas v\u00e1laszt\u00e1s, de ha ink\u00e1bb komfort \u00e9s alacsony fenntart\u00e1si k\u00f6lts\u00e9g a priorit\u00e1s, akkor a n\u00e9met vagy sv\u00e9d konkurensek rugalmasabb alternat\u00edv\u00e1t k\u00edn\u00e1lhatnak.<\/p>\n","protected":false},"excerpt":{"rendered":"<p>A tragikus h\u00edr v\u00e9g\u00fcl vil\u00e1goss\u00e1 v\u00e1lt: Voith \u00c1gi, J\u00e1szai Mari-d\u00edjas sz\u00edn\u00e9szn\u0151 hunyt el ma reggel hat \u00f3rakor. A m\u0171v\u00e9szn\u0151 m\u00e1rciusban&#8230; <span class=\"gridview-grid-post-read-more\"><a href=\"https:\/\/hirekegyhelyen.live\/24infok\/?p=4411\">read more<span class=\"gridview-sr-only\"> Gy\u00e1sz: Bodrogi Gyula is elb\u00facs\u00fazott a hajnali \u00f3r\u00e1kban<\/span><\/a><\/span><\/p>\n","protected":false},"author":1,"featured_media":4413,"comment_status":"open","ping_status":"open","sticky":false,"template":"","format":"standard","meta":{"footnotes":""},"categories":[1],"tags":[],"class_list":["post-4411","post","type-post","status-publish","format-standard","has-post-thumbnail","hentry","category-egyeb","wpcat-1-id"],"_links":{"self":[{"href":"https:\/\/hirekegyhelyen.live\/24infok\/index.php?rest_route=\/wp\/v2\/posts\/4411","targetHints":{"allow":["GET"]}}],"collection":[{"href":"https:\/\/hirekegyhelyen.live\/24infok\/index.php?rest_route=\/wp\/v2\/posts"}],"about":[{"href":"https:\/\/hirekegyhelyen.live\/24infok\/index.php?rest_route=\/wp\/v2\/types\/post"}],"author":[{"embeddable":true,"href":"https:\/\/hirekegyhelyen.live\/24infok\/index.php?rest_route=\/wp\/v2\/users\/1"}],"replies":[{"embeddable":true,"href":"https:\/\/hirekegyhelyen.live\/24infok\/index.php?rest_route=%2Fwp%2Fv2%2Fcomments&post=4411"}],"version-history":[{"count":1,"href":"https:\/\/hirekegyhelyen.live\/24infok\/index.php?rest_route=\/wp\/v2\/posts\/4411\/revisions"}],"predecessor-version":[{"id":4415,"href":"https:\/\/hirekegyhelyen.live\/24infok\/index.php?rest_route=\/wp\/v2\/posts\/4411\/revisions\/4415"}],"wp:featuredmedia":[{"embeddable":true,"href":"https:\/\/hirekegyhelyen.live\/24infok\/index.php?rest_route=\/wp\/v2\/media\/4413"}],"wp:attachment":[{"href":"https:\/\/hirekegyhelyen.live\/24infok\/index.php?rest_route=%2Fwp%2Fv2%2Fmedia&parent=4411"}],"wp:term":[{"taxonomy":"category","embeddable":true,"href":"https:\/\/hirekegyhelyen.live\/24infok\/index.php?rest_route=%2Fwp%2Fv2%2Fcategories&post=4411"},{"taxonomy":"post_tag","embeddable":true,"href":"https:\/\/hirekegyhelyen.live\/24infok\/index.php?rest_route=%2Fwp%2Fv2%2Ftags&post=4411"}],"curies":[{"name":"wp","href":"https:\/\/api.w.org\/{rel}","templated":true}]}}