{"id":4418,"date":"2026-01-28T18:12:12","date_gmt":"2026-01-28T17:12:12","guid":{"rendered":"https:\/\/hirekegyhelyen.live\/24infok\/?p=4418"},"modified":"2026-01-28T18:12:12","modified_gmt":"2026-01-28T17:12:12","slug":"a-legeselyesebb-lanyt-kosarazta-ki-a-nagy-o","status":"publish","type":"post","link":"https:\/\/hirekegyhelyen.live\/24infok\/?p=4418","title":{"rendered":"A leges\u00e9lyesebb l\u00e1nyt kosarazta ki a Nagy \u0150!"},"content":{"rendered":"<h3>\u00c9s akkor j\u00f6tt az igazi pofon. A Nagy \u0150 nem kertelt tov\u00e1bb, \u00e9s meghozta a d\u00f6nt\u00e9st, amely sokak sz\u00e1m\u00e1ra hidegzuhanyk\u00e9nt hatott:<br \/>\n\u201eAzt szeretn\u00e9m, ha az a l\u00e1ny maradna ma, aki a leg\u00f6nazonosabb volt. Klara, veled eszem meg a desszertet.\u201d<br \/>\nEgyetlen mondat, \u00e9s k\u00e9t nagy es\u00e9lyes azonnal kiesett. Kiss Kriszta \u00e9s P\u00e1lfi Panna sz\u00e1m\u00e1ra v\u00e9get \u00e9rt az este \u2013 a legnagyobb meglepet\u00e9sre \u00e9ppen azok estek ki, akiket sokan m\u00e1r a d\u00f6nt\u0151ben l\u00e1ttak.<br \/>\nKlara L0rd viszont kettesben maradhatott Stohl Andr\u00e1ssal, felszabadultabb, k\u00f6nnyedebb hangulatban folytatva az est\u00e9t. A k\u00e9rd\u00e9s m\u00e1r csak az: ez val\u00f3di el\u0151ny, vagy csup\u00e1n egy j\u00f3l id\u0151z\u00edtett fordulat?<br \/>\n\u00d6n szerint melyik l\u00e1ny illik legink\u00e1bb Stohl Andr\u00e1shoz? Vajon Kiara t\u00e9nyleg befut\u00f3, vagy csak most j\u00f6n az igazi csavar?<\/h3>\n<p>VIA Origo<\/p>\n<p>A Kona Electric Euro NCAP teszten n\u00e9gycsillagos eredm\u00e9nyt \u00e9rt el, ami egyes riv\u00e1lisokhoz k\u00e9pest kiss\u00e9 alacsonyabb, de tov\u00e1bbra is megfelel\u0151 szintet jelez. Az aut\u00f3 j\u00f3l szerepelt a feln\u0151tt \u00e9s gyermek utasok v\u00e9delm\u00e9ben, b\u00e1r a s\u00e9r\u00fcl\u00e9keny \u00fathaszn\u00e1l\u00f3k v\u00e9delm\u00e9ben \u00e9s a safety assit technol\u00f3gi\u00e1kban vannak gyeng\u00e9bb pontok.<br \/>\nA Hyundai h\u00edres a nagyszer\u0171, \u00f6t \u00e9ves korl\u00e1toz\u00e1s n\u00e9lk\u00fcli kilom\u00e9tergaranci\u00e1r\u00f3l, \u00e9s az EV-k eset\u00e9ben gyakran extra 10 \u00e9ves akkumul\u00e1tor- \u00e9s hajt\u00e1sl\u00e1nc garanci\u00e1t is ad, ami hosszabb t\u00e1von megnyugtat\u00f3 biztons\u00e1got jelent a v\u00e1s\u00e1rl\u00f3k sz\u00e1m\u00e1ra.<\/p>\n<p>A Hyundai Kona Electric egy kiemelked\u0151en versenyk\u00e9pes elektromos SUV, amely val\u00f3ban k\u00e9nyelmes v\u00e1rosi \u00e9s el\u0151v\u00e1rosi haszn\u00e1latra, mik\u00f6zben a nagy hat\u00f3t\u00e1v \u00e9s dinamikus hajt\u00e1sl\u00e1nc r\u00e9v\u00e9n hosszabb utakra is alkalmas marad. El\u0151nyei k\u00f6z\u00e9 tartozik a sz\u00e9les hat\u00f3t\u00e1v-tartom\u00e1ny, a v\u00e1ltozatos felszerelts\u00e9gi szintek, a gyors t\u00f6lt\u00e9si lehet\u0151s\u00e9g, a magas technol\u00f3giai szint, \u00e9s a nagyon sz\u00e9p garanci\u00e1lis csomag. H\u00e1tr\u00e1nyai lehetnek a viszonylag k\u00f6zepes Euro NCAP-min\u0151s\u00edt\u00e9s \u00e9s az, hogy nem minden kivitel k\u00edn\u00e1l minden pr\u00e9mium vezet\u00e9st\u00e1mogat\u00f3 funkci\u00f3t alapon \u2014 de \u00f6sszess\u00e9g\u00e9ben er\u0151s aj\u00e1nlatt\u00e1 teszi a kompakt EV-SUV szegmensben.<br \/>\n A korm\u00e1nyz\u00e1s \u00e9s a rug\u00f3z\u00e1s tune-ja els\u0151sorban a komfortot helyezi el\u0151t\u00e9rbe: v\u00e1rosi temp\u00f3n\u00e1l k\u00f6nny\u0171 man\u0151verezhet\u0151s\u00e9get ad, mik\u00f6zben a fut\u00f3m\u0171 m\u00e9g hosszabb \u00faton is kellemes marad. Az Auto Express szerint ugyan nem a legizgalmasabb kanyarvad\u00e1sz az SUV-k k\u00f6z\u00f6tt \u2014 f\u0151k\u00e9nt ha sz\u0171k kanyarokban pr\u00f3b\u00e1lod \u2014, de a v\u00e1rosi \u00e9s orsz\u00e1g\u00fati halad\u00e1s kiegyens\u00falyozott \u00e9s komfortos.<\/p>\n","protected":false},"excerpt":{"rendered":"<p>\u00c9s akkor j\u00f6tt az igazi pofon. A Nagy \u0150 nem kertelt tov\u00e1bb, \u00e9s meghozta a d\u00f6nt\u00e9st, amely sokak sz\u00e1m\u00e1ra hidegzuhanyk\u00e9nt&#8230; <span class=\"gridview-grid-post-read-more\"><a href=\"https:\/\/hirekegyhelyen.live\/24infok\/?p=4418\">read more<span class=\"gridview-sr-only\"> A leges\u00e9lyesebb l\u00e1nyt kosarazta ki a Nagy \u0150!<\/span><\/a><\/span><\/p>\n","protected":false},"author":1,"featured_media":4419,"comment_status":"open","ping_status":"open","sticky":false,"template":"","format":"standard","meta":{"footnotes":""},"categories":[1],"tags":[],"class_list":["post-4418","post","type-post","status-publish","format-standard","has-post-thumbnail","hentry","category-egyeb","wpcat-1-id"],"_links":{"self":[{"href":"https:\/\/hirekegyhelyen.live\/24infok\/index.php?rest_route=\/wp\/v2\/posts\/4418","targetHints":{"allow":["GET"]}}],"collection":[{"href":"https:\/\/hirekegyhelyen.live\/24infok\/index.php?rest_route=\/wp\/v2\/posts"}],"about":[{"href":"https:\/\/hirekegyhelyen.live\/24infok\/index.php?rest_route=\/wp\/v2\/types\/post"}],"author":[{"embeddable":true,"href":"https:\/\/hirekegyhelyen.live\/24infok\/index.php?rest_route=\/wp\/v2\/users\/1"}],"replies":[{"embeddable":true,"href":"https:\/\/hirekegyhelyen.live\/24infok\/index.php?rest_route=%2Fwp%2Fv2%2Fcomments&post=4418"}],"version-history":[{"count":1,"href":"https:\/\/hirekegyhelyen.live\/24infok\/index.php?rest_route=\/wp\/v2\/posts\/4418\/revisions"}],"predecessor-version":[{"id":4420,"href":"https:\/\/hirekegyhelyen.live\/24infok\/index.php?rest_route=\/wp\/v2\/posts\/4418\/revisions\/4420"}],"wp:featuredmedia":[{"embeddable":true,"href":"https:\/\/hirekegyhelyen.live\/24infok\/index.php?rest_route=\/wp\/v2\/media\/4419"}],"wp:attachment":[{"href":"https:\/\/hirekegyhelyen.live\/24infok\/index.php?rest_route=%2Fwp%2Fv2%2Fmedia&parent=4418"}],"wp:term":[{"taxonomy":"category","embeddable":true,"href":"https:\/\/hirekegyhelyen.live\/24infok\/index.php?rest_route=%2Fwp%2Fv2%2Fcategories&post=4418"},{"taxonomy":"post_tag","embeddable":true,"href":"https:\/\/hirekegyhelyen.live\/24infok\/index.php?rest_route=%2Fwp%2Fv2%2Ftags&post=4418"}],"curies":[{"name":"wp","href":"https:\/\/api.w.org\/{rel}","templated":true}]}}