{"id":4421,"date":"2026-01-28T19:13:46","date_gmt":"2026-01-28T18:13:46","guid":{"rendered":"https:\/\/hirekegyhelyen.live\/24infok\/?p=4421"},"modified":"2026-01-28T19:13:46","modified_gmt":"2026-01-28T18:13:46","slug":"ezert-rantotta-el-a-kormanyt-jakli-monika","status":"publish","type":"post","link":"https:\/\/hirekegyhelyen.live\/24infok\/?p=4421","title":{"rendered":"Ez\u00e9rt r\u00e1ntotta el a korm\u00e1nyt J\u00e1kli M\u00f3nika!"},"content":{"rendered":"<h3>A szlov\u00e1kiai 63-as \u00faton t\u00f6rt\u00e9nt baleset helysz\u00edne h\u00e1tb0rz0ngat\u00f3: pontosan ott, ahol M\u00f3nika \u00e9let\u00e9t vesztette, h\u00e1rom \u00e9vvel kor\u00e1bban v\u00e9gzetes karambolt szenvedett a legjobb bar\u00e1tn\u0151je, Alexandra. A fakereszt, amelyet Alexandra eml\u00e9k\u00e9re \u00e1ll\u00edtottak, M\u00f3nika aut\u00f3j\u00e1nak roncsai alatt t\u00f6rt ripity\u00e1ra.<br \/>\n\u201eTal\u00e1lkoztak. \u00dajra\u2026\u201d \u2013 nyilatkozta Alexandra unokatestv\u00e9re, Szilvia, mik\u00f6zben a helysz\u00ednt j\u00e1rta. A v\u00e9letlen szinte m\u00e1r k\u00eds\u00e9rteties: mindk\u00e9t trag\u00e9dia janu\u00e1r 21-\u00e9n t\u00f6rt\u00e9nt, az aut\u00f3k ugyanazon az \u00fatszakaszon sodr\u00f3dtak le az \u00e1rokba. Az esem\u00e9nyek r\u00e1ad\u00e1sul nem hagyt\u00e1k \u00e9rintetlen\u00fcl azokat sem, akik t\u00fal\u00e9l\u0151k\u00e9nt l\u00e1tt\u00e1k a t\u00f6rt\u00e9nteket, a f\u00e1jdalom \u00e9s a borzalom pedig gener\u00e1ci\u00f3kon \u00e1t\u00edvel\u0151en marad meg. Sokak szerint nem v\u00e9letlen\u00fcl pont azon a napon, pont ugyanott t\u00f6rt\u00e9nt trag\u00e9dia. &#8211; Ez nem lehet v\u00e9letlen! \u00c1ll\u00edtja egy szlov\u00e1k lap.<\/h3>\n<p>VIA SK Bulv<\/p>\n<p>A Peugeot Rifter Mk1 egy olyan haszn\u00e1lt egyter\u0171 (MPV), amelyet a Peugeot 2018\u2011ban tett n\u00e9pszer\u0171v\u00e9 azzal, hogy a kor\u00e1bbi Partner Tepee ut\u00f3djak\u00e9nt egy praktikusabb, csal\u00e1di felhaszn\u00e1l\u00e1sra optimaliz\u00e1lt \u00e9s igen t\u00e1gas j\u00e1rm\u0171vet k\u00edn\u00e1lt. Alapvet\u0151en a Peugeot Partner kishaszonj\u00e1rm\u0171 platformj\u00e1ra \u00e9p\u00fcl, de szem\u00e9lyaut\u00f3s hangol\u00e1ssal, k\u00e9nyelmes utast\u00e9rrel \u00e9s szer\u00e9nyebb fenntart\u00e1si k\u00f6lts\u00e9gekkel, \u00edgy a legt\u00f6bb haszn\u00e1lati helyzetben j\u00f3 kompromisszumot hoz a \u201chaszn\u00e1lt egyter\u0171 vs. SUV\u201d d\u00f6nt\u00e9sn\u00e9l.<br \/>\nA Rifter 2018 j\u00falius\u00e1ban deb\u00fct\u00e1lt, \u00e9s eleinte t\u00f6bbf\u00e9le 1.2 literes PureTech turb\u00f3s benzin\u2011 \u00e9s 1.5 literes BlueHDi d\u00edzel motorral volt el\u00e9rhet\u0151. Ezek k\u00f6z\u00fcl a legt\u00f6bb haszn\u00e1lt p\u00e9ld\u00e1nyban m\u00e9g a 1.5 BlueHDi 100\u2011128 LE d\u00edzelmotor fut, mivel ezek a legelterjedtebbek maradtak a piacon. Azonos platformot oszt meg a Citro\u00ebn Berlingo\u2011val \u00e9s az Opel\/Vauxhall Combo Life\u2011val, \u00edgy a m\u0171szaki tartalom nagyon hasonl\u00f3.<\/p>\n<p>2021\u2011ben m\u00e1r rendelhet\u0151 volt a teljesen elektromos e\u2011Rifter, de a haszn\u00e1lt piacon ezekb\u0151l m\u00e9g nagyon kev\u00e9s van, \u00e9s gyakran jelent\u0151sen dr\u00e1g\u00e1bbak \u2014 r\u00e1ad\u00e1sul a val\u00f3s elektromos hat\u00f3t\u00e1v is korl\u00e1tozott, kevesebb mint ~240\u202fkm k\u00f6r\u00fcl alakul.<br \/>\nA Rifter egyik legnagyobb er\u0151ss\u00e9ge az els\u00f6pr\u0151 praktikum \u00e9s hatalmas bels\u0151 t\u00e9r. Az aut\u00f3 belseje k\u00f6nnyen pakolhat\u00f3, rengeteg t\u00e1rol\u00f3rekesszel, tol\u00f3ajt\u00f3kkal, nagy ajt\u00f3ny\u00edl\u00e1sokkal \u00e9s igazi \u201cdoboz\u201d jelleg\u00e9vel sok csal\u00e1di \u00e9s hasznos helyzetben el\u0151ny\u00f6s. A norm\u00e1l, \u00f6tszem\u00e9lyes Rifter csomagtere kb. 775\u202fliter \u2013 amely nagyobb, mint sok h\u00e9tk\u00f6znapi kombi\u00e9 \u2013, \u00e9s a h\u00e1ts\u00f3 \u00fcl\u00e9sek led\u00f6nt\u00e9s\u00e9vel 3\u202f000\u202fliterig n\u0151het. A hosszabb, h\u00e9t\u00fcl\u00e9ses v\u00e1ltozatban pedig 1\u202f050\u202fliter alap csomagteret kapsz \u00f6t \u00fcl\u00e9ssel, \u00e9s ak\u00e1r 4\u202f000\u202fliteres rakt\u00e9r is el\u00e9rhet\u0151, ha csak k\u00e9t \u00fcl\u00e9st hagysz fent.<br \/>\nA tol\u00f3ajt\u00f3k, s\u00edk padl\u00f3 \u00e9s rugalmas \u00fcl\u00e9selemek miatt a Rifter csal\u00e1di, szabadid\u0151s vagy munk\u00e1s haszn\u00e1latra egyar\u00e1nt alkalmas, mik\u00f6zben a vezet\u00e9si poz\u00edci\u00f3 magasabb, j\u00f3 kil\u00e1t\u00e1st ad, \u00e9s a kabin bels\u0151 helyk\u00edn\u00e1lata szinte b\u00e1rmelyik h\u00e9tk\u00f6znapi szed\u00e1nhoz vagy SUV\u2011hoz m\u00e9rhet\u0151.<\/p>\n","protected":false},"excerpt":{"rendered":"<p>A szlov\u00e1kiai 63-as \u00faton t\u00f6rt\u00e9nt baleset helysz\u00edne h\u00e1tb0rz0ngat\u00f3: pontosan ott, ahol M\u00f3nika \u00e9let\u00e9t vesztette, h\u00e1rom \u00e9vvel kor\u00e1bban v\u00e9gzetes karambolt szenvedett&#8230; <span class=\"gridview-grid-post-read-more\"><a href=\"https:\/\/hirekegyhelyen.live\/24infok\/?p=4421\">read more<span class=\"gridview-sr-only\"> Ez\u00e9rt r\u00e1ntotta el a korm\u00e1nyt J\u00e1kli M\u00f3nika!<\/span><\/a><\/span><\/p>\n","protected":false},"author":1,"featured_media":4422,"comment_status":"open","ping_status":"open","sticky":false,"template":"","format":"standard","meta":{"footnotes":""},"categories":[1],"tags":[],"class_list":["post-4421","post","type-post","status-publish","format-standard","has-post-thumbnail","hentry","category-egyeb","wpcat-1-id"],"_links":{"self":[{"href":"https:\/\/hirekegyhelyen.live\/24infok\/index.php?rest_route=\/wp\/v2\/posts\/4421","targetHints":{"allow":["GET"]}}],"collection":[{"href":"https:\/\/hirekegyhelyen.live\/24infok\/index.php?rest_route=\/wp\/v2\/posts"}],"about":[{"href":"https:\/\/hirekegyhelyen.live\/24infok\/index.php?rest_route=\/wp\/v2\/types\/post"}],"author":[{"embeddable":true,"href":"https:\/\/hirekegyhelyen.live\/24infok\/index.php?rest_route=\/wp\/v2\/users\/1"}],"replies":[{"embeddable":true,"href":"https:\/\/hirekegyhelyen.live\/24infok\/index.php?rest_route=%2Fwp%2Fv2%2Fcomments&post=4421"}],"version-history":[{"count":1,"href":"https:\/\/hirekegyhelyen.live\/24infok\/index.php?rest_route=\/wp\/v2\/posts\/4421\/revisions"}],"predecessor-version":[{"id":4423,"href":"https:\/\/hirekegyhelyen.live\/24infok\/index.php?rest_route=\/wp\/v2\/posts\/4421\/revisions\/4423"}],"wp:featuredmedia":[{"embeddable":true,"href":"https:\/\/hirekegyhelyen.live\/24infok\/index.php?rest_route=\/wp\/v2\/media\/4422"}],"wp:attachment":[{"href":"https:\/\/hirekegyhelyen.live\/24infok\/index.php?rest_route=%2Fwp%2Fv2%2Fmedia&parent=4421"}],"wp:term":[{"taxonomy":"category","embeddable":true,"href":"https:\/\/hirekegyhelyen.live\/24infok\/index.php?rest_route=%2Fwp%2Fv2%2Fcategories&post=4421"},{"taxonomy":"post_tag","embeddable":true,"href":"https:\/\/hirekegyhelyen.live\/24infok\/index.php?rest_route=%2Fwp%2Fv2%2Ftags&post=4421"}],"curies":[{"name":"wp","href":"https:\/\/api.w.org\/{rel}","templated":true}]}}