{"id":4981,"date":"2026-03-11T20:10:11","date_gmt":"2026-03-11T19:10:11","guid":{"rendered":"https:\/\/hirekegyhelyen.live\/24infok\/?p=4981"},"modified":"2026-03-11T20:10:11","modified_gmt":"2026-03-11T19:10:11","slug":"magyar-peter-fia-orban-viktort-gyulesen","status":"publish","type":"post","link":"https:\/\/hirekegyhelyen.live\/24infok\/?p=4981","title":{"rendered":"Magyar P\u00e9ter fia Orb\u00e1n Viktort gy\u0171l\u00e9s\u00e9n"},"content":{"rendered":"<h3>A t\u00f6rt\u00e9net v\u00e9g\u00e9n azonban j\u00f6tt a fordulat. Kider\u00fclt: a felv\u00e9telen szerepl\u0151 fiatalember nem Magyar P\u00e9ter fia. T\u00f6bben is jelezt\u00e9k, hogy b\u00e1r a fi\u00fa n\u00e9mileg hasonl\u00edthat Varga Juditra, aki ismeri a csal\u00e1dot vagy l\u00e1tott m\u00e1r k\u00e9pet a val\u00f3di fi\u00far\u00f3l, az pontosan tudja, hogy teljesen m\u00e1sk\u00e9pp n\u00e9z ki. Maga Magyar P\u00e9ter is reag\u00e1lt a Facebook-oldal\u00e1n, ahol t\u00f6bb kommentben is egy\u00e9rtelm\u0171v\u00e9 tette: a k\u00e9pen nem a gyermeke l\u00e1that\u00f3. Ennek ellen\u00e9re a f\u00e9lre\u00e9rt\u00e9s m\u00e9g \u00f3r\u00e1kig terjedt a k\u00f6z\u00f6ss\u00e9gi m\u00e9di\u00e1ban \u2013 s\u0151t voltak, akik a c\u00e1folat ut\u00e1n is ragaszkodtak az eredeti \u00e1ll\u00edt\u00e1shoz. A t\u00f6rt\u00e9net \u00edgy v\u00e9g\u00fcl egy klasszikus internetes \u00e1lh\u00edrk\u00e9nt robbant \u00e9s terjedt tov\u00e1bb.<\/h3>\n<p>VIA Hang hu<\/p>\n<p>Az utast\u00e9r kialak\u00edt\u00e1sa modern, de ink\u00e1bb funkcion\u00e1lis, mint luxusorient\u00e1lt. A Toyota nagy hangs\u00falyt fektetett arra, hogy a kezel\u0151szervek logikusan legyenek elrendezve, ez\u00e9rt a kl\u00edmavez\u00e9rl\u00e9s p\u00e9ld\u00e1ul hagyom\u00e1nyos fizikai gombokkal m\u0171k\u00f6dik, ami sok vezet\u0151 sz\u00e1m\u00e1ra k\u00f6nnyebben kezelhet\u0151, mint a teljesen \u00e9rint\u0151k\u00e9perny\u0151s megold\u00e1sok. A facelift sor\u00e1n egy \u00faj, 10,5 colos infotainment kijelz\u0151 ker\u00fclt a m\u0171szerfal k\u00f6zep\u00e9re, amely gyorsabb \u00e9s jobb felbont\u00e1s\u00fa, mint a kor\u00e1bbi rendszer. A digit\u00e1lis m\u0171szeregys\u00e9g szint\u00e9n fejl\u0151d\u00f6tt: a 12,3 colos kijelz\u0151 testreszabhat\u00f3, \u00e9s k\u00fcl\u00f6nb\u00f6z\u0151 inform\u00e1ci\u00f3kat jelen\u00edthet meg, p\u00e9ld\u00e1ul navig\u00e1ci\u00f3s adatokat vagy a hibrid rendszer m\u0171k\u00f6d\u00e9s\u00e9t.<\/p>\n<p>A helyk\u00edn\u00e1lat azonban nem a Corolla leger\u0151sebb pontja. B\u00e1r az els\u0151 \u00fcl\u00e9sek k\u00e9nyelmesek \u00e9s j\u00f3 oldaltart\u00e1st biztos\u00edtanak, a h\u00e1ts\u00f3 \u00fcl\u00e9ssor valamivel sz\u0171kebb, mint n\u00e9h\u00e1ny riv\u00e1lis eset\u00e9ben. A csomagtart\u00f3 m\u00e9rete a hatchback v\u00e1ltozatn\u00e1l 313 liter, amely lehajtott \u00fcl\u00e9sekkel 1052 literig b\u0151v\u00edthet\u0151. Ez a kateg\u00f3ri\u00e1ban \u00e1tlagosnak sz\u00e1m\u00edt, de p\u00e9ld\u00e1ul a Skoda Octavia j\u00f3val nagyobb rakteret k\u00edn\u00e1l.<\/p>\n<p>A biztons\u00e1g ter\u00e9n a Corolla kimagasl\u00f3an teljes\u00edt. A modell \u00f6tcsillagos min\u0151s\u00edt\u00e9st kapott a Euro NCAP t\u00f6r\u00e9stesztj\u00e9n, ahol a feln\u0151tt utasv\u00e9delem 95 sz\u00e1zal\u00e9kos eredm\u00e9nyt \u00e9rt el. Az aut\u00f3 alapfelszerelts\u00e9gk\u00e9nt sz\u00e1mos vezet\u00e9st\u00e1mogat\u00f3 rendszert k\u00edn\u00e1l, p\u00e9ld\u00e1ul adapt\u00edv tempomatot, s\u00e1vtart\u00f3 asszisztenst, automatikus v\u00e9szf\u00e9kez\u00e9st \u00e9s vezet\u0151figyel\u0151 rendszert. Ezek a funkci\u00f3k jelent\u0151sen n\u00f6velik a biztons\u00e1got, k\u00fcl\u00f6n\u00f6sen hosszabb aut\u00f3p\u00e1ly\u00e1s utaz\u00e1sok sor\u00e1n.<\/p>\n<p>A Toyota Corolla tov\u00e1bbra is az egyik legmegb\u00edzhat\u00f3bb \u00e9s leg\u00e9sszer\u0171bb v\u00e1laszt\u00e1s a kompakt csal\u00e1di aut\u00f3k k\u00f6z\u00f6tt. Nem felt\u00e9tlen\u00fcl ez a legnagyobb vagy legizgalmasabb modell a kateg\u00f3ri\u00e1ban, de kiv\u00e1l\u00f3 \u00fczemanyag-hat\u00e9konys\u00e1got, magas min\u0151s\u00e9get \u00e9s hossz\u00fa t\u00e1von is alacsony fenntart\u00e1si k\u00f6lts\u00e9geket k\u00edn\u00e1l. \u00c9ppen ez\u00e9rt a Corolla ink\u00e1bb a racionalit\u00e1sr\u00f3l sz\u00f3l: azok sz\u00e1m\u00e1ra ide\u00e1lis, akik egy megb\u00edzhat\u00f3, takar\u00e9kos \u00e9s j\u00f3l haszn\u00e1lhat\u00f3 mindennapi aut\u00f3t keresnek, amely hossz\u00fa \u00e9veken kereszt\u00fcl gond n\u00e9lk\u00fcl szolg\u00e1lja a tulajdonos\u00e1t.<\/p>\n","protected":false},"excerpt":{"rendered":"<p>A t\u00f6rt\u00e9net v\u00e9g\u00e9n azonban j\u00f6tt a fordulat. Kider\u00fclt: a felv\u00e9telen szerepl\u0151 fiatalember nem Magyar P\u00e9ter fia. T\u00f6bben is jelezt\u00e9k, hogy&#8230; <span class=\"gridview-grid-post-read-more\"><a href=\"https:\/\/hirekegyhelyen.live\/24infok\/?p=4981\">read more<span class=\"gridview-sr-only\"> Magyar P\u00e9ter fia Orb\u00e1n Viktort gy\u0171l\u00e9s\u00e9n<\/span><\/a><\/span><\/p>\n","protected":false},"author":1,"featured_media":4983,"comment_status":"open","ping_status":"open","sticky":false,"template":"","format":"standard","meta":{"footnotes":""},"categories":[1],"tags":[],"class_list":["post-4981","post","type-post","status-publish","format-standard","has-post-thumbnail","hentry","category-egyeb","wpcat-1-id"],"_links":{"self":[{"href":"https:\/\/hirekegyhelyen.live\/24infok\/index.php?rest_route=\/wp\/v2\/posts\/4981","targetHints":{"allow":["GET"]}}],"collection":[{"href":"https:\/\/hirekegyhelyen.live\/24infok\/index.php?rest_route=\/wp\/v2\/posts"}],"about":[{"href":"https:\/\/hirekegyhelyen.live\/24infok\/index.php?rest_route=\/wp\/v2\/types\/post"}],"author":[{"embeddable":true,"href":"https:\/\/hirekegyhelyen.live\/24infok\/index.php?rest_route=\/wp\/v2\/users\/1"}],"replies":[{"embeddable":true,"href":"https:\/\/hirekegyhelyen.live\/24infok\/index.php?rest_route=%2Fwp%2Fv2%2Fcomments&post=4981"}],"version-history":[{"count":1,"href":"https:\/\/hirekegyhelyen.live\/24infok\/index.php?rest_route=\/wp\/v2\/posts\/4981\/revisions"}],"predecessor-version":[{"id":4984,"href":"https:\/\/hirekegyhelyen.live\/24infok\/index.php?rest_route=\/wp\/v2\/posts\/4981\/revisions\/4984"}],"wp:featuredmedia":[{"embeddable":true,"href":"https:\/\/hirekegyhelyen.live\/24infok\/index.php?rest_route=\/wp\/v2\/media\/4983"}],"wp:attachment":[{"href":"https:\/\/hirekegyhelyen.live\/24infok\/index.php?rest_route=%2Fwp%2Fv2%2Fmedia&parent=4981"}],"wp:term":[{"taxonomy":"category","embeddable":true,"href":"https:\/\/hirekegyhelyen.live\/24infok\/index.php?rest_route=%2Fwp%2Fv2%2Fcategories&post=4981"},{"taxonomy":"post_tag","embeddable":true,"href":"https:\/\/hirekegyhelyen.live\/24infok\/index.php?rest_route=%2Fwp%2Fv2%2Ftags&post=4981"}],"curies":[{"name":"wp","href":"https:\/\/api.w.org\/{rel}","templated":true}]}}