{"id":4985,"date":"2026-03-11T20:26:17","date_gmt":"2026-03-11T19:26:17","guid":{"rendered":"https:\/\/hirekegyhelyen.live\/24infok\/?p=4985"},"modified":"2026-03-11T20:26:17","modified_gmt":"2026-03-11T19:26:17","slug":"ekkora-osszeget-tettek-orban-gyozelmere","status":"publish","type":"post","link":"https:\/\/hirekegyhelyen.live\/24infok\/?p=4985","title":{"rendered":"Ekkora \u00f6sszeget tettek Orb\u00e1n gy\u0151zelm\u00e9re"},"content":{"rendered":"<h3>M\u00edg kor\u00e1bban m\u00e9g 40 sz\u00e1zal\u00e9k felett \u00e1llt Orb\u00e1n Viktor, az elm\u00falt napokban hirtelen visszaesett a t\u00e1mogatotts\u00e1ga. A fogad\u00f3k egyre nagyobb r\u00e9sze m\u00e1r nem r\u00e1 tippel \u2013 legal\u00e1bbis ha a p\u00e9nzt kell megmozgatni. A platform adatai szerint m\u00e1rcius elej\u00e9re mind\u00f6ssze a j\u00e1t\u00e9kosok harmada gondolta \u00fagy, hogy a jelenlegi minisztereln\u00f6k marad a hely\u00e9n.<br \/>\nAz addig stabilnak t\u0171n\u0151 ar\u00e1nyok napr\u00f3l napra cs\u00fasztak lefel\u00e9, m\u00edgnem m\u00e1rcius 2-\u00e1n d\u00e9lut\u00e1n \u00e9rkezett a l\u00e1tv\u00e1nyos m\u00e9lypont: a fogad\u00f3k mind\u00f6ssze 34 sz\u00e1zal\u00e9ka tett p\u00e9nzt Orb\u00e1n Viktor \u00fajabb gy\u0151zelm\u00e9re. A t\u00f6bbs\u00e9g viszont m\u00e1r m\u00e1sra fogadott. A platformon p\u00e9nzt kock\u00e1ztat\u00f3k 66 sz\u00e1zal\u00e9ka ink\u00e1bb Magyar P\u00e9terben, a Tisza P\u00e1rt eln\u00f6k\u00e9ben l\u00e1tja a k\u00f6vetkez\u0151 minisztereln\u00f6k\u00f6t. Fontos azonban, hogy ez nem k\u00f6zv\u00e9lem\u00e9ny-kutat\u00e1s \u2013 ahogy arra T\u00f6r\u00f6k G\u00e1bor politikai elemz\u0151 is felh\u00edvta a figyelmet \u2013, hanem csup\u00e1n azt mutatja, hov\u00e1 teszik a f0gad\u00f3k a p\u00e9nz\u00fcket.<\/h3>\n<p>VIA Index<\/p>\n<p>A praktikum azonban nem teljesen hib\u00e1tlan. B\u00e1r a Land Cruiser egy nagy aut\u00f3, a bels\u0151 t\u00e9r nem mindenhol olyan t\u00e1gas, mint azt a m\u00e9retei alapj\u00e1n v\u00e1rn\u00e1nk. Az els\u0151 k\u00e9t \u00fcl\u00e9ssor k\u00e9nyelmes, de a harmadik sor ink\u00e1bb gyerekek sz\u00e1m\u00e1ra ide\u00e1lis. A csomagt\u00e9r viszont nagy, k\u00f6r\u00fclbel\u00fcl 621 literes, ha a harmadik \u00fcl\u00e9ssor le van hajtva, ami elegend\u0151 helyet k\u00edn\u00e1l csal\u00e1di utaz\u00e1sokhoz vagy nagyobb csomagok sz\u00e1ll\u00edt\u00e1s\u00e1hoz.<\/p>\n<p>A fenntart\u00e1si k\u00f6lts\u00e9gek a Land Cruiser eset\u00e9ben viszonylag magasak. A nagy d\u00edzelmotor \u00e9s az \u00e1lland\u00f3 \u00f6sszker\u00e9khajt\u00e1s miatt a fogyaszt\u00e1s nem alacsony \u2013 az \u00e1tlagos \u00e9rt\u00e9k nagyj\u00e1b\u00f3l 26 mpg k\u00f6r\u00fcl alakul, ami k\u00f6r\u00fclbel\u00fcl 9\u201310 literes fogyaszt\u00e1snak felel meg sz\u00e1z kilom\u00e9teren. A biztos\u00edt\u00e1s \u00e9s az ad\u00f3k is magasabbak lehetnek, k\u00fcl\u00f6n\u00f6sen bizonyos piacokon. A szervizel\u00e9s viszont nem felt\u00e9tlen\u00fcl dr\u00e1g\u00e1bb, mint m\u00e1s hasonl\u00f3 m\u00e9ret\u0171 SUV-k eset\u00e9ben, \u00e9s a Toyota h\u00edres megb\u00edzhat\u00f3s\u00e1ga miatt a v\u00e1ratlan meghib\u00e1sod\u00e1sok ritk\u00e1k.<\/p>\n<p>A megb\u00edzhat\u00f3s\u00e1g val\u00f3ban a Land Cruiser egyik legnagyobb er\u0151ss\u00e9ge. A Toyota m\u00e1rka rendszeresen j\u00f3 eredm\u00e9nyeket \u00e9r el tulajdonosi el\u00e9gedetts\u00e9gi felm\u00e9r\u00e9sekben, k\u00fcl\u00f6n\u00f6sen a tart\u00f3ss\u00e1g \u00e9s az alacsony meghib\u00e1sod\u00e1si ar\u00e1ny tekintet\u00e9ben. A Land Cruiser konstrukci\u00f3ja egyszer\u0171bb \u00e9s robusztusabb, mint sok modern SUV-\u00e9, ami hozz\u00e1j\u00e1rul ahhoz, hogy sok p\u00e9ld\u00e1ny extr\u00e9m k\u00f6r\u00fclm\u00e9nyek k\u00f6z\u00f6tt is hossz\u00fa \u00e9lettartamot \u00e9r el.<\/p>\n","protected":false},"excerpt":{"rendered":"<p>M\u00edg kor\u00e1bban m\u00e9g 40 sz\u00e1zal\u00e9k felett \u00e1llt Orb\u00e1n Viktor, az elm\u00falt napokban hirtelen visszaesett a t\u00e1mogatotts\u00e1ga. A fogad\u00f3k egyre nagyobb&#8230; <span class=\"gridview-grid-post-read-more\"><a href=\"https:\/\/hirekegyhelyen.live\/24infok\/?p=4985\">read more<span class=\"gridview-sr-only\"> Ekkora \u00f6sszeget tettek Orb\u00e1n gy\u0151zelm\u00e9re<\/span><\/a><\/span><\/p>\n","protected":false},"author":1,"featured_media":4986,"comment_status":"open","ping_status":"open","sticky":false,"template":"","format":"standard","meta":{"footnotes":""},"categories":[1],"tags":[],"class_list":["post-4985","post","type-post","status-publish","format-standard","has-post-thumbnail","hentry","category-egyeb","wpcat-1-id"],"_links":{"self":[{"href":"https:\/\/hirekegyhelyen.live\/24infok\/index.php?rest_route=\/wp\/v2\/posts\/4985","targetHints":{"allow":["GET"]}}],"collection":[{"href":"https:\/\/hirekegyhelyen.live\/24infok\/index.php?rest_route=\/wp\/v2\/posts"}],"about":[{"href":"https:\/\/hirekegyhelyen.live\/24infok\/index.php?rest_route=\/wp\/v2\/types\/post"}],"author":[{"embeddable":true,"href":"https:\/\/hirekegyhelyen.live\/24infok\/index.php?rest_route=\/wp\/v2\/users\/1"}],"replies":[{"embeddable":true,"href":"https:\/\/hirekegyhelyen.live\/24infok\/index.php?rest_route=%2Fwp%2Fv2%2Fcomments&post=4985"}],"version-history":[{"count":1,"href":"https:\/\/hirekegyhelyen.live\/24infok\/index.php?rest_route=\/wp\/v2\/posts\/4985\/revisions"}],"predecessor-version":[{"id":4987,"href":"https:\/\/hirekegyhelyen.live\/24infok\/index.php?rest_route=\/wp\/v2\/posts\/4985\/revisions\/4987"}],"wp:featuredmedia":[{"embeddable":true,"href":"https:\/\/hirekegyhelyen.live\/24infok\/index.php?rest_route=\/wp\/v2\/media\/4986"}],"wp:attachment":[{"href":"https:\/\/hirekegyhelyen.live\/24infok\/index.php?rest_route=%2Fwp%2Fv2%2Fmedia&parent=4985"}],"wp:term":[{"taxonomy":"category","embeddable":true,"href":"https:\/\/hirekegyhelyen.live\/24infok\/index.php?rest_route=%2Fwp%2Fv2%2Fcategories&post=4985"},{"taxonomy":"post_tag","embeddable":true,"href":"https:\/\/hirekegyhelyen.live\/24infok\/index.php?rest_route=%2Fwp%2Fv2%2Ftags&post=4985"}],"curies":[{"name":"wp","href":"https:\/\/api.w.org\/{rel}","templated":true}]}}