{"id":4988,"date":"2026-03-11T20:58:52","date_gmt":"2026-03-11T19:58:52","guid":{"rendered":"https:\/\/hirekegyhelyen.live\/24infok\/?p=4988"},"modified":"2026-03-11T20:58:52","modified_gmt":"2026-03-11T19:58:52","slug":"60-ev-feletti-idoseknek-ettol-a-naptol-tilos-a-vezetes","status":"publish","type":"post","link":"https:\/\/hirekegyhelyen.live\/24infok\/?p=4988","title":{"rendered":"60 \u00e9v feletti id\u0151seknek ett\u0151l a napt\u00f3l tilos a vezet\u00e9s"},"content":{"rendered":"<h3>A d\u00f6nt\u00e9st egyel\u0151re Olaszorsz\u00e1gban hozt\u00e1k meg, \u00e9s els\u0151sorban a hivat\u00e1sos j\u00e1rm\u0171vezet\u0151ket \u00e9rinti. Az \u00faj rendelkez\u00e9s \u00e9rtelm\u00e9ben a 68 \u00e9v feletti teheraut\u00f3-sof\u0151r\u00f6k jogos\u00edtv\u00e1ny\u00e1t m\u00e1r nem lehet meg\u00faj\u00edtani, \u00edgy gyakorlatilag kiszorulnak az \u00e1rufuvaroz\u00e1sb\u00f3l. T\u00f6bb orsz\u00e1g azonban ezt t\u00falz\u00e1snak tartotta.<br \/>\nA legnagyobb k\u00e9rd\u00e9s most az, hogy mindez csak egyetlen orsz\u00e1g d\u00f6nt\u00e9se marad-e, vagy Eur\u00f3pa m\u00e1s r\u00e9szein is hasonl\u00f3 korl\u00e1toz\u00e1sok j\u00f6hetnek, k\u00f6zt\u00fck Magyarorsz\u00e1gon is!<br \/>\n\u00d6N MIT GONDOL? \u00d6N IS BETILTAN\u00c1 AZ ID\u0150S MAGAR SOF\u0150R\u00d6KNEK?<\/h3>\n<p>VIA Blikk<\/p>\n<p>A Renault\u2011n\u00e1l egy\u00e9rtelm\u0171en nagy hangs\u00falyt fektettek a t\u00e9r\u00e9rzetre \u00e9s a praktikumra is a kis m\u00e9ret ellen\u00e9re: a h\u00e1ts\u00f3 \u00fcl\u00e9sen olyan feln\u0151ttek k\u00e9nyelmesen elf\u00e9rhetnek, akik m\u00e1s kisaut\u00f3kban sz\u0171k\u00f6snek \u00e9rezhetik a helyet, az ajt\u00f3k sz\u00e9les ny\u00edl\u00e1sa \u00e9s a tet\u0151magass\u00e1g pedig egyar\u00e1nt seg\u00edti a besz\u00e1ll\u00e1st. A csomagt\u00e9r m\u00e9rete a kis aut\u00f3k mez\u0151ny\u00e9ben versenyk\u00e9pes, ami azt jelenti, hogy mindennapi bev\u00e1s\u00e1rl\u00e1s vagy nagyobb csomagok eset\u00e9n is elegend\u0151 hely \u00e1ll rendelkez\u00e9sre.<\/p>\n<p>Az elektromos aut\u00f3kra jellemz\u0151 m\u0171k\u00f6d\u00e9si \u00e9s fenntart\u00e1si k\u00f6lts\u00e9gek ter\u00e9n a Renault\u202f5 E\u2011Tech er\u0151sen versenyk\u00e9pes. Az EV\u2011k olcs\u00f3bb karbantart\u00e1si k\u00f6lts\u00e9gei \u00e9s alacsonyabb \u00fczemanyag\u2011 (energia\u2011) k\u00f6lts\u00e9gek miatt sokak sz\u00e1m\u00e1ra vonz\u00f3 megold\u00e1s lehet. Emellett az aut\u00f3 relat\u00edve kedvez\u0151 biztos\u00edt\u00e1si csoportba tartozik a riv\u00e1lisokhoz k\u00e9pest, ami hosszabb t\u00e1von is alacsonyabb d\u00edjakat eredm\u00e9nyezhet.<\/p>\n<p>A biztons\u00e1g ter\u00e9n a Renault\u202f5 nem kapott cs\u00facsteljes\u00edtm\u00e9ny\u0171 eredm\u00e9nyt: Euro NCAP\u2011tesztje n\u00e9gy csillagot \u00e9rt el, ami azt jelenti, hogy b\u00e1r sok fontos biztons\u00e1gi funkci\u00f3 megtal\u00e1lhat\u00f3 alapfelszerel\u00e9sk\u00e9nt (p\u00e9ld\u00e1ul automatikus v\u00e9szf\u00e9krendszer, s\u00e1vtart\u00f3 asszisztens), az \u00f6sszehasonl\u00edt\u00e1sban vannak olyan riv\u00e1lisok, amelyek enn\u00e9l jobban teljes\u00edtettek. A n\u00e9gycsillagos min\u0151s\u00edt\u00e9s r\u00e9szben az\u00e9rt kapott alacsonyabb pontsz\u00e1mot, mert az \u00fctk\u00f6z\u00e9sbiztons\u00e1gi tesztekn\u00e9l nem minden esetben bizony\u00edtott teljes v\u00e9delmet elt\u00e9r\u0151 testm\u00e9ret\u0171 utasok eset\u00e9n, \u00e9s a k\u00f6z\u00e9ps\u0151 l\u00e9gzs\u00e1k hi\u00e1nya is rontotta a pontsz\u00e1mot.<\/p>\n<p>A Renault 5 E\u2011Tech piaci fogadtat\u00e1sa nagyon pozit\u00edv: a brit \u201eCar of the Year 2026\u201d d\u00edjat is megszerezte, ahol nemcsak a kisaut\u00f3k k\u00f6z\u00f6tt gy\u0151z\u00f6tt, hanem az eg\u00e9sz mez\u0151nyt megel\u0151zve bizony\u00edtotta vonzerej\u00e9t, ami al\u00e1t\u00e1masztja, hogy a retro\u2011inspir\u00e1ci\u00f3 \u00e9s a modern elektromos technol\u00f3gia kombin\u00e1ci\u00f3ja nemcsak st\u00edlusos, hanem kiforrott is lehet.<\/p>\n","protected":false},"excerpt":{"rendered":"<p>A d\u00f6nt\u00e9st egyel\u0151re Olaszorsz\u00e1gban hozt\u00e1k meg, \u00e9s els\u0151sorban a hivat\u00e1sos j\u00e1rm\u0171vezet\u0151ket \u00e9rinti. Az \u00faj rendelkez\u00e9s \u00e9rtelm\u00e9ben a 68 \u00e9v feletti&#8230; <span class=\"gridview-grid-post-read-more\"><a href=\"https:\/\/hirekegyhelyen.live\/24infok\/?p=4988\">read more<span class=\"gridview-sr-only\"> 60 \u00e9v feletti id\u0151seknek ett\u0151l a napt\u00f3l tilos a vezet\u00e9s<\/span><\/a><\/span><\/p>\n","protected":false},"author":1,"featured_media":4989,"comment_status":"open","ping_status":"open","sticky":false,"template":"","format":"standard","meta":{"footnotes":""},"categories":[1],"tags":[],"class_list":["post-4988","post","type-post","status-publish","format-standard","has-post-thumbnail","hentry","category-egyeb","wpcat-1-id"],"_links":{"self":[{"href":"https:\/\/hirekegyhelyen.live\/24infok\/index.php?rest_route=\/wp\/v2\/posts\/4988","targetHints":{"allow":["GET"]}}],"collection":[{"href":"https:\/\/hirekegyhelyen.live\/24infok\/index.php?rest_route=\/wp\/v2\/posts"}],"about":[{"href":"https:\/\/hirekegyhelyen.live\/24infok\/index.php?rest_route=\/wp\/v2\/types\/post"}],"author":[{"embeddable":true,"href":"https:\/\/hirekegyhelyen.live\/24infok\/index.php?rest_route=\/wp\/v2\/users\/1"}],"replies":[{"embeddable":true,"href":"https:\/\/hirekegyhelyen.live\/24infok\/index.php?rest_route=%2Fwp%2Fv2%2Fcomments&post=4988"}],"version-history":[{"count":1,"href":"https:\/\/hirekegyhelyen.live\/24infok\/index.php?rest_route=\/wp\/v2\/posts\/4988\/revisions"}],"predecessor-version":[{"id":4990,"href":"https:\/\/hirekegyhelyen.live\/24infok\/index.php?rest_route=\/wp\/v2\/posts\/4988\/revisions\/4990"}],"wp:featuredmedia":[{"embeddable":true,"href":"https:\/\/hirekegyhelyen.live\/24infok\/index.php?rest_route=\/wp\/v2\/media\/4989"}],"wp:attachment":[{"href":"https:\/\/hirekegyhelyen.live\/24infok\/index.php?rest_route=%2Fwp%2Fv2%2Fmedia&parent=4988"}],"wp:term":[{"taxonomy":"category","embeddable":true,"href":"https:\/\/hirekegyhelyen.live\/24infok\/index.php?rest_route=%2Fwp%2Fv2%2Fcategories&post=4988"},{"taxonomy":"post_tag","embeddable":true,"href":"https:\/\/hirekegyhelyen.live\/24infok\/index.php?rest_route=%2Fwp%2Fv2%2Ftags&post=4988"}],"curies":[{"name":"wp","href":"https:\/\/api.w.org\/{rel}","templated":true}]}}