{"id":4997,"date":"2026-03-12T19:05:02","date_gmt":"2026-03-12T18:05:02","guid":{"rendered":"https:\/\/hirekegyhelyen.live\/24infok\/?p=4997"},"modified":"2026-03-12T19:05:02","modified_gmt":"2026-03-12T18:05:02","slug":"osszejottek-a-sefek-sefe-versenyzoje-es-sefe","status":"publish","type":"post","link":"https:\/\/hirekegyhelyen.live\/24infok\/?p=4997","title":{"rendered":"\u00d6sszej\u00f6ttek a S\u00e9fek S\u00e9fe versenyz\u0151je \u00e9s s\u00e9fe!"},"content":{"rendered":"<h3>A pletyk\u00e1k szerint Lukasz figyelme most m\u00e1r nem a statiszt\u00e1k vagy vend\u00e9gek fel\u00e9 ir\u00e1nyul, hanem a z\u00f6ld csapat vezet\u0151je, Tischler Petra fel\u00e9.<br \/>\nLegal\u00e1bbis ezt \u00e1ll\u00edtja Pir\u00f3, aki szerint a versenyz\u0151 viselked\u00e9se felt\u0171n\u0151en megv\u00e1ltozott.<br \/>\n\u201eNem tudom, mi t\u00f6rt\u00e9nt Lukasszal, de \u00fagy n\u00e9z ki, beleszerelmesedett Petr\u00e1ba. Minden mondata r\u00f3la sz\u00f3l: Petra kisasszony, Petra s\u00e9f, Petra \u00edgy, Petra \u00fagy\u2026\u201d \u2013 fogalmazott a j\u00e1t\u00e9kos.<br \/>\nPir\u00f3 m\u00e9g azt is hozz\u00e1tette: \u0151 bizony egy\u00e1ltal\u00e1n nem b\u00e1nn\u00e1, ha Lukasz a k\u00e9s\u0151bbiekben m\u00e1r nem a fekete csapatot er\u0151s\u00edten\u00e9.<br \/>\nHogy val\u00f3ban \u00c1mor nyila tal\u00e1lta-e el a versenyz\u0151t, vagy csak egy \u00fajabb st\u00fadi\u00f3pletyka kering, az egyel\u0151re k\u00e9rd\u00e9s. Egy azonban biztos: ha a sz\u00f3besz\u00e9d igaznak bizonyul, akkor a S\u00e9fek S\u00e9fe t\u00f6rt\u00e9net\u00e9ben el\u0151sz\u00f6r nemcsak a konyh\u00e1ban, hanem a sz\u00edvekben is komoly verseny indulhat\u2026<\/h3>\n<p>VIA Borsonline<\/p>\n<p>Az elektromos rendszer egyik legfontosabb eleme a hatalmas, t\u00f6bb mint 110 kWh kapacit\u00e1s\u00fa akkumul\u00e1torcsomag. Ez teszi lehet\u0151v\u00e9, hogy a WLTP szabv\u00e1ny szerinti hat\u00f3t\u00e1v ak\u00e1r 600 kilom\u00e9ter k\u00f6zel\u00e9ben alakuljon, b\u00e1r a val\u00f3s haszn\u00e1lat sor\u00e1n jellemz\u0151en 300\u2013450 kilom\u00e9ter k\u00f6z\u00f6tti \u00e9rt\u00e9kekkel lehet sz\u00e1molni. A nagy akkumul\u00e1tor el\u0151nye nemcsak a hosszabb hat\u00f3t\u00e1v, hanem az is, hogy az aut\u00f3 hosszabb utaz\u00e1sok sor\u00e1n is kevesebb t\u00f6lt\u00e9st ig\u00e9nyel. Az Ioniq 9 t\u00e1mogatja a 800 voltos villamos architekt\u00far\u00e1t, ami rendk\u00edv\u00fcl gyors t\u00f6lt\u00e9st tesz lehet\u0151v\u00e9: megfelel\u0151 vill\u00e1mt\u00f6lt\u0151n ak\u00e1r 10-r\u0151l 80 sz\u00e1zal\u00e9kra is felt\u00f6lthet\u0151 k\u00f6r\u00fclbel\u00fcl 20\u201325 perc alatt.<\/p>\n<p>A vezet\u00e9si \u00e9lm\u00e9ny ink\u00e1bb a komfortos utaz\u00e1sr\u00f3l sz\u00f3l, mint a sportoss\u00e1gr\u00f3l. A hatalmas m\u00e9ret \u00e9s t\u00f6meg miatt az Ioniq 9 nem egy agilis, kanyarg\u00f3s \u00faton \u00e9lvezetes aut\u00f3, de hossz\u00fa aut\u00f3p\u00e1ly\u00e1s utak sor\u00e1n rendk\u00edv\u00fcl csendes \u00e9s k\u00e9nyelmes. A fut\u00f3m\u0171vet \u00fagy hangolt\u00e1k, hogy a nagy SUV ink\u00e1bb nyugodt, \u201ecruiser\u201d jelleg\u0171 legyen, amely k\u00f6nnyed\u00e9n falja a kilom\u00e9tereket. A villanymotorok azonnali nyomat\u00e9ka miatt az aut\u00f3 gyorsan reag\u00e1l a g\u00e1zad\u00e1sra, \u00edgy el\u0151z\u00e9skor vagy aut\u00f3p\u00e1lya-felhajt\u00e1sn\u00e1l sem \u00e9rz\u0151dik lomha j\u00e1rm\u0171nek.<\/p>\n<p>A biztons\u00e1g ter\u00e9n a modell szint\u00e9n magas szintet k\u00e9pvisel. A j\u00e1rm\u0171 \u00f6tcsillagos min\u0151s\u00edt\u00e9st kapott a f\u00fcggetlen eur\u00f3pai t\u00f6r\u00e9steszteken, \u00e9s sz\u00e1mos akt\u00edv biztons\u00e1gi rendszert k\u00edn\u00e1l. Ezek k\u00f6z\u00e9 tartozik az automatikus s\u00e1vv\u00e1lt\u00e1si asszisztens, a kamer\u00e1s holtt\u00e9r-figyel\u00e9s \u00e9s a figyelmeztet\u0151 rendszerek eg\u00e9sz sora, amelyek seg\u00edtenek a vezet\u0151nek a biztons\u00e1gos k\u00f6zleked\u00e9sben. A Hyundai emellett \u00f6t \u00e9v garanci\u00e1t k\u00edn\u00e1l a modellhez, ami a m\u00e1rka egyik legismertebb er\u0151ss\u00e9ge.<\/p>\n","protected":false},"excerpt":{"rendered":"<p>A pletyk\u00e1k szerint Lukasz figyelme most m\u00e1r nem a statiszt\u00e1k vagy vend\u00e9gek fel\u00e9 ir\u00e1nyul, hanem a z\u00f6ld csapat vezet\u0151je, Tischler&#8230; <span class=\"gridview-grid-post-read-more\"><a href=\"https:\/\/hirekegyhelyen.live\/24infok\/?p=4997\">read more<span class=\"gridview-sr-only\"> \u00d6sszej\u00f6ttek a S\u00e9fek S\u00e9fe versenyz\u0151je \u00e9s s\u00e9fe!<\/span><\/a><\/span><\/p>\n","protected":false},"author":1,"featured_media":4998,"comment_status":"open","ping_status":"open","sticky":false,"template":"","format":"standard","meta":{"footnotes":""},"categories":[1],"tags":[],"class_list":["post-4997","post","type-post","status-publish","format-standard","has-post-thumbnail","hentry","category-egyeb","wpcat-1-id"],"_links":{"self":[{"href":"https:\/\/hirekegyhelyen.live\/24infok\/index.php?rest_route=\/wp\/v2\/posts\/4997","targetHints":{"allow":["GET"]}}],"collection":[{"href":"https:\/\/hirekegyhelyen.live\/24infok\/index.php?rest_route=\/wp\/v2\/posts"}],"about":[{"href":"https:\/\/hirekegyhelyen.live\/24infok\/index.php?rest_route=\/wp\/v2\/types\/post"}],"author":[{"embeddable":true,"href":"https:\/\/hirekegyhelyen.live\/24infok\/index.php?rest_route=\/wp\/v2\/users\/1"}],"replies":[{"embeddable":true,"href":"https:\/\/hirekegyhelyen.live\/24infok\/index.php?rest_route=%2Fwp%2Fv2%2Fcomments&post=4997"}],"version-history":[{"count":1,"href":"https:\/\/hirekegyhelyen.live\/24infok\/index.php?rest_route=\/wp\/v2\/posts\/4997\/revisions"}],"predecessor-version":[{"id":4999,"href":"https:\/\/hirekegyhelyen.live\/24infok\/index.php?rest_route=\/wp\/v2\/posts\/4997\/revisions\/4999"}],"wp:featuredmedia":[{"embeddable":true,"href":"https:\/\/hirekegyhelyen.live\/24infok\/index.php?rest_route=\/wp\/v2\/media\/4998"}],"wp:attachment":[{"href":"https:\/\/hirekegyhelyen.live\/24infok\/index.php?rest_route=%2Fwp%2Fv2%2Fmedia&parent=4997"}],"wp:term":[{"taxonomy":"category","embeddable":true,"href":"https:\/\/hirekegyhelyen.live\/24infok\/index.php?rest_route=%2Fwp%2Fv2%2Fcategories&post=4997"},{"taxonomy":"post_tag","embeddable":true,"href":"https:\/\/hirekegyhelyen.live\/24infok\/index.php?rest_route=%2Fwp%2Fv2%2Ftags&post=4997"}],"curies":[{"name":"wp","href":"https:\/\/api.w.org\/{rel}","templated":true}]}}