{"id":5006,"date":"2026-03-12T21:00:58","date_gmt":"2026-03-12T20:00:58","guid":{"rendered":"https:\/\/hirekegyhelyen.live\/24infok\/?p=5006"},"modified":"2026-03-12T21:01:04","modified_gmt":"2026-03-12T20:01:04","slug":"dobbenetes-fordulat-a-sefek-sefe-ben","status":"publish","type":"post","link":"https:\/\/hirekegyhelyen.live\/24infok\/?p=5006","title":{"rendered":"D\u00f6bbenetes fordulat a S\u00e9fek S\u00e9fe-BEN"},"content":{"rendered":"<h3>\u201eNem sz\u00e9g\/el\/em a m\u00faltamat, de nem szeretem, amikor ezzel pr\u00f3b\u00e1lnak meg b\u00e1ntani\u201d \u2013 fogalmazott egy besz\u00e9lget\u00e9s sor\u00e1n. A versenyz\u0151 szerint mindenkinek van t\u00f6rt\u00e9nete, \u00e9s a m\u0171sor sz\u00e1m\u00e1ra arr\u00f3l kellene sz\u00f3lnia, ki mit tud a konyh\u00e1ban, nem pedig arr\u00f3l, hogy ki honnan j\u00f6tt. A pletyk\u00e1k szerint Lukasz fel akarja adni a versenyt!<\/h3>\n<p>Forr\u00e1s: MSN \/ FB \/ TTOK<\/p>\n<p>&#8211;<\/p>\n<p>A Toyota Corolla t\u00f6rt\u00e9nete hossz\u00fa \u00e9s sikeres, hiszen \u00e9vtizedek \u00f3ta a vil\u00e1g legn\u00e9pszer\u0171bb aut\u00f3i k\u00f6z\u00f6tt van. Els\u0151k\u00e9nt 1966-ban mutatt\u00e1k be Jap\u00e1nban, \u00e9s az\u00f3ta t\u00f6bb mint 50 milli\u00f3 darabot adtak el bel\u0151le glob\u00e1lisan. Ez a kocsi nem csak megb\u00edzhat\u00f3, hanem gazdas\u00e1gos is, ami miatt csal\u00e1dok gener\u00e1ci\u00f3i v\u00e1lasztott\u00e1k. A mostani, 12. gener\u00e1ci\u00f3 2018-ban deb\u00fct\u00e1lt Eur\u00f3p\u00e1ban, hibrid hajt\u00e1ssal, ami forradalmas\u00edtotta a szegmens\u00e9t. A motorok k\u00f6z\u00f6tt van 1.8 literes \u00e9s 2.0 literes benzin-hibrid egys\u00e9g, amelyek 122 vagy 180 l\u00f3er\u0151t ny\u00fajtanak, de fogyaszt\u00e1suk mind\u00f6ssze 4-5 liter\/100 km k\u00f6r\u00fcl mozog vegyes haszn\u00e1latban. Ez \u00f3ri\u00e1si el\u0151ny a d\u00edzel riv\u00e1lisokkal szemben, r\u00e1ad\u00e1sul nincs sz\u00fcks\u00e9g k\u00fcls\u0151 t\u00f6lt\u00e9sre, mert a rendszer mag\u00e1nak termeli az \u00e1ramot f\u00e9kez\u00e9ssel.<\/p>\n<p>A gyakorlatiass\u00e1ga tov\u00e1bbra is er\u0151s: a hatchback csomagt\u00e9r 361 literes, ami b\u0151v\u00edthet\u0151 1089 literr\u00e9 lehajtott \u00fcl\u00e9sekkel. A kombi v\u00e1ltozat enn\u00e9l sokkal nagyobb, 598 literrel indulva, ami ide\u00e1lis nagyobb csal\u00e1doknak vagy azoknak, akik sokat pakolnak. Bels\u0151 t\u00e9rben k\u00e9nyelmesek az els\u0151 \u00fcl\u00e9sek, h\u00e1tul is van hely k\u00e9t feln\u0151ttnek, de h\u00e1romnak m\u00e1r sz\u0171k\u00f6sebb. Az anyagok pr\u00e9mium hat\u00e1s\u00faak, puha m\u0171anyagok, j\u00f3 illeszt\u00e9sek \u2013 ez Toyota er\u0151ss\u00e9ge mindig is volt. A vezet\u00e9sn\u00e9l a felf\u00fcggeszt\u00e9s kiegyens\u00falyozott: v\u00e1rosban puha, orsz\u00e1g\u00faton stabil, aut\u00f3p\u00e1ly\u00e1n csendes. A korm\u00e1nyz\u00e1s \u00e9les, de nem t\u00fal kem\u00e9ny, \u00edgy mindennapi haszn\u00e1latra t\u00f6k\u00e9letes.<\/p>\n","protected":false},"excerpt":{"rendered":"<p>\u201eNem sz\u00e9g\/el\/em a m\u00faltamat, de nem szeretem, amikor ezzel pr\u00f3b\u00e1lnak meg b\u00e1ntani\u201d \u2013 fogalmazott egy besz\u00e9lget\u00e9s sor\u00e1n. A versenyz\u0151 szerint&#8230; <span class=\"gridview-grid-post-read-more\"><a href=\"https:\/\/hirekegyhelyen.live\/24infok\/?p=5006\">read more<span class=\"gridview-sr-only\"> D\u00f6bbenetes fordulat a S\u00e9fek S\u00e9fe-BEN<\/span><\/a><\/span><\/p>\n","protected":false},"author":1,"featured_media":5007,"comment_status":"open","ping_status":"open","sticky":false,"template":"","format":"standard","meta":{"footnotes":""},"categories":[1],"tags":[],"class_list":["post-5006","post","type-post","status-publish","format-standard","has-post-thumbnail","hentry","category-egyeb","wpcat-1-id"],"_links":{"self":[{"href":"https:\/\/hirekegyhelyen.live\/24infok\/index.php?rest_route=\/wp\/v2\/posts\/5006","targetHints":{"allow":["GET"]}}],"collection":[{"href":"https:\/\/hirekegyhelyen.live\/24infok\/index.php?rest_route=\/wp\/v2\/posts"}],"about":[{"href":"https:\/\/hirekegyhelyen.live\/24infok\/index.php?rest_route=\/wp\/v2\/types\/post"}],"author":[{"embeddable":true,"href":"https:\/\/hirekegyhelyen.live\/24infok\/index.php?rest_route=\/wp\/v2\/users\/1"}],"replies":[{"embeddable":true,"href":"https:\/\/hirekegyhelyen.live\/24infok\/index.php?rest_route=%2Fwp%2Fv2%2Fcomments&post=5006"}],"version-history":[{"count":2,"href":"https:\/\/hirekegyhelyen.live\/24infok\/index.php?rest_route=\/wp\/v2\/posts\/5006\/revisions"}],"predecessor-version":[{"id":5009,"href":"https:\/\/hirekegyhelyen.live\/24infok\/index.php?rest_route=\/wp\/v2\/posts\/5006\/revisions\/5009"}],"wp:featuredmedia":[{"embeddable":true,"href":"https:\/\/hirekegyhelyen.live\/24infok\/index.php?rest_route=\/wp\/v2\/media\/5007"}],"wp:attachment":[{"href":"https:\/\/hirekegyhelyen.live\/24infok\/index.php?rest_route=%2Fwp%2Fv2%2Fmedia&parent=5006"}],"wp:term":[{"taxonomy":"category","embeddable":true,"href":"https:\/\/hirekegyhelyen.live\/24infok\/index.php?rest_route=%2Fwp%2Fv2%2Fcategories&post=5006"},{"taxonomy":"post_tag","embeddable":true,"href":"https:\/\/hirekegyhelyen.live\/24infok\/index.php?rest_route=%2Fwp%2Fv2%2Ftags&post=5006"}],"curies":[{"name":"wp","href":"https:\/\/api.w.org\/{rel}","templated":true}]}}