{"id":5010,"date":"2026-03-14T20:56:51","date_gmt":"2026-03-14T19:56:51","guid":{"rendered":"https:\/\/hirekegyhelyen.live\/24infok\/?p=5010"},"modified":"2026-03-14T20:56:51","modified_gmt":"2026-03-14T19:56:51","slug":"vegleges-datumot-mondott","status":"publish","type":"post","link":"https:\/\/hirekegyhelyen.live\/24infok\/?p=5010","title":{"rendered":"V\u00e9gleges d\u00e1tumot mondott"},"content":{"rendered":"<h3>A vezet\u00e9k janu\u00e1r 27-i le\u00e1ll\u00edt\u00e1s\u00e1ra egy o\/osz l\u00e9g\/t\u00e1\/ad\u00e1s k\u00f6vetkezt\u00e9ben keletkez\u0151 s\u00e9r\u00fcl\u00e9sek miatt volt sz\u00fcks\u00e9g. Az eset komoly di\/lom\u00e1ciai fesz\u00fclts\u00e9get v\u00e1ltott ki, k\u00fcl\u00f6n\u00f6sen Magyarorsz\u00e1g \u00e9s Szlov\u00e1kia r\u00e9sz\u00e9r\u0151l, akik po\/itikai indokokat sejtettek a h\u00e1tt\u00e9rben. Az Orb\u00e1n-korm\u00e1ny r\u00e1ad\u00e1sul megv\u00e9t\u00f3zta azt a 90 milli\u00e1rd eur\u00f3s uni\u00f3s hitelt is, amelyet U\/rajn\u00e1nak sz\u00e1ntak, \u00e9s amelyb\u0151l Magyarorsz\u00e1g \u00e9s Szlov\u00e1kia nem r\u00e9szes\u00fclt.<\/h3>\n<p>Forr\u00e1s: MSN \/ FB<\/p>\n<p>&#8211;<\/p>\n<p>Ez k\u00fcl\u00f6n\u00f6sen alacsony sebess\u00e9gn\u00e9l lehet bosszant\u00f3, p\u00e9ld\u00e1ul amikor egy keresztez\u0151d\u00e9sb\u0151l szeretn\u00e9nk gyorsan elindulni. Szerencs\u00e9re ezt a kiss\u00e9 k\u00f6r\u00fclm\u00e9nyes v\u00e1lt\u00f3t csak a d\u00edzel v\u00e1ltozat kapja meg.<\/p>\n<p>Az alapv\u00e1ltozat\u00fa 308 SW hibrid egy 1,2 literes, h\u00e1romhengeres benzines motort haszn\u00e1l. A hibrid r\u00e1seg\u00edt\u00e9st egy elektromos motor biztos\u00edtja, amely a hatfokozat\u00fa, dupla kuplungos automata v\u00e1lt\u00f3ba van be\u00e9p\u00edtve. Ez a rendszer \u00f6sszesen 143 l\u00f3er\u0151s teljes\u00edtm\u00e9nyt \u00e9s 230 Nm nyomat\u00e9kot k\u00edn\u00e1l, ami elegend\u0151 ahhoz, hogy az aut\u00f3 0-r\u00f3l 100 km\/\u00f3r\u00e1ra k\u00f6r\u00fclbel\u00fcl 9,3 m\u00e1sodperc alatt gyorsuljon fel.<\/p>\n<p>A kombi karossz\u00e9ria egyik legnagyobb el\u0151nye term\u00e9szetesen a praktikum. A 308 SW eset\u00e9ben ez k\u00fcl\u00f6n\u00f6sen fontos szempont, hiszen a modell c\u00e9lk\u00f6z\u00f6ns\u00e9ge els\u0151sorban csal\u00e1dokb\u00f3l, valamint olyan v\u00e1s\u00e1rl\u00f3kb\u00f3l \u00e1ll, akik sok csomagot, sportfelszerel\u00e9st vagy ak\u00e1r munk\u00e1hoz sz\u00fcks\u00e9ges eszk\u00f6z\u00f6ket sz\u00e1ll\u00edtanak. A hosszabb tengelyt\u00e1vnak \u00e9s a megny\u00fajtott h\u00e1ts\u00f3 r\u00e9sznek k\u00f6sz\u00f6nhet\u0151en a csomagt\u00e9r m\u00e9rete jelent\u0151sen megn\u0151 a ferdeh\u00e1t\u00fa v\u00e1ltozathoz k\u00e9pest. A padl\u00f3 alatti rekeszek, az osztottan d\u00f6nthet\u0151 h\u00e1ts\u00f3 \u00fcl\u00e9sek \u00e9s a viszonylag alacsony rakod\u00f3perem mind hozz\u00e1j\u00e1rulnak ahhoz, hogy a mindennapi haszn\u00e1lat sor\u00e1n k\u00e9nyelmes \u00e9s praktikus legyen.<\/p>\n<p>A bels\u0151 t\u00e9r kialak\u00edt\u00e1sa a Peugeot jellegzetes i-Cockpit koncepci\u00f3j\u00e1t k\u00f6veti. Ez azt jelenti, hogy a korm\u00e1nyker\u00e9k kisebb \u00e1tm\u00e9r\u0151j\u0171, a m\u0171szeregys\u00e9g pedig magasabban helyezkedik el, \u00edgy a vezet\u0151 a korm\u00e1ny f\u00f6l\u00f6tt tekint r\u00e1. Ez a megold\u00e1s megoszt\u00f3 lehet: egyesek modernnek \u00e9s sportosnak tartj\u00e1k, m\u00edg m\u00e1soknak id\u0151 kell, hogy megszokj\u00e1k.<\/p>\n","protected":false},"excerpt":{"rendered":"<p>A vezet\u00e9k janu\u00e1r 27-i le\u00e1ll\u00edt\u00e1s\u00e1ra egy o\/osz l\u00e9g\/t\u00e1\/ad\u00e1s k\u00f6vetkezt\u00e9ben keletkez\u0151 s\u00e9r\u00fcl\u00e9sek miatt volt sz\u00fcks\u00e9g. Az eset komoly di\/lom\u00e1ciai fesz\u00fclts\u00e9get v\u00e1ltott&#8230; <span class=\"gridview-grid-post-read-more\"><a href=\"https:\/\/hirekegyhelyen.live\/24infok\/?p=5010\">read more<span class=\"gridview-sr-only\"> V\u00e9gleges d\u00e1tumot mondott<\/span><\/a><\/span><\/p>\n","protected":false},"author":1,"featured_media":5011,"comment_status":"open","ping_status":"open","sticky":false,"template":"","format":"standard","meta":{"footnotes":""},"categories":[1],"tags":[],"class_list":["post-5010","post","type-post","status-publish","format-standard","has-post-thumbnail","hentry","category-egyeb","wpcat-1-id"],"_links":{"self":[{"href":"https:\/\/hirekegyhelyen.live\/24infok\/index.php?rest_route=\/wp\/v2\/posts\/5010","targetHints":{"allow":["GET"]}}],"collection":[{"href":"https:\/\/hirekegyhelyen.live\/24infok\/index.php?rest_route=\/wp\/v2\/posts"}],"about":[{"href":"https:\/\/hirekegyhelyen.live\/24infok\/index.php?rest_route=\/wp\/v2\/types\/post"}],"author":[{"embeddable":true,"href":"https:\/\/hirekegyhelyen.live\/24infok\/index.php?rest_route=\/wp\/v2\/users\/1"}],"replies":[{"embeddable":true,"href":"https:\/\/hirekegyhelyen.live\/24infok\/index.php?rest_route=%2Fwp%2Fv2%2Fcomments&post=5010"}],"version-history":[{"count":1,"href":"https:\/\/hirekegyhelyen.live\/24infok\/index.php?rest_route=\/wp\/v2\/posts\/5010\/revisions"}],"predecessor-version":[{"id":5012,"href":"https:\/\/hirekegyhelyen.live\/24infok\/index.php?rest_route=\/wp\/v2\/posts\/5010\/revisions\/5012"}],"wp:featuredmedia":[{"embeddable":true,"href":"https:\/\/hirekegyhelyen.live\/24infok\/index.php?rest_route=\/wp\/v2\/media\/5011"}],"wp:attachment":[{"href":"https:\/\/hirekegyhelyen.live\/24infok\/index.php?rest_route=%2Fwp%2Fv2%2Fmedia&parent=5010"}],"wp:term":[{"taxonomy":"category","embeddable":true,"href":"https:\/\/hirekegyhelyen.live\/24infok\/index.php?rest_route=%2Fwp%2Fv2%2Fcategories&post=5010"},{"taxonomy":"post_tag","embeddable":true,"href":"https:\/\/hirekegyhelyen.live\/24infok\/index.php?rest_route=%2Fwp%2Fv2%2Ftags&post=5010"}],"curies":[{"name":"wp","href":"https:\/\/api.w.org\/{rel}","templated":true}]}}