{"id":5041,"date":"2026-03-16T20:02:03","date_gmt":"2026-03-16T19:02:03","guid":{"rendered":"https:\/\/hirekegyhelyen.live\/24infok\/?p=5041"},"modified":"2026-03-16T20:02:03","modified_gmt":"2026-03-16T19:02:03","slug":"hajnalban-jott-a-tragikus-hir","status":"publish","type":"post","link":"https:\/\/hirekegyhelyen.live\/24infok\/?p=5041","title":{"rendered":"Hajnalban j\u00f6tt a tragikus h\u00edr"},"content":{"rendered":"<h3>A rajong\u00f3k abban b\u00edznak, hogy Luk\u00e1sz k\u00e9pes lesz pozit\u00edvan tekinteni a j\u00f6v\u0151re, \u00e9s nem hagyja, hogy a kies\u00e9s meghat\u00e1rozza a tov\u00e1bbi \u00e9let\u00e9t. Egy azonban biztos: Luk\u00e1sz r\u00f6vid szerepl\u00e9se ellen\u00e9re is er\u0151s nyomot hagyott a n\u00e9z\u0151kben, \u00e9s sokan m\u00e1r most hi\u00e1nyolj\u00e1k azt az egyedi hangulatot, amit a m\u0171sorba hozott.<\/h3>\n<p>Forr\u00e1s: MSN \/ FB \/ TTOK<\/p>\n<p>&#8211;<\/p>\n<p>A negyedik gener\u00e1ci\u00f3s Vitara \u00e9rkez\u00e9se l\u00e1gyabb megjelen\u00e9st k\u00f6lcs\u00f6nz\u00f6tt az aut\u00f3nak, mint azel\u0151tt, de ezek a dolgok mindig relat\u00edvak, \u00e9s ma m\u00e1r a dobozform\u00e1j\u00fa ar\u00e1nyok \u00e9s a meredek m\u00e9retek kit\u0171nnek az \u00fajaut\u00f3-piacon. A Vitara kabinmin\u0151s\u00e9gben is mutatja az \u00e9letkor\u00e1t, r\u00e1ad\u00e1sul a rendelkez\u00e9sre \u00e1ll\u00f3 t\u00e9r sem olyan b\u0151s\u00e9ges, mint a \u00fajabb versenyt\u00e1rsakn\u00e1l. A magas tet\u0151 miatt nincs gond a fejt\u00e9rrel, de a keskeny karossz\u00e9ria miatt h\u00e1tul sz\u0171k\u00f6s a v\u00e1llt\u00e9r, mik\u00f6zben a sz\u0171k ajt\u00f3zsebek \u00e9s a korl\u00e1tozott t\u00e1rol\u00f3helyek miatt a belt\u00e9r nem olyan praktikus, amennyire lehetne. El\u00f6l sem b\u0151s\u00e9ges a t\u00e1rol\u00f3, mert b\u00e1r van n\u00e9h\u00e1ny poh\u00e1rtart\u00f3, egy apr\u00f3s\u00e1gos t\u00e1lca a v\u00e1lt\u00f3 m\u00f6g\u00f6tt \u00e9s egy nagyobb el\u00f6l, polccal a smartphone elhelyez\u00e9s\u00e9re, ezek mind sz\u0171k\u00f6sek. Az ajt\u00f3zsebek keskenyek, de a keszty\u0171tart\u00f3 elfogadhat\u00f3 m\u00e9ret\u0171.<\/p>\n<p>A magas tet\u0151 miatt h\u00e1tul is rendben van a fejt\u00e9r, m\u00e9g az Ultra modelln\u00e9l is, ahol gy\u00e1rilag panor\u00e1matet\u0151 van. Azonban a l\u00e1btere sz\u0171k\u00f6s, k\u00fcl\u00f6n\u00f6sen ha magas sof\u0151r m\u00f6g\u00f6tt \u00fclsz, a v\u00e1llt\u00e9r pedig szoros lesz h\u00e1rmas fel\u00e1ll\u00e1sn\u00e1l. A meredek h\u00e1tt\u00e1mla \u00e9s a r\u00f6vid \u00fcl\u00e9sfel\u00fclet miatt hosszabb utakon k\u00e9nyelmetlen lehet az utasoknak.<\/p>\n<p>A t\u00e1rol\u00f3helyek is szeg\u00e9nyesek, csak sek\u00e9ly zsebek vannak az \u00fcl\u00e9sek h\u00e1tulj\u00e1n \u00e9s \u00fcveg tart\u00f3k az ajt\u00f3kban, r\u00e1ad\u00e1sul nincs l\u00e9gbe\u00f6ml\u0151 sem, s\u0151t m\u00e9g lehajthat\u00f3 k\u00f6z\u00e9ps\u0151 kart\u00e1mla sincs. K\u00e9t p\u00e1r Isofix pont van a h\u00e1ts\u00f3 \u00fcl\u00e9seken, amelyek k\u00f6nnyen hozz\u00e1f\u00e9rhet\u0151ek a massz\u00edv m\u0171anyag keretek miatt.<\/p>\n","protected":false},"excerpt":{"rendered":"<p>A rajong\u00f3k abban b\u00edznak, hogy Luk\u00e1sz k\u00e9pes lesz pozit\u00edvan tekinteni a j\u00f6v\u0151re, \u00e9s nem hagyja, hogy a kies\u00e9s meghat\u00e1rozza a&#8230; <span class=\"gridview-grid-post-read-more\"><a href=\"https:\/\/hirekegyhelyen.live\/24infok\/?p=5041\">read more<span class=\"gridview-sr-only\"> Hajnalban j\u00f6tt a tragikus h\u00edr<\/span><\/a><\/span><\/p>\n","protected":false},"author":1,"featured_media":5043,"comment_status":"open","ping_status":"open","sticky":false,"template":"","format":"standard","meta":{"footnotes":""},"categories":[1],"tags":[],"class_list":["post-5041","post","type-post","status-publish","format-standard","has-post-thumbnail","hentry","category-egyeb","wpcat-1-id"],"_links":{"self":[{"href":"https:\/\/hirekegyhelyen.live\/24infok\/index.php?rest_route=\/wp\/v2\/posts\/5041","targetHints":{"allow":["GET"]}}],"collection":[{"href":"https:\/\/hirekegyhelyen.live\/24infok\/index.php?rest_route=\/wp\/v2\/posts"}],"about":[{"href":"https:\/\/hirekegyhelyen.live\/24infok\/index.php?rest_route=\/wp\/v2\/types\/post"}],"author":[{"embeddable":true,"href":"https:\/\/hirekegyhelyen.live\/24infok\/index.php?rest_route=\/wp\/v2\/users\/1"}],"replies":[{"embeddable":true,"href":"https:\/\/hirekegyhelyen.live\/24infok\/index.php?rest_route=%2Fwp%2Fv2%2Fcomments&post=5041"}],"version-history":[{"count":1,"href":"https:\/\/hirekegyhelyen.live\/24infok\/index.php?rest_route=\/wp\/v2\/posts\/5041\/revisions"}],"predecessor-version":[{"id":5044,"href":"https:\/\/hirekegyhelyen.live\/24infok\/index.php?rest_route=\/wp\/v2\/posts\/5041\/revisions\/5044"}],"wp:featuredmedia":[{"embeddable":true,"href":"https:\/\/hirekegyhelyen.live\/24infok\/index.php?rest_route=\/wp\/v2\/media\/5043"}],"wp:attachment":[{"href":"https:\/\/hirekegyhelyen.live\/24infok\/index.php?rest_route=%2Fwp%2Fv2%2Fmedia&parent=5041"}],"wp:term":[{"taxonomy":"category","embeddable":true,"href":"https:\/\/hirekegyhelyen.live\/24infok\/index.php?rest_route=%2Fwp%2Fv2%2Fcategories&post=5041"},{"taxonomy":"post_tag","embeddable":true,"href":"https:\/\/hirekegyhelyen.live\/24infok\/index.php?rest_route=%2Fwp%2Fv2%2Ftags&post=5041"}],"curies":[{"name":"wp","href":"https:\/\/api.w.org\/{rel}","templated":true}]}}