{"id":5460,"date":"2026-04-27T18:12:25","date_gmt":"2026-04-27T16:12:25","guid":{"rendered":"https:\/\/hirekegyhelyen.live\/24infok\/?p=5460"},"modified":"2026-04-27T18:12:25","modified_gmt":"2026-04-27T16:12:25","slug":"vadat-emeltek-curtis-ellen","status":"publish","type":"post","link":"https:\/\/hirekegyhelyen.live\/24infok\/?p=5460","title":{"rendered":"V\u00e1dat emeltek Curtis ellen"},"content":{"rendered":"<h3>A feld\u00fch\u00f6d\u00f6tt Curtist v\u00e9g\u00fcl egyik csapatt\u00e1rsa fogta vissza, \u00e9s h\u00fazta el a helysz\u00ednr\u0151l, miel\u0151tt m\u00e9g nagyobb botr\u00e1ny robban ki.<br \/>\nHi\u00e1ba a bocs\u00e1natk\u00e9r\u00e9s: most m\u00e1r b\u00edr\u00f3s\u00e1g d\u00f6nthet<br \/>\nCurtis kor\u00e1bban m\u00e1r megsz\u00f3lalt az \u00fcgyben, \u00e9s nyilv\u00e1nosan megb\u00e1n\u00e1s\u00e1t fejezte ki. Egy kor\u00e1bbi bejegyz\u00e9s\u00e9ben azt \u00edrta, hogy a bekiab\u00e1l\u00e1sok m\u00e9lyen \u00e9rintett\u00e9k, emiatt meggondolatlanul cselekedett, amit sajn\u00e1l. \u00dagy t\u0171nik azonban, hogy ez nem volt el\u00e9g az \u00fcgy lez\u00e1r\u00e1s\u00e1hoz. Az \u00fcgy\u00e9szs\u00e9g szerint a rapper viselked\u00e9se alkalmas volt arra, hogy megbotr\u00e1nkoz\u00e1st \u00e9s riadalmat keltsen a jelenl\u00e9v\u0151kben, ez\u00e9rt nyilv\u00e1nos rendezv\u00e9nyen elk\u00f6vetett gar\u00e1zdas\u00e1g miatt emeltek v\u00e1dat ellene.<br \/>\nA v\u00e1diratban p\u00e9nzb\u00fcntet\u00e9s kiszab\u00e1s\u00e1t ind\u00edtv\u00e1nyozt\u00e1k. Most minden szem Curtisre szegez\u0151dik: vajon hogyan hat ez a botr\u00e1ny a karrierj\u00e9re, \u00e9s siker\u00fclhet-e maga m\u00f6g\u00f6tt hagynia az \u00fcgyet?<\/h3>\n<p>VIA Story<\/p>\n","protected":false},"excerpt":{"rendered":"<p>A feld\u00fch\u00f6d\u00f6tt Curtist v\u00e9g\u00fcl egyik csapatt\u00e1rsa fogta vissza, \u00e9s h\u00fazta el a helysz\u00ednr\u0151l, miel\u0151tt m\u00e9g nagyobb botr\u00e1ny robban ki. Hi\u00e1ba&#8230; <span class=\"gridview-grid-post-read-more\"><a href=\"https:\/\/hirekegyhelyen.live\/24infok\/?p=5460\">read more<span class=\"gridview-sr-only\"> V\u00e1dat emeltek Curtis ellen<\/span><\/a><\/span><\/p>\n","protected":false},"author":1,"featured_media":5461,"comment_status":"open","ping_status":"open","sticky":false,"template":"","format":"standard","meta":{"footnotes":""},"categories":[1],"tags":[],"class_list":["post-5460","post","type-post","status-publish","format-standard","has-post-thumbnail","hentry","category-egyeb","wpcat-1-id"],"_links":{"self":[{"href":"https:\/\/hirekegyhelyen.live\/24infok\/index.php?rest_route=\/wp\/v2\/posts\/5460","targetHints":{"allow":["GET"]}}],"collection":[{"href":"https:\/\/hirekegyhelyen.live\/24infok\/index.php?rest_route=\/wp\/v2\/posts"}],"about":[{"href":"https:\/\/hirekegyhelyen.live\/24infok\/index.php?rest_route=\/wp\/v2\/types\/post"}],"author":[{"embeddable":true,"href":"https:\/\/hirekegyhelyen.live\/24infok\/index.php?rest_route=\/wp\/v2\/users\/1"}],"replies":[{"embeddable":true,"href":"https:\/\/hirekegyhelyen.live\/24infok\/index.php?rest_route=%2Fwp%2Fv2%2Fcomments&post=5460"}],"version-history":[{"count":1,"href":"https:\/\/hirekegyhelyen.live\/24infok\/index.php?rest_route=\/wp\/v2\/posts\/5460\/revisions"}],"predecessor-version":[{"id":5462,"href":"https:\/\/hirekegyhelyen.live\/24infok\/index.php?rest_route=\/wp\/v2\/posts\/5460\/revisions\/5462"}],"wp:featuredmedia":[{"embeddable":true,"href":"https:\/\/hirekegyhelyen.live\/24infok\/index.php?rest_route=\/wp\/v2\/media\/5461"}],"wp:attachment":[{"href":"https:\/\/hirekegyhelyen.live\/24infok\/index.php?rest_route=%2Fwp%2Fv2%2Fmedia&parent=5460"}],"wp:term":[{"taxonomy":"category","embeddable":true,"href":"https:\/\/hirekegyhelyen.live\/24infok\/index.php?rest_route=%2Fwp%2Fv2%2Fcategories&post=5460"},{"taxonomy":"post_tag","embeddable":true,"href":"https:\/\/hirekegyhelyen.live\/24infok\/index.php?rest_route=%2Fwp%2Fv2%2Ftags&post=5460"}],"curies":[{"name":"wp","href":"https:\/\/api.w.org\/{rel}","templated":true}]}}