{"id":5470,"date":"2026-04-28T16:26:43","date_gmt":"2026-04-28T14:26:43","guid":{"rendered":"https:\/\/hirekegyhelyen.live\/24infok\/?p=5470"},"modified":"2026-04-28T16:42:19","modified_gmt":"2026-04-28T14:42:19","slug":"tonkrement-a-hazassaga-es-az-elete","status":"publish","type":"post","link":"https:\/\/hirekegyhelyen.live\/24infok\/?p=5470","title":{"rendered":"T\u00f6nkrement a h\u00e1zass\u00e1ga \u00e9s az \u00e9lete"},"content":{"rendered":"<h3>A RAJONG\u00d3K AGG\u00d3DNAK! SOK PLE\/YKA TERJENG ARR\u00d3L TTOK-ON hogy kor\u00e1bban m\u00e1r megpr\u00f3b\u00e1lt \u00f6ngy\/lko\/s\u00e1got v\u00e9gezni! K\u00e9rtem, harcoltam, hogy t\u00e1rsak legy\u00fcnk, egyenrang\u00fa partnerek. Fontos, hogy maradjon f\u00e9rfi a f\u00e9rj a kapcsolatban, sz\u00fcks\u00e9gem van r\u00e1, hogy az oltalmaz\u00f3m tudjon lenni, hogy tudjak n\u0151 lenni. Nagyon \u00f3vni nem kell egy\u00e9bk\u00e9nt, \u00e9n egy vag\u00e1nyabb n\u0151 vagyok. Megtanultuk ezeket a szerepeket. Az a titkunk, hogy egy\u00e9nenk\u00e9nt akarjon az ember jobb\u00e1 v\u00e1lni. Nem megv\u00e1ltoztatni kell a m\u00e1sikat, hanem magunknak kell v\u00e1ltozni, t\u00f6rekedni arra, hogy a legjobbat kihozzuk magunkb\u00f3l. \u00d6sszecsiszol\u00f3dnak az emberek. Meg kell tanulni a m\u00e1sikat, el kell viselni a rigoly\u00e1it.<\/h3>\n<p>Forr\u00e1s: MSN \/ FB \/ TTOK<\/p>\n<p>&#8211;<\/p>\n<p>A CR-V teh\u00e1t egy olyan modell lett Eur\u00f3p\u00e1ban, amely a hat\u00e9konys\u00e1got \u00e9s a modern hibrid technol\u00f3gi\u00e1t helyezi el\u0151t\u00e9rbe, m\u00e9g akkor is, ha ez bizonyos kompromisszumokkal j\u00e1r a t\u00e9rkihaszn\u00e1l\u00e1s \u00e9s a vari\u00e1lhat\u00f3s\u00e1g ter\u00e9n. A Honda ezzel egy\u00e9rtelm\u0171en \u00e1ll\u00e1st foglalt: ink\u00e1bb kevesebb, de tiszt\u00e1bb \u00e9s hat\u00e9konyabb hajt\u00e1sl\u00e1ncot k\u00edn\u00e1l, mintsem sz\u00e9lesebb, de kev\u00e9sb\u00e9 k\u00f6rnyezetbar\u00e1t v\u00e1laszt\u00e9kot.<\/p>\n<p>A CR-V-vel kapcsolatban az elm\u00falt \u00e9vekben rengeteg tapasztalat gy\u0171lt \u00f6ssze a brit \u00e9s eur\u00f3pai piacon. A modell bemutat\u00e1sa \u00f3ta t\u00f6bbf\u00e9le v\u00e1ltozatot is kipr\u00f3b\u00e1ltak \u00fajs\u00e1g\u00edr\u00f3k \u00e9s hossz\u00fa t\u00e1v\u00fa tesztel\u0151k. A klasszikus CR-V hibrid \u00e9s a plug-in hibrid (PHEV) verzi\u00f3 is komoly figyelmet kapott a sajt\u00f3ban. A PHEV v\u00e1ltozat k\u00fcl\u00f6n\u00f6sen \u00e9rdekes, mert lehet\u0151s\u00e9get ad arra, hogy r\u00f6vid t\u00e1von tiszt\u00e1n elektromos m\u00f3dban k\u00f6zlekedjen az aut\u00f3, mik\u00f6zben hosszabb utakon a benzinmotor is bekapcsol\u00f3dik, \u00edgy n\u00f6velve a hat\u00f3t\u00e1vot.<\/p>\n<p>A hossz\u00fa t\u00e1v\u00fa tesztek sor\u00e1n a CR-V megb\u00edzhat\u00f3, k\u00e9nyelmes \u00e9s j\u00f3l haszn\u00e1lhat\u00f3 csal\u00e1di aut\u00f3nak bizonyult, amely k\u00fcl\u00f6n\u00f6sen aut\u00f3p\u00e1ly\u00e1n \u00e9s v\u00e1rosi forgalomban mutatja meg er\u0151ss\u00e9geit. A hibrid rendszer m\u0171k\u00f6d\u00e9se finom \u00e9s viszonylag \u00e9szrev\u00e9tlen, b\u00e1r bizonyos helyzetekben a CVT-szer\u0171 karakterisztika miatt a motorhang felp\u00f6r\u00f6ghet, ami szokatlan lehet azok sz\u00e1m\u00e1ra, akik hagyom\u00e1nyos automata v\u00e1lt\u00f3khoz vannak szokva.<\/p>\n","protected":false},"excerpt":{"rendered":"<p>A RAJONG\u00d3K AGG\u00d3DNAK! SOK PLE\/YKA TERJENG ARR\u00d3L TTOK-ON hogy kor\u00e1bban m\u00e1r megpr\u00f3b\u00e1lt \u00f6ngy\/lko\/s\u00e1got v\u00e9gezni! K\u00e9rtem, harcoltam, hogy t\u00e1rsak legy\u00fcnk, egyenrang\u00fa&#8230; <span class=\"gridview-grid-post-read-more\"><a href=\"https:\/\/hirekegyhelyen.live\/24infok\/?p=5470\">read more<span class=\"gridview-sr-only\"> T\u00f6nkrement a h\u00e1zass\u00e1ga \u00e9s az \u00e9lete<\/span><\/a><\/span><\/p>\n","protected":false},"author":1,"featured_media":5471,"comment_status":"open","ping_status":"open","sticky":false,"template":"","format":"standard","meta":{"footnotes":""},"categories":[1],"tags":[],"class_list":["post-5470","post","type-post","status-publish","format-standard","has-post-thumbnail","hentry","category-egyeb","wpcat-1-id"],"_links":{"self":[{"href":"https:\/\/hirekegyhelyen.live\/24infok\/index.php?rest_route=\/wp\/v2\/posts\/5470","targetHints":{"allow":["GET"]}}],"collection":[{"href":"https:\/\/hirekegyhelyen.live\/24infok\/index.php?rest_route=\/wp\/v2\/posts"}],"about":[{"href":"https:\/\/hirekegyhelyen.live\/24infok\/index.php?rest_route=\/wp\/v2\/types\/post"}],"author":[{"embeddable":true,"href":"https:\/\/hirekegyhelyen.live\/24infok\/index.php?rest_route=\/wp\/v2\/users\/1"}],"replies":[{"embeddable":true,"href":"https:\/\/hirekegyhelyen.live\/24infok\/index.php?rest_route=%2Fwp%2Fv2%2Fcomments&post=5470"}],"version-history":[{"count":2,"href":"https:\/\/hirekegyhelyen.live\/24infok\/index.php?rest_route=\/wp\/v2\/posts\/5470\/revisions"}],"predecessor-version":[{"id":5475,"href":"https:\/\/hirekegyhelyen.live\/24infok\/index.php?rest_route=\/wp\/v2\/posts\/5470\/revisions\/5475"}],"wp:featuredmedia":[{"embeddable":true,"href":"https:\/\/hirekegyhelyen.live\/24infok\/index.php?rest_route=\/wp\/v2\/media\/5471"}],"wp:attachment":[{"href":"https:\/\/hirekegyhelyen.live\/24infok\/index.php?rest_route=%2Fwp%2Fv2%2Fmedia&parent=5470"}],"wp:term":[{"taxonomy":"category","embeddable":true,"href":"https:\/\/hirekegyhelyen.live\/24infok\/index.php?rest_route=%2Fwp%2Fv2%2Fcategories&post=5470"},{"taxonomy":"post_tag","embeddable":true,"href":"https:\/\/hirekegyhelyen.live\/24infok\/index.php?rest_route=%2Fwp%2Fv2%2Ftags&post=5470"}],"curies":[{"name":"wp","href":"https:\/\/api.w.org\/{rel}","templated":true}]}}