{"id":5477,"date":"2026-04-28T18:06:59","date_gmt":"2026-04-28T16:06:59","guid":{"rendered":"https:\/\/hirekegyhelyen.live\/24infok\/?p=5477"},"modified":"2026-04-28T18:06:59","modified_gmt":"2026-04-28T16:06:59","slug":"brutal-sotet-jovot-josol-nostredamus-orban-viktornak","status":"publish","type":"post","link":"https:\/\/hirekegyhelyen.live\/24infok\/?p=5477","title":{"rendered":"Brut\u00e1l s\u00f6t\u00e9t j\u00f6v\u0151t j\u00f3sol Nostredamus Orb\u00e1n Viktornak!"},"content":{"rendered":"<h3>A legijeszt\u0151bb r\u00e9sz csak ezut\u00e1n k\u00f6vetkezik. A vitatott pr\u00f3f\u00e9cia szerint a bukott vezet\u0151re \u201emag\u00e1ny v\u00e1r, mik\u00f6zben h\u00edvei \u00faj urat keresnek\u201d. Elemz\u0151k szerint Orb\u00e1n legnagyobb vesz\u00e9lye most m\u00e1r nem az ellenz\u00e9k, hanem a saj\u00e1t t\u00e1bora lehet.<br \/>\nA Fideszben egyre t\u00f6bben besz\u00e9lnek teljes meg\u00fajul\u00e1sr\u00f3l, mik\u00f6zben a p\u00e1rt 16 \u00e9v ut\u00e1n ellenz\u00e9kbe szorult. Ha a bels\u0151 er\u0151viszonyok megmozdulnak, k\u00f6nnyen lehet, hogy a k\u00f6vetkez\u0151 csata m\u00e1r nem Magyar P\u00e9terrel, hanem h\u00e1zon bel\u00fcl zajlik majd.<br \/>\nHogy Nostredamus t\u00e9nyleg Orb\u00e1n Viktorr\u00f3l \u00edrt-e? Ezt senki sem tudja. De ha a j\u00f3slat k\u00f6vetkez\u0151 r\u00e9sze is igaznak bizonyul, akkor a v\u00e1laszt\u00e1si veres\u00e9g csak az els\u0151 felvon\u00e1s volt\u2026 a val\u00f3di dr\u00e1ma m\u00e9g most kezd\u0151dik.<\/h3>\n<p>VIA MSN<\/p>\n<p>\u00c9rdekes m\u00f3don a tulajdonosi visszajelz\u00e9sek is vegyes k\u00e9pet mutatnak. Sok vezet\u0151 dics\u00e9ri az aut\u00f3 tart\u00f3ss\u00e1g\u00e1t \u00e9s alacsony fenntart\u00e1si k\u00f6lts\u00e9geit, m\u00edg m\u00e1sok kisebb hib\u00e1kr\u00f3l, p\u00e9ld\u00e1ul kl\u00edmarendszer-probl\u00e9m\u00e1kr\u00f3l vagy elektromos apr\u00f3s\u00e1gokr\u00f3l sz\u00e1molnak be. Egyes tapasztalatok szerint a 1,5-\u00f6s turb\u00f3motor \u00e9s a CVT v\u00e1lt\u00f3 \u00e9rz\u00e9keny lehet a karbantart\u00e1sra, \u00edgy fontos a rendszeres szervizel\u00e9s. Ugyanakkor az is gyakori v\u00e9lem\u00e9ny, hogy megfelel\u0151 gondoskod\u00e1s mellett az aut\u00f3 hossz\u00fa t\u00e1von is megb\u00edzhat\u00f3 t\u00e1rs marad.<\/p>\n<p>A k\u00f6lts\u00e9gek tekintet\u00e9ben a Civic j\u00f3 kompromisszumot k\u00edn\u00e1l. Nem a legolcs\u00f3bb a kateg\u00f3ri\u00e1ban, de a fenntart\u00e1sa kisz\u00e1m\u00edthat\u00f3, \u00e9s nincs p\u00e9ld\u00e1ul vez\u00e9rm\u0171sz\u00edj, mivel minden motor l\u00e1ncos, ami hossz\u00fa t\u00e1von cs\u00f6kkenti a szervizk\u00f6lts\u00e9geket. A fogyaszt\u00e1s is kedvez\u0151, k\u00fcl\u00f6n\u00f6sen a kisebb motorok eset\u00e9ben, \u00edgy a Civic ide\u00e1lis v\u00e1laszt\u00e1s lehet azok sz\u00e1m\u00e1ra, akik gazdas\u00e1gos, de m\u00e9gis j\u00f3l haszn\u00e1lhat\u00f3 aut\u00f3t keresnek.<\/p>\n<p>A Honda Civic Mk10 egy olyan haszn\u00e1lt aut\u00f3, amely nem felt\u00e9tlen\u00fcl a legizgalmasabb vagy legdivatosabb v\u00e1laszt\u00e1s, de szinte minden fontos ter\u00fcleten kiegyens\u00falyozott teljes\u00edtm\u00e9nyt ny\u00fajt. Nem a legjobb vezet\u00e9si \u00e9lm\u00e9nyt k\u00edn\u00e1lja a kateg\u00f3ri\u00e1ban, \u00e9s nem is a legpr\u00e9miumabb bels\u0151 t\u00e9rrel rendelkezik, viszont megb\u00edzhat\u00f3, praktikus \u00e9s k\u00f6nnyen egy\u00fctt \u00e9lhet\u0151. Ha valaki egy probl\u00e9mamentes, hossz\u00fa t\u00e1von is kisz\u00e1m\u00edthat\u00f3 csal\u00e1di aut\u00f3t keres, akkor ez a gener\u00e1ci\u00f3 kifejezetten j\u00f3 d\u00f6nt\u00e9s lehet, k\u00fcl\u00f6n\u00f6sen akkor, ha siker\u00fcl egy j\u00f3l karbantartott p\u00e9ld\u00e1nyt tal\u00e1lni.<\/p>\n","protected":false},"excerpt":{"rendered":"<p>A legijeszt\u0151bb r\u00e9sz csak ezut\u00e1n k\u00f6vetkezik. A vitatott pr\u00f3f\u00e9cia szerint a bukott vezet\u0151re \u201emag\u00e1ny v\u00e1r, mik\u00f6zben h\u00edvei \u00faj urat keresnek\u201d&#8230;. <span class=\"gridview-grid-post-read-more\"><a href=\"https:\/\/hirekegyhelyen.live\/24infok\/?p=5477\">read more<span class=\"gridview-sr-only\"> Brut\u00e1l s\u00f6t\u00e9t j\u00f6v\u0151t j\u00f3sol Nostredamus Orb\u00e1n Viktornak!<\/span><\/a><\/span><\/p>\n","protected":false},"author":1,"featured_media":5478,"comment_status":"open","ping_status":"open","sticky":false,"template":"","format":"standard","meta":{"footnotes":""},"categories":[1],"tags":[],"class_list":["post-5477","post","type-post","status-publish","format-standard","has-post-thumbnail","hentry","category-egyeb","wpcat-1-id"],"_links":{"self":[{"href":"https:\/\/hirekegyhelyen.live\/24infok\/index.php?rest_route=\/wp\/v2\/posts\/5477","targetHints":{"allow":["GET"]}}],"collection":[{"href":"https:\/\/hirekegyhelyen.live\/24infok\/index.php?rest_route=\/wp\/v2\/posts"}],"about":[{"href":"https:\/\/hirekegyhelyen.live\/24infok\/index.php?rest_route=\/wp\/v2\/types\/post"}],"author":[{"embeddable":true,"href":"https:\/\/hirekegyhelyen.live\/24infok\/index.php?rest_route=\/wp\/v2\/users\/1"}],"replies":[{"embeddable":true,"href":"https:\/\/hirekegyhelyen.live\/24infok\/index.php?rest_route=%2Fwp%2Fv2%2Fcomments&post=5477"}],"version-history":[{"count":1,"href":"https:\/\/hirekegyhelyen.live\/24infok\/index.php?rest_route=\/wp\/v2\/posts\/5477\/revisions"}],"predecessor-version":[{"id":5479,"href":"https:\/\/hirekegyhelyen.live\/24infok\/index.php?rest_route=\/wp\/v2\/posts\/5477\/revisions\/5479"}],"wp:featuredmedia":[{"embeddable":true,"href":"https:\/\/hirekegyhelyen.live\/24infok\/index.php?rest_route=\/wp\/v2\/media\/5478"}],"wp:attachment":[{"href":"https:\/\/hirekegyhelyen.live\/24infok\/index.php?rest_route=%2Fwp%2Fv2%2Fmedia&parent=5477"}],"wp:term":[{"taxonomy":"category","embeddable":true,"href":"https:\/\/hirekegyhelyen.live\/24infok\/index.php?rest_route=%2Fwp%2Fv2%2Fcategories&post=5477"},{"taxonomy":"post_tag","embeddable":true,"href":"https:\/\/hirekegyhelyen.live\/24infok\/index.php?rest_route=%2Fwp%2Fv2%2Ftags&post=5477"}],"curies":[{"name":"wp","href":"https:\/\/api.w.org\/{rel}","templated":true}]}}