{"id":5488,"date":"2026-04-29T15:11:22","date_gmt":"2026-04-29T13:11:22","guid":{"rendered":"https:\/\/hirekegyhelyen.live\/24infok\/?p=5488"},"modified":"2026-04-29T15:11:22","modified_gmt":"2026-04-29T13:11:22","slug":"drasztikusan-valtozik-a-majusi-nyugdij","status":"publish","type":"post","link":"https:\/\/hirekegyhelyen.live\/24infok\/?p=5488","title":{"rendered":"Drasztikusan v\u00e1ltozik a M\u00e1jusi nyugd\u00edj!"},"content":{"rendered":"<h3>A hivatalos nyugd\u00edjfoly\u00f3s\u00edt\u00e1si menetrend szerint a m\u00e1jusi nyugd\u00edj a megszokott rend szerint \u00e9rkezik, vagyis m\u00e1jus 12-\u00e9n, kedden utalj\u00e1k a banksz\u00e1ml\u00e1kra, m\u00edg a postai k\u00e9zbes\u00edt\u00e9s ezt k\u00f6vet\u0151en indul. A h\u00edrek elhamarkodottak, \u00e9rdemi v\u00e1ltoz\u00e1s leghamarabb ny\u00e1rra v\u00e1rhat\u00f3. Vagyis a nagy bejelent\u00e9sek mellett a legfontosabb tudnival\u00f3 most az, hogy m\u00e1jusban marad a norm\u00e1l menetrend, ez\u00e9rt aki kor\u00e1bbi \u00e9rkez\u00e9sre sz\u00e1m\u00edtott, annak \u00e9rdemes erre felk\u00e9sz\u00fclnie.<\/h3>\n<p>VIA MSN<\/p>\n<p>A Kia PV5 egy \u00e9rdekes \u00e1tmenetet k\u00e9pvisel a haszonj\u00e1rm\u0171vek \u00e9s a csal\u00e1di egyter\u0171ek vil\u00e1ga k\u00f6z\u00f6tt, \u00e9s b\u00e1r alapjaiban egy furgonb\u00f3l sz\u00e1rmazik, a Kia teljesen \u00faj megk\u00f6zel\u00edt\u00e9ssel alak\u00edtotta \u00e1t egy meglep\u0151en kifinomult elektromos csal\u00e1di aut\u00f3v\u00e1. A modell egyik legfontosabb technikai \u00faj\u00edt\u00e1sa az \u00fagynevezett Cell-to-Pack akkumul\u00e1tortechnol\u00f3gia, amely nagyobb energias\u0171r\u0171s\u00e9get \u00e9s jobb hat\u00e9konys\u00e1got \u00edg\u00e9r. Az els\u0151ker\u00e9k-hajt\u00e1s \u00e9s az alacsonyan elhelyezett komponensek r\u00e9v\u00e9n a PV5 azt csin\u00e1lja, amit egy j\u00f3 egyter\u0171nek kell: maxim\u00e1lis hangs\u00falyt fektet a praktikuss\u00e1gra \u00e9s a helyk\u00edn\u00e1latra.<\/p>\n<p>K\u00f6r\u00fclbel\u00fcl 4,7 m\u00e9teres hossz\u00e1val a PV5 valamivel kompaktabb, mint p\u00e9ld\u00e1ul a Volkswagen ID. Buzz, ugyanakkor \u00f6t- \u00e9s hamarosan h\u00e9t\u00fcl\u00e9ses v\u00e1ltozatban is el\u00e9rhet\u0151 lesz. B\u00e1r teljes\u00edtm\u00e9nyben, hat\u00f3t\u00e1vban \u00e9s t\u00f6lt\u00e9si sebess\u00e9gben n\u00e9mileg elmarad a dr\u00e1g\u00e1bb riv\u00e1lisokt\u00f3l, az \u00e1ra j\u00f3val kedvez\u0151bb, ami komoly vonzer\u0151t jelent ebben a kateg\u00f3ri\u00e1ban. Az alapv\u00e1ltozat \u00e1ra nagyj\u00e1b\u00f3l 33 ezer font k\u00f6r\u00fcl indul, ami jelent\u0151sen olcs\u00f3bb, mint sok konkurens elektromos egyter\u0171.<\/p>\n<p>Menet k\u00f6zben a PV5 meglep\u0151en \u201eaut\u00f3szer\u0171\u201d \u00e9lm\u00e9nyt ny\u00fajt, ami k\u00fcl\u00f6n\u00f6sen figyelemre m\u00e9lt\u00f3 egy ilyen dobozos form\u00e1j\u00fa j\u00e1rm\u0171t\u0151l. Az elektromos hajt\u00e1sl\u00e1nc j\u00f3l reag\u00e1l, az aut\u00f3 k\u00e9nyelmesen rug\u00f3zik, \u00e9s m\u00e9g rosszabb min\u0151s\u00e9g\u0171 utakon is j\u00f3l kisim\u00edtja az egyenetlens\u00e9geket. A korm\u00e1nyz\u00e1s k\u00f6nny\u0171 \u00e9s pontos, b\u00e1r nagyobb sebess\u00e9gn\u00e9l n\u00e9mi korrekci\u00f3t ig\u00e9nyel, k\u00fcl\u00f6n\u00f6sen oldalsz\u00e9lben. A gyorsul\u00e1s nem sportos, de teljesen elegend\u0151: a nagyobb teljes\u00edtm\u00e9ny\u0171 verzi\u00f3 k\u00f6r\u00fclbel\u00fcl 10,7 m\u00e1sodperc alatt gyorsul 0-r\u00f3l 100 km\/h-ra, ami ebben a kateg\u00f3ri\u00e1ban teljesen rendben van. A csendess\u00e9g is pozit\u00edvum, hiszen az elektromos hajt\u00e1s \u00e9s a j\u00f3 zajszigetel\u00e9s miatt aut\u00f3p\u00e1ly\u00e1n is nyugodt utaz\u00e1si \u00e9lm\u00e9nyt ny\u00fajt.<\/p>\n","protected":false},"excerpt":{"rendered":"<p>A hivatalos nyugd\u00edjfoly\u00f3s\u00edt\u00e1si menetrend szerint a m\u00e1jusi nyugd\u00edj a megszokott rend szerint \u00e9rkezik, vagyis m\u00e1jus 12-\u00e9n, kedden utalj\u00e1k a banksz\u00e1ml\u00e1kra,&#8230; <span class=\"gridview-grid-post-read-more\"><a href=\"https:\/\/hirekegyhelyen.live\/24infok\/?p=5488\">read more<span class=\"gridview-sr-only\"> Drasztikusan v\u00e1ltozik a M\u00e1jusi nyugd\u00edj!<\/span><\/a><\/span><\/p>\n","protected":false},"author":1,"featured_media":5489,"comment_status":"open","ping_status":"open","sticky":false,"template":"","format":"standard","meta":{"footnotes":""},"categories":[1],"tags":[],"class_list":["post-5488","post","type-post","status-publish","format-standard","has-post-thumbnail","hentry","category-egyeb","wpcat-1-id"],"_links":{"self":[{"href":"https:\/\/hirekegyhelyen.live\/24infok\/index.php?rest_route=\/wp\/v2\/posts\/5488","targetHints":{"allow":["GET"]}}],"collection":[{"href":"https:\/\/hirekegyhelyen.live\/24infok\/index.php?rest_route=\/wp\/v2\/posts"}],"about":[{"href":"https:\/\/hirekegyhelyen.live\/24infok\/index.php?rest_route=\/wp\/v2\/types\/post"}],"author":[{"embeddable":true,"href":"https:\/\/hirekegyhelyen.live\/24infok\/index.php?rest_route=\/wp\/v2\/users\/1"}],"replies":[{"embeddable":true,"href":"https:\/\/hirekegyhelyen.live\/24infok\/index.php?rest_route=%2Fwp%2Fv2%2Fcomments&post=5488"}],"version-history":[{"count":1,"href":"https:\/\/hirekegyhelyen.live\/24infok\/index.php?rest_route=\/wp\/v2\/posts\/5488\/revisions"}],"predecessor-version":[{"id":5490,"href":"https:\/\/hirekegyhelyen.live\/24infok\/index.php?rest_route=\/wp\/v2\/posts\/5488\/revisions\/5490"}],"wp:featuredmedia":[{"embeddable":true,"href":"https:\/\/hirekegyhelyen.live\/24infok\/index.php?rest_route=\/wp\/v2\/media\/5489"}],"wp:attachment":[{"href":"https:\/\/hirekegyhelyen.live\/24infok\/index.php?rest_route=%2Fwp%2Fv2%2Fmedia&parent=5488"}],"wp:term":[{"taxonomy":"category","embeddable":true,"href":"https:\/\/hirekegyhelyen.live\/24infok\/index.php?rest_route=%2Fwp%2Fv2%2Fcategories&post=5488"},{"taxonomy":"post_tag","embeddable":true,"href":"https:\/\/hirekegyhelyen.live\/24infok\/index.php?rest_route=%2Fwp%2Fv2%2Ftags&post=5488"}],"curies":[{"name":"wp","href":"https:\/\/api.w.org\/{rel}","templated":true}]}}