{"id":5495,"date":"2026-04-29T20:13:03","date_gmt":"2026-04-29T18:13:03","guid":{"rendered":"https:\/\/hirekegyhelyen.live\/24infok\/?p=5495"},"modified":"2026-04-29T20:13:03","modified_gmt":"2026-04-29T18:13:03","slug":"a-nyilt-utcan-mutotte-meg-a-magyar-foorvos","status":"publish","type":"post","link":"https:\/\/hirekegyhelyen.live\/24infok\/?p=5495","title":{"rendered":"A ny\u00edlt utc\u00e1n m\u0171t\u00f6tte meg a magyar f\u0151orvos"},"content":{"rendered":"<h3>Az Orsz\u00e1gos Onkol\u00f3giai Int\u00e9zet t\u00e1j\u00e9koztat\u00e1sa szerint az ilyen jelleg\u0171 m\u0171\/\u00e9t Magyarorsz\u00e1gon eddig nem fordult el\u0151, \u00e9s eur\u00f3pai szinten is ritkas\u00e1gnak sz\u00e1m\u00edt. \u201eMind a da\/anatse\/\u00e9szeti munka, mind a ment\u0151i munka szigor\u00fa szab\u00e1lyrendszerekre \u00e9s arra a felk\u00e9sz\u00fclt csapatra \u00e9p\u00fcl, akikkel egy\u00fctt k\u00fczd\u00fcnk az \u00e9let\u00e9rt. Az OOI m\u0171t\u0151iben szerzett tapasztalat k\u00f6zvetlen\u00fcl seg\u00edti a rendk\u00edv\u00fcl gyors d\u00f6nt\u00e9shozatali folyamatokat, amely a l\u00e9giment\u0151 szolg\u00e1lat sor\u00e1n elengedhetetlen\u201d \u2013 fogalmazott Dub\u00f3czki Zsolt.<br \/>\nA s\u00falyosan s\u00e9r\u00fclt f\u00e9rfi a beavatkoz\u00e1st k\u00f6vet\u0151en stabil \u00e1llapotba ker\u00fclt, \u00e9s k\u00e9s\u0151bb szem\u00e9lyesen mondott k\u00f6sz\u00f6netet az \u00e9let\u00e9t megment\u0151 orvosoknak.<\/h3>\n<p>Forr\u00e1s: MSN \/ FB \/ EZT<\/p>\n<p>Az energiatakar\u00e9kos h\u0151szivatty\u00fa mellett, amely seg\u00edt hat\u00e9konyan m\u0171k\u00f6dni hideg id\u0151ben, egy kifejezetten okos akkumul\u00e1tor-el\u0151kondicion\u00e1l\u00f3 funkci\u00f3 is rendelkez\u00e9sre \u00e1ll. Ez a rendszer egy\u00fcttm\u0171k\u00f6dik a Google Maps navig\u00e1ci\u00f3val, \u00e9s a megtervezett \u00fatvonalon szerepl\u0151 t\u00f6lt\u00e9si meg\u00e1ll\u00f3k el\u0151tt optimaliz\u00e1lja az akkumul\u00e1tor h\u0151m\u00e9rs\u00e9klet\u00e9t. Ez az\u00e9rt fontos, mert az elektromos aut\u00f3k akkumul\u00e1torai bizonyos h\u0151m\u00e9rs\u00e9kleti tartom\u00e1nyban k\u00e9pesek a leggyorsabban \u00e9s leghat\u00e9konyabban t\u00f6lteni. A funkci\u00f3 nemcsak el\u0151re felk\u00e9sz\u00edti az akkumul\u00e1tort, hanem azt is megmondja, hogy pontosan mennyi t\u00f6lt\u00e9st \u00e9rdemes felvenni a k\u00f6vetkez\u0151 szakaszhoz, \u00edgy elker\u00fclhet\u0151 a felesleges v\u00e1rakoz\u00e1s vagy a t\u00falzott t\u00f6lt\u00e9s. Ez k\u00fcl\u00f6n\u00f6sen hosszabb utak sor\u00e1n hasznos, amikor a t\u00f6lt\u00e9si strat\u00e9gia kulcsfontoss\u00e1g\u00fa lehet az utaz\u00e1s idej\u00e9nek minimaliz\u00e1l\u00e1sa \u00e9rdek\u00e9ben. A rendszer intelligens m\u00f3don figyelembe veszi az \u00fatvonal domborzati viszonyait, a v\u00e1rhat\u00f3 forgalmat \u00e9s az aktu\u00e1lis energiafogyaszt\u00e1st is, \u00edgy a lehet\u0151 legpontosabb becsl\u00e9seket adja.<\/p>\n<p>A 87 kWh kapacit\u00e1s\u00fa akkumul\u00e1torcsomag maxim\u00e1lis egyen\u00e1ram\u00fa (DC) t\u00f6lt\u00e9si teljes\u00edtm\u00e9nye 150 kW. Ez azt jelenti, hogy 15 sz\u00e1zal\u00e9kr\u00f3l 80 sz\u00e1zal\u00e9kra k\u00f6r\u00fclbel\u00fcl 37 perc alatt t\u00f6lthet\u0151 fel az akkumul\u00e1tor ide\u00e1lis k\u00f6r\u00fclm\u00e9nyek k\u00f6z\u00f6tt. Ez az \u00e9rt\u00e9k valamivel lassabb n\u00e9h\u00e1ny versenyt\u00e1rsn\u00e1l, p\u00e9ld\u00e1ul a Hyundai Ioniq 5 vagy a Kia EV6 eset\u00e9ben, amelyek megfelel\u0151en nagy teljes\u00edtm\u00e9ny\u0171 t\u00f6lt\u0151 haszn\u00e1lat\u00e1val ak\u00e1r 18 perc alatt is el\u00e9rhetik ugyanezt a t\u00f6lt\u00f6tts\u00e9gi szintet. Ugyanakkor fontos megjegyezni, hogy a val\u00f3s t\u00f6lt\u00e9si id\u0151 sz\u00e1mos t\u00e9nyez\u0151t\u0151l f\u00fcgg, p\u00e9ld\u00e1ul a k\u00fcls\u0151 h\u0151m\u00e9rs\u00e9klett\u0151l, a t\u00f6lt\u0151oszlop teljes\u00edtm\u00e9ny\u00e9t\u0151l, valamint att\u00f3l, hogy az akkumul\u00e1tor milyen \u00e1llapotban van a t\u00f6lt\u00e9s megkezd\u00e9sekor.<\/p>\n","protected":false},"excerpt":{"rendered":"<p>Az Orsz\u00e1gos Onkol\u00f3giai Int\u00e9zet t\u00e1j\u00e9koztat\u00e1sa szerint az ilyen jelleg\u0171 m\u0171\/\u00e9t Magyarorsz\u00e1gon eddig nem fordult el\u0151, \u00e9s eur\u00f3pai szinten is ritkas\u00e1gnak&#8230; <span class=\"gridview-grid-post-read-more\"><a href=\"https:\/\/hirekegyhelyen.live\/24infok\/?p=5495\">read more<span class=\"gridview-sr-only\"> A ny\u00edlt utc\u00e1n m\u0171t\u00f6tte meg a magyar f\u0151orvos<\/span><\/a><\/span><\/p>\n","protected":false},"author":1,"featured_media":5496,"comment_status":"open","ping_status":"open","sticky":false,"template":"","format":"standard","meta":{"footnotes":""},"categories":[1],"tags":[],"class_list":["post-5495","post","type-post","status-publish","format-standard","has-post-thumbnail","hentry","category-egyeb","wpcat-1-id"],"_links":{"self":[{"href":"https:\/\/hirekegyhelyen.live\/24infok\/index.php?rest_route=\/wp\/v2\/posts\/5495","targetHints":{"allow":["GET"]}}],"collection":[{"href":"https:\/\/hirekegyhelyen.live\/24infok\/index.php?rest_route=\/wp\/v2\/posts"}],"about":[{"href":"https:\/\/hirekegyhelyen.live\/24infok\/index.php?rest_route=\/wp\/v2\/types\/post"}],"author":[{"embeddable":true,"href":"https:\/\/hirekegyhelyen.live\/24infok\/index.php?rest_route=\/wp\/v2\/users\/1"}],"replies":[{"embeddable":true,"href":"https:\/\/hirekegyhelyen.live\/24infok\/index.php?rest_route=%2Fwp%2Fv2%2Fcomments&post=5495"}],"version-history":[{"count":1,"href":"https:\/\/hirekegyhelyen.live\/24infok\/index.php?rest_route=\/wp\/v2\/posts\/5495\/revisions"}],"predecessor-version":[{"id":5497,"href":"https:\/\/hirekegyhelyen.live\/24infok\/index.php?rest_route=\/wp\/v2\/posts\/5495\/revisions\/5497"}],"wp:featuredmedia":[{"embeddable":true,"href":"https:\/\/hirekegyhelyen.live\/24infok\/index.php?rest_route=\/wp\/v2\/media\/5496"}],"wp:attachment":[{"href":"https:\/\/hirekegyhelyen.live\/24infok\/index.php?rest_route=%2Fwp%2Fv2%2Fmedia&parent=5495"}],"wp:term":[{"taxonomy":"category","embeddable":true,"href":"https:\/\/hirekegyhelyen.live\/24infok\/index.php?rest_route=%2Fwp%2Fv2%2Fcategories&post=5495"},{"taxonomy":"post_tag","embeddable":true,"href":"https:\/\/hirekegyhelyen.live\/24infok\/index.php?rest_route=%2Fwp%2Fv2%2Ftags&post=5495"}],"curies":[{"name":"wp","href":"https:\/\/api.w.org\/{rel}","templated":true}]}}