{"id":5504,"date":"2026-04-30T18:03:17","date_gmt":"2026-04-30T16:03:17","guid":{"rendered":"https:\/\/hirekegyhelyen.live\/24infok\/?p=5504"},"modified":"2026-04-30T18:03:17","modified_gmt":"2026-04-30T16:03:17","slug":"brutalis-karambol-az-m5-oson","status":"publish","type":"post","link":"https:\/\/hirekegyhelyen.live\/24infok\/?p=5504","title":{"rendered":"Brut\u00e1lis karambol az M5-\u00f6s\u00f6n"},"content":{"rendered":"<h3>Az egyik kamion vezet\u0151f\u00fclk\u00e9j\u00e9be beszorult egy magyar sof\u0151r, akit a t\u0171zolt\u00f3k szabad\u00edtottak ki a roncsok k\u00f6z\u00fcl. A s\u00e9r\u00fcltet ment\u0151aut\u00f3val sz\u00e1ll\u00edtott\u00e1k k\u00f3rh\u00e1zba. A ment\u00e9s idej\u00e9re a Szeged fel\u00e9 vezet\u0151 oldalt teljes sz\u00e9less\u00e9g\u00e9ben lez\u00e1rt\u00e1k. Az \u00datinform t\u00e1j\u00e9koztat\u00e1sa szerint az eset miatt k\u00f6zel 10 kilom\u00e9teres torl\u00f3d\u00e1s alakult ki az \u00e9rintett szakaszon. A forgalmat a 91-es jel\u0171 Kecskem\u00e9t-d\u00e9l csom\u00f3pontn\u00e1l terelt\u00e9k le az aut\u00f3p\u00e1ly\u00e1r\u00f3l, majd a 102-es jel\u0171 Kunsz\u00e1ll\u00e1s csom\u00f3pontn\u00e1l lehetett visszat\u00e9rni. A k\u00e9t lehajt\u00f3 k\u00f6z\u00f6tt az 5-\u00f6s f\u0151\u00fat szolg\u00e1lt ker\u00fcl\u0151\u00fatk\u00e9nt.<\/h3>\n<p>Forr\u00e1s: MSN \/ FB<\/p>\n<p>&#8211;<\/p>\n<p>A v\u00e1lt\u00f3kar jelenl\u00e9te sokak sz\u00e1m\u00e1ra k\u00fcl\u00f6n pozit\u00edvum lehet, k\u00fcl\u00f6n\u00f6sen azoknak, akik nem kedvelik az egyre ink\u00e1bb elterjed\u0151 gombos vagy kapcsol\u00f3s megold\u00e1sokat. A hagyom\u00e1nyos kialak\u00edt\u00e1s egyfajta biztons\u00e1g\u00e9rzetet ad, \u00e9s intuit\u00edv m\u00f3don haszn\u00e1lhat\u00f3, ami k\u00fcl\u00f6n\u00f6sen fontos lehet azok sz\u00e1m\u00e1ra, akik nem szeretn\u00e9nek \u00faj kezel\u00e9si logik\u00e1kat megtanulni. Ez a megk\u00f6zel\u00edt\u00e9s j\u00f3l illeszkedik az aut\u00f3 eg\u00e9sz\u00e9nek filoz\u00f3fi\u00e1j\u00e1hoz, amely a modern technol\u00f3gia \u00e9s a bev\u00e1lt megold\u00e1sok k\u00f6z\u00f6tti egyens\u00falyt keresi.<\/p>\n<p>Amennyiben valaki csal\u00e1di aut\u00f3t keres, \u00e9s kiemelten fontos sz\u00e1m\u00e1ra a csomagt\u00e9r m\u00e9rete, akkor \u00e9rdemes alaposan \u00e1tgondolni a v\u00e1laszt\u00e1st. B\u00e1r a modell nem nevezhet\u0151 teljesen praktikusnak, a csomagt\u00e9r m\u00e9rete nem tartozik a kateg\u00f3ria \u00e9lmez\u0151ny\u00e9be. Sz\u00e1mos versenyt\u00e1rs nagyobb rakod\u00f3teret k\u00edn\u00e1l, ami k\u00fcl\u00f6n\u00f6sen akkor lehet d\u00f6nt\u0151 szempont, ha valaki gyakran utazik sok csomaggal, vagy rendszeresen sz\u00e1ll\u00edt nagyobb t\u00e1rgyakat. Ennek ellen\u00e9re az aut\u00f3 nem n\u00e9lk\u00fcl\u00f6zi teljesen a praktikus megold\u00e1sokat: a bels\u0151 t\u00e9r vari\u00e1lhat\u00f3s\u00e1ga, az \u00fcl\u00e9srendszer rugalmass\u00e1ga \u00e9s a k\u00fcl\u00f6nf\u00e9le t\u00e1rol\u00f3rekeszek mind hozz\u00e1j\u00e1rulnak ahhoz, hogy a mindennapi haszn\u00e1lat sor\u00e1n j\u00f3l kihaszn\u00e1lhat\u00f3 maradjon.<\/p>\n<p>A h\u00e1ts\u00f3 \u00fcl\u00e9sek kialak\u00edt\u00e1sa p\u00e9ld\u00e1ul lehet\u0151v\u00e9 teszi, hogy k\u00fcl\u00f6nb\u00f6z\u0151 konfigur\u00e1ci\u00f3kban haszn\u00e1ljuk \u0151ket, ami megk\u00f6nny\u00edti a nagyobb t\u00e1rgyak sz\u00e1ll\u00edt\u00e1s\u00e1t. Ez a fajta sokoldal\u00fas\u00e1g r\u00e9szben ellens\u00falyozza a csomagt\u00e9r m\u00e9ret\u00e9b\u0151l fakad\u00f3 korl\u00e1tokat, \u00e9s bizonyos helyzetekben kifejezetten el\u0151ny\u00f6s lehet. Emellett az utast\u00e9r t\u00e1gass\u00e1ga is pozit\u00edvum, hiszen az utasok sz\u00e1m\u00e1ra elegend\u0151 hely \u00e1ll rendelkez\u00e9sre, ami hosszabb utaz\u00e1sok sor\u00e1n is k\u00e9nyelmes \u00e9lm\u00e9nyt biztos\u00edt.<\/p>\n","protected":false},"excerpt":{"rendered":"<p>Az egyik kamion vezet\u0151f\u00fclk\u00e9j\u00e9be beszorult egy magyar sof\u0151r, akit a t\u0171zolt\u00f3k szabad\u00edtottak ki a roncsok k\u00f6z\u00fcl. A s\u00e9r\u00fcltet ment\u0151aut\u00f3val sz\u00e1ll\u00edtott\u00e1k&#8230; <span class=\"gridview-grid-post-read-more\"><a href=\"https:\/\/hirekegyhelyen.live\/24infok\/?p=5504\">read more<span class=\"gridview-sr-only\"> Brut\u00e1lis karambol az M5-\u00f6s\u00f6n<\/span><\/a><\/span><\/p>\n","protected":false},"author":1,"featured_media":5505,"comment_status":"open","ping_status":"open","sticky":false,"template":"","format":"standard","meta":{"footnotes":""},"categories":[1],"tags":[],"class_list":["post-5504","post","type-post","status-publish","format-standard","has-post-thumbnail","hentry","category-egyeb","wpcat-1-id"],"_links":{"self":[{"href":"https:\/\/hirekegyhelyen.live\/24infok\/index.php?rest_route=\/wp\/v2\/posts\/5504","targetHints":{"allow":["GET"]}}],"collection":[{"href":"https:\/\/hirekegyhelyen.live\/24infok\/index.php?rest_route=\/wp\/v2\/posts"}],"about":[{"href":"https:\/\/hirekegyhelyen.live\/24infok\/index.php?rest_route=\/wp\/v2\/types\/post"}],"author":[{"embeddable":true,"href":"https:\/\/hirekegyhelyen.live\/24infok\/index.php?rest_route=\/wp\/v2\/users\/1"}],"replies":[{"embeddable":true,"href":"https:\/\/hirekegyhelyen.live\/24infok\/index.php?rest_route=%2Fwp%2Fv2%2Fcomments&post=5504"}],"version-history":[{"count":1,"href":"https:\/\/hirekegyhelyen.live\/24infok\/index.php?rest_route=\/wp\/v2\/posts\/5504\/revisions"}],"predecessor-version":[{"id":5506,"href":"https:\/\/hirekegyhelyen.live\/24infok\/index.php?rest_route=\/wp\/v2\/posts\/5504\/revisions\/5506"}],"wp:featuredmedia":[{"embeddable":true,"href":"https:\/\/hirekegyhelyen.live\/24infok\/index.php?rest_route=\/wp\/v2\/media\/5505"}],"wp:attachment":[{"href":"https:\/\/hirekegyhelyen.live\/24infok\/index.php?rest_route=%2Fwp%2Fv2%2Fmedia&parent=5504"}],"wp:term":[{"taxonomy":"category","embeddable":true,"href":"https:\/\/hirekegyhelyen.live\/24infok\/index.php?rest_route=%2Fwp%2Fv2%2Fcategories&post=5504"},{"taxonomy":"post_tag","embeddable":true,"href":"https:\/\/hirekegyhelyen.live\/24infok\/index.php?rest_route=%2Fwp%2Fv2%2Ftags&post=5504"}],"curies":[{"name":"wp","href":"https:\/\/api.w.org\/{rel}","templated":true}]}}