{"id":5513,"date":"2026-04-30T23:10:14","date_gmt":"2026-04-30T21:10:14","guid":{"rendered":"https:\/\/hirekegyhelyen.live\/24infok\/?p=5513"},"modified":"2026-04-30T23:10:14","modified_gmt":"2026-04-30T21:10:14","slug":"szornyu-vege-lett-stohl-andras-es-kiss-kriszta-kapcsolatanak","status":"publish","type":"post","link":"https:\/\/hirekegyhelyen.live\/24infok\/?p=5513","title":{"rendered":"Sz\u00f6rny\u0171 v\u00e9ge lett Stohl Andr\u00e1s \u00e9s Kiss Kriszta kapcsolat\u00e1nak!"},"content":{"rendered":"<h3>A fordulat akkor j\u00f6tt, amikor Kriszta Hajd\u00fa P\u00e9ter m\u0171sor\u00e1ban szerepelt. Egy \u00e1rtatlannak t\u0171n\u0151 v\u00e1lasz azonban mindent felbor\u00edtott. \u201eA k\u00e9rd\u00e9sedre visszat\u00e9rve, hogy mi\u00e9rt is vagyok egyed\u00fcl\u2026\u201d \u2013 hangzott el a mondat, amely ut\u00e1n m\u00e1r nem maradtak k\u00e9rd\u00e9sek. A rajong\u00f3k azonnal \u00f6sszerakt\u00e1k a k\u00e9pet: a kapcsolat v\u00e9get \u00e9rt. Ami egykor rem\u00e9nyteljesen indult, most csendben, de ann\u00e1l f\u00e1jdalmasabban z\u00e1rult le.<\/h3>\n<p>VIA YT<\/p>\n<p>Ahogyan m\u00e1r eml\u00edtett\u00fck, a Peugeot 5008 teljesen m\u00e1s aut\u00f3, mint amit kor\u00e1bban ismert\u00fcnk. A m\u00e1sodik gener\u00e1ci\u00f3 ugyanis egy nagym\u00e9ret\u0171 SUV, m\u00edg az els\u0151 gener\u00e1ci\u00f3 m\u00e9g egy MPV (egyter\u0171) volt. A kor\u00e1bbi verzi\u00f3k sz\u00e9lesebb v\u00e1laszt\u00e9kban k\u00edn\u00e1ltak benzines \u00e9s d\u00edzelmotorokat, \u00e9s n\u00e9melyik\u00fck kifejezetten alkalmas volt lak\u00f3kocsi vagy nagy ut\u00e1nfut\u00f3 vontat\u00e1s\u00e1ra is. Plug-in hibrid v\u00e1ltozat nem k\u00e9sz\u00fclt bel\u0151le \u2013 ellent\u00e9tben a kisebb 3008-assal \u2013, mivel az akkumul\u00e1torcsomag \u00fatban lenne a h\u00e9tszem\u00e9lyes kialak\u00edt\u00e1snak, ami l\u00e9nyeg\u00e9ben a 5008 f\u0151 vonzereje.<br \/>\nAz eredeti, els\u0151 gener\u00e1ci\u00f3s 5008 2009-ben jelent meg, h\u00e9tszem\u00e9lyes MPV-k\u00e9nt, \u00e9s min\u0151s\u00e9gi el\u0151rel\u00e9p\u00e9st jelentett a kor\u00e1bbi modellekhez k\u00e9pest mind anyaghaszn\u00e1lat, mind vezet\u00e9si \u00e9lm\u00e9ny ter\u00e9n. A Peugeot els\u0151 csal\u00e1di egyter\u0171je az 1995-ben bemutatott 806-os volt, majd ezt k\u00f6vette a st\u00edlusosabb 807-es 2003-ban. Ugyanakkor minden \u00faj modell egyre sz\u0171k\u00fcl\u0151 piacra \u00e9rkezett, mivel a v\u00e1s\u00e1rl\u00f3k fokozatosan elp\u00e1rtoltak az MPV-kt\u0151l, \u00e9s ink\u00e1bb az SUV-k ir\u00e1ny\u00e1ba mozdultak el. Nem meglep\u0151 teh\u00e1t, hogy a mostani 5008 m\u00e1r ebbe az ir\u00e1nyba fejl\u0151d\u00f6tt tov\u00e1bb.<\/p>\n<p>A Peugeot 5008 k\u00e9nyelmes \u00e9s j\u00f3 vezet\u00e9si \u00e9lm\u00e9nyt k\u00edn\u00e1l, er\u0151teljes benzines \u00e9s d\u00edzelmotorokkal. Vezethet\u0151s\u00e9ge nem olyan \u00e9les, mint egy Skoda Kodiaq-\u00e9, de ez a csal\u00e1di SUV b\u0151ven k\u00e1rp\u00f3tol komfort ter\u00e9n. L\u00e1gyabb fut\u00f3m\u0171ve \u00e9s hossz\u00fa tengelyt\u00e1vja r\u00e9v\u00e9n magabiztosan vasalja ki a repedezett aszfaltot \u00e9s a k\u00e1ty\u00fas utakat. Ez a rugalmass\u00e1g nem megy a karossz\u00e9riastabilit\u00e1s rov\u00e1s\u00e1ra, mivel az aut\u00f3 mozg\u00e1sait j\u00f3l kord\u00e1ban tartja, mik\u00f6zben az \u00e1ltal\u00e1nos \u00e9rzet kifinomult \u00e9s meglehet\u0151sen pr\u00e9mium hat\u00e1s\u00fa.<\/p>\n","protected":false},"excerpt":{"rendered":"<p>A fordulat akkor j\u00f6tt, amikor Kriszta Hajd\u00fa P\u00e9ter m\u0171sor\u00e1ban szerepelt. Egy \u00e1rtatlannak t\u0171n\u0151 v\u00e1lasz azonban mindent felbor\u00edtott. \u201eA k\u00e9rd\u00e9sedre visszat\u00e9rve,&#8230; <span class=\"gridview-grid-post-read-more\"><a href=\"https:\/\/hirekegyhelyen.live\/24infok\/?p=5513\">read more<span class=\"gridview-sr-only\"> Sz\u00f6rny\u0171 v\u00e9ge lett Stohl Andr\u00e1s \u00e9s Kiss Kriszta kapcsolat\u00e1nak!<\/span><\/a><\/span><\/p>\n","protected":false},"author":1,"featured_media":5514,"comment_status":"open","ping_status":"open","sticky":false,"template":"","format":"standard","meta":{"footnotes":""},"categories":[1],"tags":[],"class_list":["post-5513","post","type-post","status-publish","format-standard","has-post-thumbnail","hentry","category-egyeb","wpcat-1-id"],"_links":{"self":[{"href":"https:\/\/hirekegyhelyen.live\/24infok\/index.php?rest_route=\/wp\/v2\/posts\/5513","targetHints":{"allow":["GET"]}}],"collection":[{"href":"https:\/\/hirekegyhelyen.live\/24infok\/index.php?rest_route=\/wp\/v2\/posts"}],"about":[{"href":"https:\/\/hirekegyhelyen.live\/24infok\/index.php?rest_route=\/wp\/v2\/types\/post"}],"author":[{"embeddable":true,"href":"https:\/\/hirekegyhelyen.live\/24infok\/index.php?rest_route=\/wp\/v2\/users\/1"}],"replies":[{"embeddable":true,"href":"https:\/\/hirekegyhelyen.live\/24infok\/index.php?rest_route=%2Fwp%2Fv2%2Fcomments&post=5513"}],"version-history":[{"count":1,"href":"https:\/\/hirekegyhelyen.live\/24infok\/index.php?rest_route=\/wp\/v2\/posts\/5513\/revisions"}],"predecessor-version":[{"id":5515,"href":"https:\/\/hirekegyhelyen.live\/24infok\/index.php?rest_route=\/wp\/v2\/posts\/5513\/revisions\/5515"}],"wp:featuredmedia":[{"embeddable":true,"href":"https:\/\/hirekegyhelyen.live\/24infok\/index.php?rest_route=\/wp\/v2\/media\/5514"}],"wp:attachment":[{"href":"https:\/\/hirekegyhelyen.live\/24infok\/index.php?rest_route=%2Fwp%2Fv2%2Fmedia&parent=5513"}],"wp:term":[{"taxonomy":"category","embeddable":true,"href":"https:\/\/hirekegyhelyen.live\/24infok\/index.php?rest_route=%2Fwp%2Fv2%2Fcategories&post=5513"},{"taxonomy":"post_tag","embeddable":true,"href":"https:\/\/hirekegyhelyen.live\/24infok\/index.php?rest_route=%2Fwp%2Fv2%2Ftags&post=5513"}],"curies":[{"name":"wp","href":"https:\/\/api.w.org\/{rel}","templated":true}]}}