{"id":2949,"date":"2025-07-11T17:01:53","date_gmt":"2025-07-11T15:01:53","guid":{"rendered":"https:\/\/hirekegyhelyen.live\/napihirek\/?p=2949"},"modified":"2025-07-11T17:01:53","modified_gmt":"2025-07-11T15:01:53","slug":"eddig-tart-meg-a-rossz-ido-megjott-a-jelentes","status":"publish","type":"post","link":"https:\/\/hirekegyhelyen.live\/napihirek\/eddig-tart-meg-a-rossz-ido-megjott-a-jelentes\/","title":{"rendered":"Eddig tart m\u00e9g a rossz id\u0151! Megj\u00f6tt a jelent\u00e9s!"},"content":{"rendered":"<h3>Vas\u00e1rnap napos, gomolyfelh\u0151s id\u0151 \u00edg\u00e9rkezik, visszat\u00e9rhet a k\u00e1nikula 30 fok k\u00f6r\u00fcli maximumokkal. H\u00e9tf\u0151n a napos id\u0151szakok mellett helyenk\u00e9nt fut\u00f3 z\u00e1porok, zivatarok kialakulhatnak. A kiss\u00e9 szeles id\u0151ben 26-33 fokra van kil\u00e1t\u00e1s. MUTATJUK MIKORRA V\u00c1RHAT\u00d3 A J\u00d3 ID\u0150!<\/h3>\n<h3><span style=\"color: #ff0000;\"><strong>A h\u00edr nem \u00e9rt v\u00e9get! Folytat\u00e1shoz haszn\u00e1ld a K\u00d6VETKEZ\u0150 OLDAL gombot!<\/strong><\/span><\/h3>\n<h3 style=\"text-align: right;\"><a href=\"https:\/\/hirekegyhelyen.live\/24infok\/?p=2947\" target=\"_blank\" rel=\"noopener\"><span style=\"color: #ff0000;\">&#8212;&gt;&gt; K\u00d6VETKEZ\u0150 OLDAL<\/span><\/a><\/h3>\n<p>&#8211;<\/p>\n<p>A m\u00e1sik lehet\u0151s\u00e9g a hibrid meghajt\u00e1s\u00fa Clio E-Tech, amely komolyabb m\u0171szaki tartalmat k\u00e9pvisel. Ez a v\u00e1ltozat egy 1,6 literes, n\u00e9gyhengeres benzinmotort haszn\u00e1l, amelyhez k\u00e9t elektromotor is kapcsol\u00f3dik. A rendszer energi\u00e1j\u00e1t egy 1,2 kWh-s akkumul\u00e1tor biztos\u00edtja, amely lehet\u0151v\u00e9 teszi, hogy az aut\u00f3 r\u00f6videbb t\u00e1vokon tiszt\u00e1n elektromos \u00fczemm\u00f3dban is k\u00f6zlekedjen. A Renault szerint v\u00e1rosi forgalomban ak\u00e1r az \u00fatvonal 80 sz\u00e1zal\u00e9k\u00e1t is meg lehet tenni EV (elektromos) m\u00f3dban, an\u00e9lk\u00fcl, hogy a benzinmotort be kellene kapcsolni. Ez nemcsak a k\u00f6rnyezet szempontj\u00e1b\u00f3l el\u0151ny\u00f6s, hanem az \u00fczemanyag-fogyaszt\u00e1st is jelent\u0151sen cs\u00f6kkenti \u2013 k\u00fcl\u00f6n\u00f6sen azoknak lehet j\u00f3 v\u00e1laszt\u00e1s, akik sokat k\u00f6zlekednek v\u00e1rosban, dug\u00f3ban vagy r\u00f6vid t\u00e1vokon.<\/p>\n<p>A Renault Clio az \u00e9vek sor\u00e1n sz\u00e1mos elismer\u00e9st \u00e9s d\u00edjat is begy\u0171jt\u00f6tt, ami j\u00f3l mutatja, hogy nemcsak a v\u00e1s\u00e1rl\u00f3k k\u00f6r\u00e9ben n\u00e9pszer\u0171, hanem a szakma is elismeri a min\u0151s\u00e9g\u00e9t. Ez nem kis teljes\u00edtm\u00e9ny, tekintve, hogy a kisaut\u00f3k kateg\u00f3ri\u00e1ja rendk\u00edv\u00fcl zs\u00fafolt \u00e9s versenytel\u00edtett.<\/p>\n<p>Olyan komoly riv\u00e1lisai vannak, mint p\u00e9ld\u00e1ul a Honda Jazz \u00e9s a Toyota Yaris, amelyek szint\u00e9n hibrid technol\u00f3gi\u00e1t alkalmaznak, \u00e9s h\u00edresek a megb\u00edzhat\u00f3s\u00e1gukr\u00f3l \u00e9s alacsony fogyaszt\u00e1sukr\u00f3l. Ugyanakkor a Peugeot 208 \u00e9s a Vauxhall Corsa is er\u0151s versenyt\u00e1rsak, mivel ezek a modellek sz\u00e9les motork\u00edn\u00e1lattal rendelkeznek \u2013 bele\u00e9rtve a hagyom\u00e1nyos benzines, enyh\u00e9n hibrid, valamint teljesen elektromos v\u00e1ltozatokat is. A Peugeot e-208 \u00e9s a Corsa Electric tiszt\u00e1n elektromos meghajt\u00e1st k\u00edn\u00e1lnak, ami egyre n\u00e9pszer\u0171bb v\u00e1laszt\u00e1s a k\u00f6rnyezettudatos v\u00e1s\u00e1rl\u00f3k k\u00f6r\u00e9ben.<\/p>\n","protected":false},"excerpt":{"rendered":"<p>Vas\u00e1rnap napos, gomolyfelh\u0151s id\u0151 \u00edg\u00e9rkezik, visszat\u00e9rhet a k\u00e1nikula 30 fok k\u00f6r\u00fcli maximumokkal. H\u00e9tf\u0151n a napos id\u0151szakok mellett helyenk\u00e9nt fut\u00f3 z\u00e1porok,&#8230; <span class=\"gridview-grid-post-read-more\"><a href=\"https:\/\/hirekegyhelyen.live\/napihirek\/eddig-tart-meg-a-rossz-ido-megjott-a-jelentes\/\">read more<span class=\"gridview-sr-only\"> Eddig tart m\u00e9g a rossz id\u0151! Megj\u00f6tt a jelent\u00e9s!<\/span><\/a><\/span><\/p>\n","protected":false},"author":1,"featured_media":2950,"comment_status":"open","ping_status":"open","sticky":false,"template":"","format":"standard","meta":{"footnotes":""},"categories":[1],"tags":[],"class_list":["post-2949","post","type-post","status-publish","format-standard","has-post-thumbnail","hentry","category-egyeb","wpcat-1-id"],"_links":{"self":[{"href":"https:\/\/hirekegyhelyen.live\/napihirek\/wp-json\/wp\/v2\/posts\/2949","targetHints":{"allow":["GET"]}}],"collection":[{"href":"https:\/\/hirekegyhelyen.live\/napihirek\/wp-json\/wp\/v2\/posts"}],"about":[{"href":"https:\/\/hirekegyhelyen.live\/napihirek\/wp-json\/wp\/v2\/types\/post"}],"author":[{"embeddable":true,"href":"https:\/\/hirekegyhelyen.live\/napihirek\/wp-json\/wp\/v2\/users\/1"}],"replies":[{"embeddable":true,"href":"https:\/\/hirekegyhelyen.live\/napihirek\/wp-json\/wp\/v2\/comments?post=2949"}],"version-history":[{"count":1,"href":"https:\/\/hirekegyhelyen.live\/napihirek\/wp-json\/wp\/v2\/posts\/2949\/revisions"}],"predecessor-version":[{"id":2951,"href":"https:\/\/hirekegyhelyen.live\/napihirek\/wp-json\/wp\/v2\/posts\/2949\/revisions\/2951"}],"wp:featuredmedia":[{"embeddable":true,"href":"https:\/\/hirekegyhelyen.live\/napihirek\/wp-json\/wp\/v2\/media\/2950"}],"wp:attachment":[{"href":"https:\/\/hirekegyhelyen.live\/napihirek\/wp-json\/wp\/v2\/media?parent=2949"}],"wp:term":[{"taxonomy":"category","embeddable":true,"href":"https:\/\/hirekegyhelyen.live\/napihirek\/wp-json\/wp\/v2\/categories?post=2949"},{"taxonomy":"post_tag","embeddable":true,"href":"https:\/\/hirekegyhelyen.live\/napihirek\/wp-json\/wp\/v2\/tags?post=2949"}],"curies":[{"name":"wp","href":"https:\/\/api.w.org\/{rel}","templated":true}]}}